{"id":5439,"date":"2015-06-26T19:09:39","date_gmt":"2015-06-26T22:09:39","guid":{"rendered":"http:\/\/www.atecordoba.org\/?p=5439"},"modified":"2015-06-26T19:09:39","modified_gmt":"2015-06-26T22:09:39","slug":"ate-reclamo-ante-la-camara-de-acusacion-que-se-reciba-la-prueba-en-la-causa-penal-que-judicializa-a-los-delegados-del-hospital-de-ninos","status":"publish","type":"post","link":"https:\/\/atecordoba.org\/?p=5439","title":{"rendered":"ATE reclam\u00f3 ante la C\u00e1mara de Acusaci\u00f3n en la causa penal que judicializa a los delegados de salud"},"content":{"rendered":"<p><em>El abogado de nuestro gremio argument\u00f3 que el fiscal Caballero se niega a recibir testimonios que avalan la posici\u00f3n de los trabajadores durante el conflicto sindical en los hospitales del 2013.<\/em><\/p>\n<figure id=\"attachment_5440\" aria-describedby=\"caption-attachment-5440\" style=\"width: 550px\" class=\"wp-caption aligncenter\"><a href=\"http:\/\/www.atecordoba.org\/wp-content\/uploads\/2015\/06\/IMG_7437-e1435356194697.jpg\"><img loading=\"lazy\" decoding=\"async\" class=\"wp-image-5440 size-full\" src=\"http:\/\/www.atecordoba.org\/wp-content\/uploads\/2015\/06\/IMG_7437-e1435356194697.jpg\" alt=\"IMG_7437\" width=\"550\" height=\"309\" \/><\/a><figcaption id=\"caption-attachment-5440\" class=\"wp-caption-text\">Biafore (de saco), a su izquierda Santiago Belizan, uno de los delegados imputados, durante una presentaci\u00f3n en la fiscal\u00eda.<\/figcaption><\/figure>\n<p>El mi\u00e9rcoles 24 de junio pasado el abogado de ATE, Eugenio Biafore, se present\u00f3 ante la C\u00e1mara de Acusaci\u00f3n Penal de la justicia provincial para reclamar que ordene al fiscal Pedro Caballero a que reciba testimonios presentados por la defensa de los compa\u00f1eros Santiago Beliz\u00e1n y Virginia L\u00e1zaro, delegados de nuestro gremio, y de Estela Gim\u00e9nez, delegada de UTS, imputados con la figura de \u2018turbaci\u00f3n\u2019 durante la toma del hospital, en el marco del conflicto que envolvi\u00f3 al sector a fines de 2013. Otros dos trabajadores sufren la misma situaci\u00f3n.<\/p>\n<p>Se trata de una denuncia presentada por el director del nosocomio.<\/p>\n<p>Caballero neg\u00f3 a los trabajadores la posibilidad de que otros compa\u00f1eros, as\u00ed como jefes de sector del hospital, se presenten a declarar a favor de los imputados. Posteriormente, un juez de control se expres\u00f3 en el mismo sentido, ambos coartando el derecho a defensa.<\/p>\n<p>Vale se\u00f1alar que Caballero viene con antecedentes de larga data en sus intentos por criminalizar la protesta social, como cuando proces\u00f3 a cuatro dirigentes del Cispren, durante una protesta de ese gremio frente al diario La Voz del interior, y cuando impuso una restricci\u00f3n para que delegados de la UOM de la empresa Valeo no se acercaran a la planta a menos de 500 metros.<\/p>\n<p>La denuncia afirma que, a causa de la medida de fuerza, se impidi\u00f3 el ingreso de proveedores para proveer medicamentos en el hospital, pero precisamente el conflicto se gener\u00f3, entre otras cosas, por la falta de stock de medicamentos que mostraban los dep\u00f3sitos del centro de salud y, por lo tanto, la incapacidad para atender a los pacientes.<\/p>\n<p>Los testigos presentados, incluso los jefes de sector que no se sumaron a la toma del hospital, confirman ese faltante y demuestran la falsedad de la denuncia.<\/p>\n<p>Ya hay otros antecedentes donde la misma c\u00e1mara derog\u00f3 otras imputaciones de dirigentes gremiales, como el caso de los compa\u00f1eros de Luz y Fuerza por las protestas en la Plaza San Mart\u00edn contra la ajuste previsional de Schiaretti en 2009, que fundamentan que el tribunal apoye los argumentos de Biafore, que derivar\u00e1n en la necesaria en el l\u00f3gico desprocesamiento de los compa\u00f1eros.<\/p>\n<p>La denuncia expresa la voluntad pol\u00edtica del gobierno provincial por criminalizar la protesta social, en vez de facilitar los canales de di\u00e1logo para encontrar v\u00edas de soluci\u00f3n a los permanentes problemas de funcionamiento que muestran los hospitales p\u00fablicos provinciales. La negativa de la Direcci\u00f3n del Hospital de Ni\u00f1os a abrir una mesa de relaciones laborales, como s\u00ed lo hicieron recientemente las autoridades del Pasteur de Villa Mar\u00eda, obstaculiza tambi\u00e9n que los delegados de ATE puedan expresar las dificultades que generan a los trabajadores las penosas condiciones de trabajo y los malos salarios del sector.<\/p>\n","protected":false},"excerpt":{"rendered":"<p>El abogado de nuestro gremio argument\u00f3 que el fiscal Caballero se niega a recibir testimonios que avalan la posici\u00f3n de los trabajadores durante el conflicto sindical en los hospitales del 2013. El mi\u00e9rcoles 24 de junio pasado el abogado de ATE, Eugenio Biafore, se present\u00f3 ante la C\u00e1mara de Acusaci\u00f3n Penal de la justicia provincial [&hellip;]<\/p>\n","protected":false},"author":1,"featured_media":19220,"comment_status":"open","ping_status":"open","sticky":false,"template":"","format":"standard","meta":{"_exactmetrics_skip_tracking":false,"_exactmetrics_sitenote_active":false,"_exactmetrics_sitenote_note":"","_exactmetrics_sitenote_category":0,"jnews-multi-image_gallery":[],"jnews_single_post":[],"jnews_primary_category":[],"jnews_social_meta":[],"jnews_review":[],"enable_review":"","type":"","name":"","summary":"","brand":"","sku":"","good":[],"bad":[],"score_override":"","override_value":"","rating":[],"price":[],"jnews_override_counter":[],"jnews_post_split":[],"footnotes":""},"categories":[1],"tags":[],"class_list":["post-5439","post","type-post","status-publish","format-standard","has-post-thumbnail","hentry","category-sin-categoria"],"jetpack_featured_media_url":"https:\/\/atecordoba.org\/wp-content\/uploads\/2020\/05\/logo-nuevochico-e1561581322808.png","_links":{"self":[{"href":"https:\/\/atecordoba.org\/index.php?rest_route=\/wp\/v2\/posts\/5439","targetHints":{"allow":["GET"]}}],"collection":[{"href":"https:\/\/atecordoba.org\/index.php?rest_route=\/wp\/v2\/posts"}],"about":[{"href":"https:\/\/atecordoba.org\/index.php?rest_route=\/wp\/v2\/types\/post"}],"author":[{"embeddable":true,"href":"https:\/\/atecordoba.org\/index.php?rest_route=\/wp\/v2\/users\/1"}],"replies":[{"embeddable":true,"href":"https:\/\/atecordoba.org\/index.php?rest_route=%2Fwp%2Fv2%2Fcomments&post=5439"}],"version-history":[{"count":0,"href":"https:\/\/atecordoba.org\/index.php?rest_route=\/wp\/v2\/posts\/5439\/revisions"}],"wp:featuredmedia":[{"embeddable":true,"href":"https:\/\/atecordoba.org\/index.php?rest_route=\/wp\/v2\/media\/19220"}],"wp:attachment":[{"href":"https:\/\/atecordoba.org\/index.php?rest_route=%2Fwp%2Fv2%2Fmedia&parent=5439"}],"wp:term":[{"taxonomy":"category","embeddable":true,"href":"https:\/\/atecordoba.org\/index.php?rest_route=%2Fwp%2Fv2%2Fcategories&post=5439"},{"taxonomy":"post_tag","embeddable":true,"href":"https:\/\/atecordoba.org\/index.php?rest_route=%2Fwp%2Fv2%2Ftags&post=5439"}],"curies":[{"name":"wp","href":"https:\/\/api.w.org\/{rel}","templated":true}]}}