{"id":5435,"date":"2015-06-25T14:42:13","date_gmt":"2015-06-25T17:42:13","guid":{"rendered":"http:\/\/www.atecordoba.org\/?p=5435"},"modified":"2015-06-25T14:42:13","modified_gmt":"2015-06-25T17:42:13","slug":"nuevo-taller-del-departamento-de-salud","status":"publish","type":"post","link":"https:\/\/atecordoba.org\/?p=5435","title":{"rendered":"Nuevo taller del Departamento de Salud"},"content":{"rendered":"<p><em>El Departamento de Salud realizar\u00e1 ma\u00f1ana un taller para desarrollar el proyecto de jornada laboral de seis horas para el sector hospitalario provincial. El mismo se realizar\u00e1 ma\u00f1ana viernes 26 de junio, de 15 a 18.30 horas en Paran\u00e1 140.<\/em><\/p>\n<p><a href=\"http:\/\/www.atecordoba.org\/wp-content\/uploads\/2015\/06\/taller-26-junio-2015-e1435253889222.jpg\"><img loading=\"lazy\" decoding=\"async\" class=\"aligncenter size-full wp-image-5436\" src=\"http:\/\/www.atecordoba.org\/wp-content\/uploads\/2015\/06\/taller-26-junio-2015-e1435253889222.jpg\" alt=\"taller 26 junio 2015\" width=\"525\" height=\"700\" \/><\/a><\/p>\n","protected":false},"excerpt":{"rendered":"<p>El Departamento de Salud realizar\u00e1 ma\u00f1ana un taller para desarrollar el proyecto de jornada laboral de seis horas para el sector hospitalario provincial. El mismo se realizar\u00e1 ma\u00f1ana viernes 26 de junio, de 15 a 18.30 horas en Paran\u00e1 140.<\/p>\n","protected":false},"author":1,"featured_media":19220,"comment_status":"open","ping_status":"open","sticky":false,"template":"","format":"standard","meta":{"_exactmetrics_skip_tracking":false,"_exactmetrics_sitenote_active":false,"_exactmetrics_sitenote_note":"","_exactmetrics_sitenote_category":0,"jnews-multi-image_gallery":[],"jnews_single_post":[],"jnews_primary_category":[],"jnews_social_meta":[],"jnews_review":[],"enable_review":"","type":"","name":"","summary":"","brand":"","sku":"","good":[],"bad":[],"score_override":"","override_value":"","rating":[],"price":[],"jnews_override_counter":[],"jnews_post_split":[],"footnotes":""},"categories":[104,8],"tags":[],"class_list":["post-5435","post","type-post","status-publish","format-standard","has-post-thumbnail","hentry","category-departamento-de-salud","category-provinciales"],"jetpack_featured_media_url":"https:\/\/atecordoba.org\/wp-content\/uploads\/2020\/05\/logo-nuevochico-e1561581322808.png","_links":{"self":[{"href":"https:\/\/atecordoba.org\/index.php?rest_route=\/wp\/v2\/posts\/5435","targetHints":{"allow":["GET"]}}],"collection":[{"href":"https:\/\/atecordoba.org\/index.php?rest_route=\/wp\/v2\/posts"}],"about":[{"href":"https:\/\/atecordoba.org\/index.php?rest_route=\/wp\/v2\/types\/post"}],"author":[{"embeddable":true,"href":"https:\/\/atecordoba.org\/index.php?rest_route=\/wp\/v2\/users\/1"}],"replies":[{"embeddable":true,"href":"https:\/\/atecordoba.org\/index.php?rest_route=%2Fwp%2Fv2%2Fcomments&post=5435"}],"version-history":[{"count":0,"href":"https:\/\/atecordoba.org\/index.php?rest_route=\/wp\/v2\/posts\/5435\/revisions"}],"wp:featuredmedia":[{"embeddable":true,"href":"https:\/\/atecordoba.org\/index.php?rest_route=\/wp\/v2\/media\/19220"}],"wp:attachment":[{"href":"https:\/\/atecordoba.org\/index.php?rest_route=%2Fwp%2Fv2%2Fmedia&parent=5435"}],"wp:term":[{"taxonomy":"category","embeddable":true,"href":"https:\/\/atecordoba.org\/index.php?rest_route=%2Fwp%2Fv2%2Fcategories&post=5435"},{"taxonomy":"post_tag","embeddable":true,"href":"https:\/\/atecordoba.org\/index.php?rest_route=%2Fwp%2Fv2%2Ftags&post=5435"}],"curies":[{"name":"wp","href":"https:\/\/api.w.org\/{rel}","templated":true}]}}