{"id":5427,"date":"2015-06-22T19:52:06","date_gmt":"2015-06-22T22:52:06","guid":{"rendered":"http:\/\/www.atecordoba.org\/?p=5427"},"modified":"2015-06-22T19:52:06","modified_gmt":"2015-06-22T22:52:06","slug":"hoy-la-junta-electoral-atendera-hasta-las-24-horas","status":"publish","type":"post","link":"https:\/\/atecordoba.org\/?p=5427","title":{"rendered":"Hoy la Junta Electoral atender\u00e1 hasta las 24 horas"},"content":{"rendered":"<p><em>Por disposici\u00f3n de la Junta Electoral, este lunes 22 de junio, la atenci\u00f3n a los afiliados de nuestro gremio para evacuar consultas y\/o presentar lista y avales con vistas a la elecci\u00f3n de autoridades de nuestro gremio para las elecciones del pr\u00f3ximo 2 de septiembre, se extender\u00e1 hasta las 24 horas.<\/em><\/p>\n<p><a href=\"http:\/\/www.atecordoba.org\/wp-content\/uploads\/2015\/06\/urna-e1435013490177.jpg\"><img loading=\"lazy\" decoding=\"async\" class=\"aligncenter size-full wp-image-5428\" src=\"http:\/\/www.atecordoba.org\/wp-content\/uploads\/2015\/06\/urna-e1435013490177.jpg\" alt=\"urna\" width=\"550\" height=\"413\" \/><\/a><\/p>\n<p>De esta forma, la Junta Electoral, que se encuentra en funcionamiento en nuestra sede sindical de Entre R\u00edos 450, est\u00e1 a disposici\u00f3n para atender a los afiliados y receptar tr\u00e1mites vinculados con el acto eleccionario.<\/p>\n<p>&nbsp;<\/p>\n","protected":false},"excerpt":{"rendered":"<p>Por disposici\u00f3n de la Junta Electoral, este lunes 22 de junio, la atenci\u00f3n a los afiliados de nuestro gremio para evacuar consultas y\/o presentar lista y avales con vistas a la elecci\u00f3n de autoridades de nuestro gremio para las elecciones del pr\u00f3ximo 2 de septiembre, se extender\u00e1 hasta las 24 horas. De esta forma, la [&hellip;]<\/p>\n","protected":false},"author":1,"featured_media":19220,"comment_status":"open","ping_status":"open","sticky":false,"template":"","format":"standard","meta":{"_exactmetrics_skip_tracking":false,"_exactmetrics_sitenote_active":false,"_exactmetrics_sitenote_note":"","_exactmetrics_sitenote_category":0,"jnews-multi-image_gallery":[],"jnews_single_post":[],"jnews_primary_category":[],"jnews_social_meta":[],"jnews_review":[],"enable_review":"","type":"","name":"","summary":"","brand":"","sku":"","good":[],"bad":[],"score_override":"","override_value":"","rating":[],"price":[],"jnews_override_counter":[],"jnews_post_split":[],"footnotes":""},"categories":[115],"tags":[],"class_list":["post-5427","post","type-post","status-publish","format-standard","has-post-thumbnail","hentry","category-elecciones-ate-2015"],"jetpack_featured_media_url":"https:\/\/atecordoba.org\/wp-content\/uploads\/2020\/05\/logo-nuevochico-e1561581322808.png","_links":{"self":[{"href":"https:\/\/atecordoba.org\/index.php?rest_route=\/wp\/v2\/posts\/5427","targetHints":{"allow":["GET"]}}],"collection":[{"href":"https:\/\/atecordoba.org\/index.php?rest_route=\/wp\/v2\/posts"}],"about":[{"href":"https:\/\/atecordoba.org\/index.php?rest_route=\/wp\/v2\/types\/post"}],"author":[{"embeddable":true,"href":"https:\/\/atecordoba.org\/index.php?rest_route=\/wp\/v2\/users\/1"}],"replies":[{"embeddable":true,"href":"https:\/\/atecordoba.org\/index.php?rest_route=%2Fwp%2Fv2%2Fcomments&post=5427"}],"version-history":[{"count":0,"href":"https:\/\/atecordoba.org\/index.php?rest_route=\/wp\/v2\/posts\/5427\/revisions"}],"wp:featuredmedia":[{"embeddable":true,"href":"https:\/\/atecordoba.org\/index.php?rest_route=\/wp\/v2\/media\/19220"}],"wp:attachment":[{"href":"https:\/\/atecordoba.org\/index.php?rest_route=%2Fwp%2Fv2%2Fmedia&parent=5427"}],"wp:term":[{"taxonomy":"category","embeddable":true,"href":"https:\/\/atecordoba.org\/index.php?rest_route=%2Fwp%2Fv2%2Fcategories&post=5427"},{"taxonomy":"post_tag","embeddable":true,"href":"https:\/\/atecordoba.org\/index.php?rest_route=%2Fwp%2Fv2%2Ftags&post=5427"}],"curies":[{"name":"wp","href":"https:\/\/api.w.org\/{rel}","templated":true}]}}