{"id":5418,"date":"2015-06-15T18:45:57","date_gmt":"2015-06-15T21:45:57","guid":{"rendered":"http:\/\/www.atecordoba.org\/?p=5418"},"modified":"2020-05-27T10:45:03","modified_gmt":"2020-05-27T13:45:03","slug":"ate-se-reunio-con-la-direccion-del-hospital-pasteur-de-villa-maria","status":"publish","type":"post","link":"https:\/\/atecordoba.org\/?p=5418","title":{"rendered":"ATE se reuni\u00f3 con la direcci\u00f3n del Hospital Pasteur de Villa Mar\u00eda"},"content":{"rendered":"<p><em>Las autoridades del nosocomio recibieron el viernes pasado a los dirigentes de la seccional para formalizar la representaci\u00f3n de los trabajadores del sector, tras el reconocimiento que realiz\u00f3 la Provincia el a\u00f1o pasado. Adem\u00e1s dialogaron sobre las necesidades de personal que expres\u00f3 la \u00faltima asamblea y qued\u00f3 constituida una mesa de relaciones laborales.<\/em><\/p>\n<figure id=\"attachment_5419\" aria-describedby=\"caption-attachment-5419\" style=\"width: 550px\" class=\"wp-caption aligncenter\"><a href=\"http:\/\/atecordoba.org\/wp-content\/uploads\/2020\/05\/reunion-ATE-con-direccion-hosp-pasteur-villa-maria-e1434404630492.jpg\"><img loading=\"lazy\" decoding=\"async\" class=\"wp-image-5419 size-full\" src=\"http:\/\/atecordoba.org\/wp-content\/uploads\/2020\/05\/reunion-ATE-con-direccion-hosp-pasteur-villa-maria-e1434404630492.jpg\" alt=\"reunion ATE con direccion hosp pasteur villa maria\" width=\"550\" height=\"413\" \/><\/a><figcaption id=\"caption-attachment-5419\" class=\"wp-caption-text\">El vicedirector del hospital Ignacio Bruto, la delegada Silvia Godoy, el secretario Adjunto de ATE, Walter Molina, la directora, Liliana Abraham, y el secretario General de la seccional, Walter Secondino.<\/figcaption><\/figure>\n<p>En la oportunidad estuvieron presentes el secretario General de la seccional Villa Mar\u00eda, Walter Secondino, su Adjunto y trabajador del hospital, Arnaldo Molina, y una de las delegadas del sector, Silvia Godoy, junto al secretario de Prensa del Consejo Directivo Provincial, Daniel Pawluchuzk. Todos mantuvieron una fruct\u00edfera reuni\u00f3n con la directora del Pasteur, Dra Liliana Abraham, y el vicedirector, Ignacio Bruno.<\/p>\n<p>All\u00ed, los compa\u00f1eros les explicaron el proceso de reconocimiento de ATE en el Estado provincial, con los sucesivos fallos judiciales y la normalizaci\u00f3n de la relaci\u00f3n con el gobierno a trav\u00e9s de las reuniones que ATE mantuvo con el ministro de Salud, Francisco Fortuna.<\/p>\n<p>Los directivos mostraron plena predisposici\u00f3n para resolver los planteos de los trabajadores del hospital expresados por ATE y su cuerpo de delegados. &#8220;Fue una reuni\u00f3n muy interesante porque pudimos dejarles en claro a los directores que ATE no viene a traer al hospital internas partidarias sino reclamos de los trabajadores. Somos un gremio que trabaja para los compa\u00f1eros m\u00e1s all\u00e1 de las bander\u00edas pol\u00edticas&#8221;, explic\u00f3 Molina, una vez finalizada la reuni\u00f3n.<\/p>\n<p>La conversaci\u00f3n avanz\u00f3 sobre la necesidad de personal, ya que tras la asamblea que se llev\u00f3 a cabo\u00a0la semana pasada, la Direcci\u00f3n aprob\u00f3 el ingreso de algunos enfermeros y camilleros que, aunque aun no alcanzan para cubrir las necesidades de funcionamiento del centro de salud, significan una mejor\u00eda respecto a lo que suced\u00eda tiempo atr\u00e1s.<\/p>\n<p>Adem\u00e1s, los directivos dijeron que se encuentran en tratativas para incorporar a t\u00e9cnicos radi\u00f3logos, otro de los reclamos de la asamblea.<\/p>\n<p>Para canalizar los reclamos puntuales de cada sector del Hospital, tras la reuni\u00f3n qued\u00f3 constituida una Mesa de Relaciones Laborales, encargada de recepcionar las demandas del gremio, lo que expresa el avance organizativo de ATE en el hospital.<\/p>\n<p>Molina\u00a0coment\u00f3 que &#8220;vamos mejorando. La verdad que ya est\u00e1bamos orgullosos de ser parte de los impulsores del nuevo hospital, anhelo que se inici\u00f3 en 2007 cuando ATE y otras organizaciones sociales recabamos 13 mil firmas en la ciudad y su zona de influencia, donde el Pasteur es el centro de referencia sanitaria. Fuimos pioneros y sostuvimos la lucha pro muchos a\u00f1os, reclamando al gobierno que cumpla con los compromisos, cosa que finalmente logramos&#8221;.<\/p>\n<p>&nbsp;<\/p>\n","protected":false},"excerpt":{"rendered":"<p>Las autoridades del nosocomio recibieron el viernes pasado a los dirigentes de la seccional para formalizar la representaci\u00f3n de los trabajadores del sector, tras el reconocimiento que realiz\u00f3 la Provincia el a\u00f1o pasado. Adem\u00e1s dialogaron sobre las necesidades de personal que expres\u00f3 la \u00faltima asamblea y qued\u00f3 constituida una mesa de relaciones laborales. En la [&hellip;]<\/p>\n","protected":false},"author":1,"featured_media":17460,"comment_status":"open","ping_status":"open","sticky":false,"template":"","format":"standard","meta":{"_exactmetrics_skip_tracking":false,"_exactmetrics_sitenote_active":false,"_exactmetrics_sitenote_note":"","_exactmetrics_sitenote_category":0,"jnews-multi-image_gallery":[],"jnews_single_post":{"subtitle":"","format":"standard","video":"","gallery":"","source_name":"","source_url":"","via_name":"","via_url":"","override_template":"0","override":[{"template":"1","single_blog_custom":"","parallax":"1","fullscreen":"0","layout":"right-sidebar","sidebar":"default-sidebar","second_sidebar":"default-sidebar","sticky_sidebar":"1","share_position":"top","share_float_style":"share-monocrhome","show_share_counter":"1","show_view_counter":"1","show_featured":"1","show_post_meta":"1","show_post_author":"1","show_post_author_image":"1","show_post_date":"1","post_date_format":"default","post_date_format_custom":"Y\/m\/d","show_post_category":"1","show_post_reading_time":"0","post_reading_time_wpm":"300","show_zoom_button":"0","zoom_button_out_step":"2","zoom_button_in_step":"3","show_post_tag":"1","show_prev_next_post":"1","show_popup_post":"1","number_popup_post":"1","show_author_box":"0","show_post_related":"0","show_inline_post_related":"0"}],"override_image_size":"0","image_override":[{"single_post_thumbnail_size":"crop-500","single_post_gallery_size":"crop-500"}],"trending_post":"0","trending_post_position":"meta","trending_post_label":"Trending","sponsored_post":"0","sponsored_post_label":"Sponsored by","sponsored_post_name":"","sponsored_post_url":"","sponsored_post_logo_enable":"0","sponsored_post_logo":"","sponsored_post_desc":""},"jnews_primary_category":{"id":""},"jnews_social_meta":{"fb_title":"","fb_description":"","fb_image":"","twitter_title":"","twitter_description":"","twitter_image":""},"jnews_review":[],"enable_review":"0","type":"percentage","name":"","summary":"","brand":"","sku":"","good":[{"good_text":""}],"bad":[{"bad_text":""}],"score_override":"","override_value":"","rating":[{"rating_text":"","rating_number":"10"}],"price":[{"shop":"","price":"","link":"","icon":""}],"jnews_override_counter":{"override_view_counter":"0","view_counter_number":"0","override_share_counter":"0","share_counter_number":"0","override_like_counter":"0","like_counter_number":"0","override_dislike_counter":"0","dislike_counter_number":"0"},"jnews_post_split":{"enable_post_split":"0","post_split":[{"template":"1","tag":"h2","numbering":"asc","mode":"normal"}]},"footnotes":""},"categories":[7,8,34,14],"tags":[],"class_list":["post-5418","post","type-post","status-publish","format-standard","has-post-thumbnail","hentry","category-hospitales","category-provinciales","category-seccionales","category-villa-maria"],"jetpack_featured_media_url":"https:\/\/atecordoba.org\/wp-content\/uploads\/2020\/05\/reunion-ATE-con-direccion-hosp-pasteur-villa-maria-e1434404630492.jpg","_links":{"self":[{"href":"https:\/\/atecordoba.org\/index.php?rest_route=\/wp\/v2\/posts\/5418","targetHints":{"allow":["GET"]}}],"collection":[{"href":"https:\/\/atecordoba.org\/index.php?rest_route=\/wp\/v2\/posts"}],"about":[{"href":"https:\/\/atecordoba.org\/index.php?rest_route=\/wp\/v2\/types\/post"}],"author":[{"embeddable":true,"href":"https:\/\/atecordoba.org\/index.php?rest_route=\/wp\/v2\/users\/1"}],"replies":[{"embeddable":true,"href":"https:\/\/atecordoba.org\/index.php?rest_route=%2Fwp%2Fv2%2Fcomments&post=5418"}],"version-history":[{"count":1,"href":"https:\/\/atecordoba.org\/index.php?rest_route=\/wp\/v2\/posts\/5418\/revisions"}],"predecessor-version":[{"id":19484,"href":"https:\/\/atecordoba.org\/index.php?rest_route=\/wp\/v2\/posts\/5418\/revisions\/19484"}],"wp:featuredmedia":[{"embeddable":true,"href":"https:\/\/atecordoba.org\/index.php?rest_route=\/wp\/v2\/media\/17460"}],"wp:attachment":[{"href":"https:\/\/atecordoba.org\/index.php?rest_route=%2Fwp%2Fv2%2Fmedia&parent=5418"}],"wp:term":[{"taxonomy":"category","embeddable":true,"href":"https:\/\/atecordoba.org\/index.php?rest_route=%2Fwp%2Fv2%2Fcategories&post=5418"},{"taxonomy":"post_tag","embeddable":true,"href":"https:\/\/atecordoba.org\/index.php?rest_route=%2Fwp%2Fv2%2Ftags&post=5418"}],"curies":[{"name":"wp","href":"https:\/\/api.w.org\/{rel}","templated":true}]}}