{"id":5413,"date":"2015-06-15T18:18:59","date_gmt":"2015-06-15T21:18:59","guid":{"rendered":"http:\/\/www.atecordoba.org\/?p=5413"},"modified":"2015-06-15T18:18:59","modified_gmt":"2015-06-15T21:18:59","slug":"centro-de-jubilados-el-pami-no-esta-respondiendo-como-debe-a-las-necesidades","status":"publish","type":"post","link":"https:\/\/atecordoba.org\/?p=5413","title":{"rendered":"Centro de Jubilados: \u201cEl Pami no est\u00e1 respondiendo como debe a las necesidades\u201d"},"content":{"rendered":"<p><em>La vicepresidente del Centro de Jubilados Nacional de ATE, Lidia Meza, estuvo el viernes pasado en San Francisco y particip\u00f3 de una reuni\u00f3n con compa\u00f1eros de dicha ciudad, donde se evalu\u00f3 la agenda de actividades del Centro de Jubilados y las prioridades de cara al futuro. <\/em><\/p>\n<p><a href=\"http:\/\/www.atecordoba.org\/wp-content\/uploads\/2015\/06\/jubilados-en-san-francisco-e1434403104516.jpg\"><img loading=\"lazy\" decoding=\"async\" alt=\"jubilados en san francisco\" height=\"412\" src=\"http:\/\/www.atecordoba.org\/wp-content\/uploads\/2015\/06\/jubilados-en-san-francisco-e1434403104516.jpg\" width=\"550\" class=\"aligncenter size-full wp-image-5414\"><\/a><\/p>\n<p>La compa\u00f1era estuvo en la ciudad del este provincial&nbsp;en el marco de una serie de reuniones que viene desarrollando en distintas localidades del pa\u00eds para conocer la realidad por la que atraviesan los jubilados y pensionados estatales.<\/p>\n<p>Meza es vicepresidenta del Centro de Jubilados y candidata a presidenta por la lista Verde-Anusate que competir\u00e1 en la pr\u00f3ximas elecciones de renovaci\u00f3n de la conducci\u00f3n de nuestro gremio, a desarrollarse el pr\u00f3ximo 2 de septiembre.<\/p>\n<p>En la oportunidad, estuvo acompa\u00f1ada por la presidenta del Centro de Jubilados de la provincia de C\u00f3rdoba, Carmen Neder, Sergio Ferreyra, delegado normalizador de ATE en el Departamento San Justo, y Carlos Zarate, a cargo del centro de jubilados de la ciudad, entre otros compa\u00f1eros.<\/p>\n<p>En di\u00e1logo posterior con la prensa local, Meza remarc\u00f3 que &#8220;en cada visita que llevamos a cabo observamos que existe una realidad similar y preocupante que tiene que ver con los sueldos baj\u00edsimos de nuestros compa\u00f1eros jubilados. En algunos lugares es bochornoso y estamos en lucha para poder revertir la situaci\u00f3n&#8221;.<\/p>\n<p>Adem\u00e1s, la dirigente coment\u00f3 que junto con la presidenta del Centro de Jubilados de ATE de la provincia de Buenos Aires, Olivia Ruiz, &#8220;comenzamos a luchar por el 82% m\u00f3vil en el mismo cargo y funci\u00f3n que tendr\u00edamos si estuvi\u00e9ramos en actividad. En estos momentos les contaba a los compa\u00f1eros de San Francisco que llevamos esa pelea al Congreso de la Naci\u00f3n donde pudimos conversar con los diputados, explic\u00e1ndole las razones del 82% m\u00f3vil para los jubilados. Pese a que logramos la aprobaci\u00f3n de la ley, finalmente la Presidente la vet\u00f3 al d\u00eda siguiente y eso hizo que volvamos nuevamente a la lucha&#8221;.<\/p>\n<p>Asimismo, dijo que en este a\u00f1o electoral &#8220;vamos a continuar trabajando para intentar contagiar a los legisladores nacionales con nuestra propuesta de manera de insistir con el objetivo de lograr un incremento de haberes que nos lleve al 82% m\u00f3vil&#8221;.<\/p>\n<p>En ese sentido, explic\u00f3 que &#8220;en su momento la Presidente Cristina Fern\u00e1ndez intent\u00f3 justificar su negativa a otorgar el 82% m\u00f3vil se\u00f1alando que se iba a fundir el pa\u00eds. Con el compa\u00f1ero Claudio Lozano le demostramos que si se deroga la ley de Carlos Menem, que permiti\u00f3 a patronales reducir los aportes previsionales, pagando chauchas y palitos, nosotros tendr\u00edamos otro bienestar&#8221;.<\/p>\n<p><b>PAMI<\/b><\/p>\n<p>Paralelamente, a\u00f1adi\u00f3 que &#8220;el Pami no est\u00e1 respondiendo como debe a las necesidades de salud de los jubilados. Mientras que el gobierno en su momento prometi\u00f3 que el dinero de las AFJP iba a ir para mejorar a los jubilados y pensionados, finalmente eso no ocurri\u00f3 porque son fondos que se prestan a las grandes patronales menos para quienes son los verdaderos due\u00f1os de esos aportes&#8221;.<\/p>\n<p>&nbsp;<\/p>\n","protected":false},"excerpt":{"rendered":"<p>La vicepresidente del Centro de Jubilados Nacional de ATE, Lidia Meza, estuvo el viernes pasado en San Francisco y particip\u00f3 de una reuni\u00f3n con compa\u00f1eros de dicha ciudad, donde se evalu\u00f3 la agenda de actividades del Centro de Jubilados y las prioridades de cara al futuro. La compa\u00f1era estuvo en la ciudad del este provincial&nbsp;en [&hellip;]<\/p>\n","protected":false},"author":1,"featured_media":19220,"comment_status":"open","ping_status":"open","sticky":false,"template":"","format":"standard","meta":{"_exactmetrics_skip_tracking":false,"_exactmetrics_sitenote_active":false,"_exactmetrics_sitenote_note":"","_exactmetrics_sitenote_category":0,"jnews-multi-image_gallery":[],"jnews_single_post":[],"jnews_primary_category":[],"jnews_social_meta":[],"jnews_review":[],"enable_review":"","type":"","name":"","summary":"","brand":"","sku":"","good":[],"bad":[],"score_override":"","override_value":"","rating":[],"price":[],"jnews_override_counter":[],"jnews_post_split":[],"footnotes":""},"categories":[22,18],"tags":[],"class_list":["post-5413","post","type-post","status-publish","format-standard","has-post-thumbnail","hentry","category-jubilados","category-nacionales"],"jetpack_featured_media_url":"https:\/\/atecordoba.org\/wp-content\/uploads\/2020\/05\/logo-nuevochico-e1561581322808.png","_links":{"self":[{"href":"https:\/\/atecordoba.org\/index.php?rest_route=\/wp\/v2\/posts\/5413","targetHints":{"allow":["GET"]}}],"collection":[{"href":"https:\/\/atecordoba.org\/index.php?rest_route=\/wp\/v2\/posts"}],"about":[{"href":"https:\/\/atecordoba.org\/index.php?rest_route=\/wp\/v2\/types\/post"}],"author":[{"embeddable":true,"href":"https:\/\/atecordoba.org\/index.php?rest_route=\/wp\/v2\/users\/1"}],"replies":[{"embeddable":true,"href":"https:\/\/atecordoba.org\/index.php?rest_route=%2Fwp%2Fv2%2Fcomments&post=5413"}],"version-history":[{"count":0,"href":"https:\/\/atecordoba.org\/index.php?rest_route=\/wp\/v2\/posts\/5413\/revisions"}],"wp:featuredmedia":[{"embeddable":true,"href":"https:\/\/atecordoba.org\/index.php?rest_route=\/wp\/v2\/media\/19220"}],"wp:attachment":[{"href":"https:\/\/atecordoba.org\/index.php?rest_route=%2Fwp%2Fv2%2Fmedia&parent=5413"}],"wp:term":[{"taxonomy":"category","embeddable":true,"href":"https:\/\/atecordoba.org\/index.php?rest_route=%2Fwp%2Fv2%2Fcategories&post=5413"},{"taxonomy":"post_tag","embeddable":true,"href":"https:\/\/atecordoba.org\/index.php?rest_route=%2Fwp%2Fv2%2Ftags&post=5413"}],"curies":[{"name":"wp","href":"https:\/\/api.w.org\/{rel}","templated":true}]}}