{"id":5410,"date":"2015-06-12T18:22:37","date_gmt":"2015-06-12T21:22:37","guid":{"rendered":"http:\/\/www.atecordoba.org\/?p=5410"},"modified":"2015-06-12T18:22:37","modified_gmt":"2015-06-12T21:22:37","slug":"solidaridad-con-la-companera-del-iose-rosario-agredida-brutalmente-por-personal-militar","status":"publish","type":"post","link":"https:\/\/atecordoba.org\/?p=5410","title":{"rendered":"Solidaridad con la compa\u00f1era del IOSE Rosario agredida brutalmente por personal militar"},"content":{"rendered":"<p><em>El cuerpo de delegados de los Trabajadores Civiles de las FF.AA. expres\u00f3 su solidaridad con la compa\u00f1era agredida f\u00edsicamente por un militar en la delegaci\u00f3n del IOSE en esa ciudad.<\/em><\/p>\n<p><a href=\"http:\/\/www.atecordoba.org\/wp-content\/uploads\/2015\/06\/IOSE-Rosario.jpg\"><img loading=\"lazy\" decoding=\"async\" class=\"aligncenter size-full wp-image-5411\" src=\"http:\/\/www.atecordoba.org\/wp-content\/uploads\/2015\/06\/IOSE-Rosario.jpg\" alt=\"IOSE Rosario\" width=\"440\" height=\"295\" \/><\/a><\/p>\n<p>Al mismo tiempo, los trabajadores del sector en C\u00f3rdoba repudiaron la agresi\u00f3n del militar, en el marco de una escalada de situaciones violentas que vienen denunciando desde ATE Rosario.<\/p>\n<p>M\u00e1s detalles hacer click <a href=\"http:\/\/www.aterosario.org.ar\/article3058.html\">aqu\u00ed<\/a><\/p>\n","protected":false},"excerpt":{"rendered":"<p>El cuerpo de delegados de los Trabajadores Civiles de las FF.AA. expres\u00f3 su solidaridad con la compa\u00f1era agredida f\u00edsicamente por un militar en la delegaci\u00f3n del IOSE en esa ciudad. Al mismo tiempo, los trabajadores del sector en C\u00f3rdoba repudiaron la agresi\u00f3n del militar, en el marco de una escalada de situaciones violentas que vienen [&hellip;]<\/p>\n","protected":false},"author":1,"featured_media":19220,"comment_status":"open","ping_status":"open","sticky":false,"template":"","format":"standard","meta":{"_exactmetrics_skip_tracking":false,"_exactmetrics_sitenote_active":false,"_exactmetrics_sitenote_note":"","_exactmetrics_sitenote_category":0,"jnews-multi-image_gallery":[],"jnews_single_post":[],"jnews_primary_category":[],"jnews_social_meta":[],"jnews_review":[],"enable_review":"","type":"","name":"","summary":"","brand":"","sku":"","good":[],"bad":[],"score_override":"","override_value":"","rating":[],"price":[],"jnews_override_counter":[],"jnews_post_split":[],"footnotes":""},"categories":[99,18,9],"tags":[],"class_list":["post-5410","post","type-post","status-publish","format-standard","has-post-thumbnail","hentry","category-iose","category-nacionales","category-trabajadores-civiles-ff-aa"],"jetpack_featured_media_url":"https:\/\/atecordoba.org\/wp-content\/uploads\/2020\/05\/logo-nuevochico-e1561581322808.png","_links":{"self":[{"href":"https:\/\/atecordoba.org\/index.php?rest_route=\/wp\/v2\/posts\/5410","targetHints":{"allow":["GET"]}}],"collection":[{"href":"https:\/\/atecordoba.org\/index.php?rest_route=\/wp\/v2\/posts"}],"about":[{"href":"https:\/\/atecordoba.org\/index.php?rest_route=\/wp\/v2\/types\/post"}],"author":[{"embeddable":true,"href":"https:\/\/atecordoba.org\/index.php?rest_route=\/wp\/v2\/users\/1"}],"replies":[{"embeddable":true,"href":"https:\/\/atecordoba.org\/index.php?rest_route=%2Fwp%2Fv2%2Fcomments&post=5410"}],"version-history":[{"count":0,"href":"https:\/\/atecordoba.org\/index.php?rest_route=\/wp\/v2\/posts\/5410\/revisions"}],"wp:featuredmedia":[{"embeddable":true,"href":"https:\/\/atecordoba.org\/index.php?rest_route=\/wp\/v2\/media\/19220"}],"wp:attachment":[{"href":"https:\/\/atecordoba.org\/index.php?rest_route=%2Fwp%2Fv2%2Fmedia&parent=5410"}],"wp:term":[{"taxonomy":"category","embeddable":true,"href":"https:\/\/atecordoba.org\/index.php?rest_route=%2Fwp%2Fv2%2Fcategories&post=5410"},{"taxonomy":"post_tag","embeddable":true,"href":"https:\/\/atecordoba.org\/index.php?rest_route=%2Fwp%2Fv2%2Ftags&post=5410"}],"curies":[{"name":"wp","href":"https:\/\/api.w.org\/{rel}","templated":true}]}}