{"id":5399,"date":"2015-06-10T15:32:29","date_gmt":"2015-06-10T18:32:29","guid":{"rendered":"http:\/\/www.atecordoba.org\/?p=5399"},"modified":"2015-06-10T15:32:29","modified_gmt":"2015-06-10T18:32:29","slug":"a-partir-de-ayer-comenzo-a-funcionar-la-junta-electoral-de-ate-cordoba","status":"publish","type":"post","link":"https:\/\/atecordoba.org\/?p=5399","title":{"rendered":"Est\u00e1 en funcionamiento la Junta Electoral de ATE C\u00f3rdoba"},"content":{"rendered":"<p><em>Desde el martes 9 de junio comenz\u00f3 a funcionar la Junta Electoral conformada por su presidente y dos secretarios, a los efectos de llevar a cabo el proceso electoral de nuestro gremio, para la renovaci\u00f3n de\u00a0la conducci\u00f3n para el per\u00edodo 2015-2019, a realizarse el pr\u00f3ximo 2 de septiembre.<\/em><\/p>\n<p>La Junta Electoral result\u00f3 elegida de manera un\u00e1nime durante la sesi\u00f3n del Congreso Provincial Extraordinario que ATE C\u00f3rdoba realiz\u00f3 el pasado 24 de abril en la seccional R\u00edo Tercero.<\/p>\n<p>Seg\u00fan su primera resoluci\u00f3n, el organismo funcionar\u00e1 en nuestra sede, Entre R\u00edos 450, C\u00f3rdoba Capital, de 11 a 15 horas. En dicho horario se\u00a0recibir\u00e1n las inquietudes de los afiliados relacionadas con el proceso electoral. La recepci\u00f3n de listas de candidatos dar\u00e1 inicio el mi\u00e9rcoles 17 de junio y finalizar\u00e1 a las 15 horas del 22 de junio.<\/p>\n<figure id=\"attachment_5400\" aria-describedby=\"caption-attachment-5400\" style=\"width: 456px\" class=\"wp-caption aligncenter\"><a href=\"http:\/\/www.atecordoba.org\/wp-content\/uploads\/2015\/06\/acta-constitutiva-e1433958476848.jpg\"><img loading=\"lazy\" decoding=\"async\" class=\"wp-image-5400 size-full\" src=\"http:\/\/www.atecordoba.org\/wp-content\/uploads\/2015\/06\/acta-constitutiva-e1433958476848.jpg\" alt=\"acta constitutiva\" width=\"456\" height=\"650\" \/><\/a><figcaption id=\"caption-attachment-5400\" class=\"wp-caption-text\">Acta constitutiva de la Junta Electoral<\/figcaption><\/figure>\n<figure id=\"attachment_5401\" aria-describedby=\"caption-attachment-5401\" style=\"width: 456px\" class=\"wp-caption aligncenter\"><a href=\"http:\/\/www.atecordoba.org\/wp-content\/uploads\/2015\/06\/resolucion-1-e1433958535786.jpg\"><img loading=\"lazy\" decoding=\"async\" class=\"wp-image-5401 size-full\" src=\"http:\/\/www.atecordoba.org\/wp-content\/uploads\/2015\/06\/resolucion-1-e1433958535786.jpg\" alt=\"resolucion 1\" width=\"456\" height=\"650\" \/><\/a><figcaption id=\"caption-attachment-5401\" class=\"wp-caption-text\">Resoluci\u00f3n n\u00ba1 de la Junta Electoral<\/figcaption><\/figure>\n","protected":false},"excerpt":{"rendered":"<p>Desde el martes 9 de junio comenz\u00f3 a funcionar la Junta Electoral conformada por su presidente y dos secretarios, a los efectos de llevar a cabo el proceso electoral de nuestro gremio, para la renovaci\u00f3n de\u00a0la conducci\u00f3n para el per\u00edodo 2015-2019, a realizarse el pr\u00f3ximo 2 de septiembre. La Junta Electoral result\u00f3 elegida de manera [&hellip;]<\/p>\n","protected":false},"author":1,"featured_media":19220,"comment_status":"open","ping_status":"open","sticky":false,"template":"","format":"standard","meta":{"_exactmetrics_skip_tracking":false,"_exactmetrics_sitenote_active":false,"_exactmetrics_sitenote_note":"","_exactmetrics_sitenote_category":0,"jnews-multi-image_gallery":[],"jnews_single_post":[],"jnews_primary_category":[],"jnews_social_meta":[],"jnews_review":[],"enable_review":"","type":"","name":"","summary":"","brand":"","sku":"","good":[],"bad":[],"score_override":"","override_value":"","rating":[],"price":[],"jnews_override_counter":[],"jnews_post_split":[],"footnotes":""},"categories":[1],"tags":[],"class_list":["post-5399","post","type-post","status-publish","format-standard","has-post-thumbnail","hentry","category-sin-categoria"],"jetpack_featured_media_url":"https:\/\/atecordoba.org\/wp-content\/uploads\/2020\/05\/logo-nuevochico-e1561581322808.png","_links":{"self":[{"href":"https:\/\/atecordoba.org\/index.php?rest_route=\/wp\/v2\/posts\/5399","targetHints":{"allow":["GET"]}}],"collection":[{"href":"https:\/\/atecordoba.org\/index.php?rest_route=\/wp\/v2\/posts"}],"about":[{"href":"https:\/\/atecordoba.org\/index.php?rest_route=\/wp\/v2\/types\/post"}],"author":[{"embeddable":true,"href":"https:\/\/atecordoba.org\/index.php?rest_route=\/wp\/v2\/users\/1"}],"replies":[{"embeddable":true,"href":"https:\/\/atecordoba.org\/index.php?rest_route=%2Fwp%2Fv2%2Fcomments&post=5399"}],"version-history":[{"count":0,"href":"https:\/\/atecordoba.org\/index.php?rest_route=\/wp\/v2\/posts\/5399\/revisions"}],"wp:featuredmedia":[{"embeddable":true,"href":"https:\/\/atecordoba.org\/index.php?rest_route=\/wp\/v2\/media\/19220"}],"wp:attachment":[{"href":"https:\/\/atecordoba.org\/index.php?rest_route=%2Fwp%2Fv2%2Fmedia&parent=5399"}],"wp:term":[{"taxonomy":"category","embeddable":true,"href":"https:\/\/atecordoba.org\/index.php?rest_route=%2Fwp%2Fv2%2Fcategories&post=5399"},{"taxonomy":"post_tag","embeddable":true,"href":"https:\/\/atecordoba.org\/index.php?rest_route=%2Fwp%2Fv2%2Ftags&post=5399"}],"curies":[{"name":"wp","href":"https:\/\/api.w.org\/{rel}","templated":true}]}}