{"id":5386,"date":"2015-06-08T17:30:26","date_gmt":"2015-06-08T20:30:26","guid":{"rendered":"http:\/\/www.atecordoba.org\/?p=5386"},"modified":"2015-06-08T17:30:26","modified_gmt":"2015-06-08T20:30:26","slug":"ate-inicio-el-plan-de-lucha-de-36-horas-con-marcha-al-ministerio-de-trabajo","status":"publish","type":"post","link":"https:\/\/atecordoba.org\/?p=5386","title":{"rendered":"ATE inici\u00f3 el plan de lucha de 36 horas con marcha al Ministerio de Trabajo"},"content":{"rendered":"<p><em>En el marco del paro nacional como movilizaci\u00f3n que realiza la CTA, nuestro gremio hizo abandono de tareas a las 12 y se moviliz\u00f3 hasta la cartera de trabajo para repudiar la precarizaci\u00f3n laboral, rechazar por insuficiente la pauta salarial del 27.4% y exigir que el gobierno termine con el impuesto al salario. <\/em><i><span style=\"font-size: 9pt; font-family: Helvetica, sans-serif; color: rgb(117, 116, 116);\">Ma\u00f1ana el paro ser\u00e1 sin asistencia a los lugares de trabajo.<\/span><\/i><\/p>\n<p><a href=\"http:\/\/www.atecordoba.org\/wp-content\/uploads\/2015\/06\/DSC_0082-e1433789770484.jpg\"><img loading=\"lazy\" decoding=\"async\" alt=\"DSC_0082\" height=\"309\" src=\"http:\/\/www.atecordoba.org\/wp-content\/uploads\/2015\/06\/DSC_0082-e1433789770484.jpg\" width=\"550\" class=\"aligncenter size-full wp-image-5387\"><\/a><\/p>\n<p>Con la presencia de sectores nacionales, provinciales y municipales, ATE se moviliz\u00f3 hoy en C\u00f3rdoba, en el marco del plan de lucha de 36 horas que decret\u00f3 la CTA en todo el pa\u00eds. Encabezada por nuestra secretaria General, Mar\u00eda Teresa Romero, y el conjunto del secretariado, &nbsp;la columna de ATE se sum\u00f3 a los compa\u00f1eros de la Central, marchando por el centro de la ciudad, desde nuestra sede hasta la delegaci\u00f3n local del Ministerio de Trabajo de la Naci\u00f3n.<\/p>\n<p>La ruidosa marcha cont\u00f3 con la presencia del secretario General de la CTA provincia, Guido Dreizik, y de su par de Capital, Francisco Pav\u00e1n, as\u00ed como de compa\u00f1eros de Sitos, Cepetel, Cispren, trabajadores docentes enrolados en nuestra Central e Islyma.<\/p>\n<p><a href=\"http:\/\/www.atecordoba.org\/wp-content\/uploads\/2015\/06\/DSC_0059-e1433794796220.jpg\"><img loading=\"lazy\" decoding=\"async\" alt=\"DSC_0059\" height=\"309\" src=\"http:\/\/www.atecordoba.org\/wp-content\/uploads\/2015\/06\/DSC_0059-e1433794796220.jpg\" width=\"550\" class=\"aligncenter size-full wp-image-5388\"><\/a><\/p>\n<p>La medida de fuerza se realiza en rechazo a la precarizaci\u00f3n laboral vigente tanto en el Estado como en los sectores privados, en rechazo a la pauta salarial del 27.4% por insuficiente, por el 82% m\u00f3vil para los jubilados y en repudio al impuesto al salario.<\/p>\n<p>Tal como ATE viene denunciando, 600 mil trabajadores estatales de los distintos niveles del Estado finalizan sus contratos a fin de a\u00f1o; al mismo tiempo, la pauta salarial acordada por el gobierno con sus gremios afines para el Estado resulta insuficiente en relaci\u00f3n a la p\u00e9rdida de capacidad adquisitiva, producto de la inflaci\u00f3n del a\u00f1o pasado que fue del 38%; a su vez, el 80% de los jubilados cobra un salario que ni siquiera alcanza el m\u00ednimo, vital y m\u00f3vil, por lo que el centro de jubilados nacional de ATE reclama un aumento de emergencia de 4000 pesos; en cuanto al impuesto al salario, se trata de un rechazo in\u00e1nime, sean compa\u00f1eros estatales o privados, que ven como el Estado apoya su recaudaci\u00f3n en los trabajadores mientras exime al juego, la renta financiera y los sectores altos de la sociedad.<\/p>\n<p><a href=\"http:\/\/www.atecordoba.org\/wp-content\/uploads\/2015\/06\/DSC_0066-e1433794841870.jpg\"><img loading=\"lazy\" decoding=\"async\" alt=\"DSC_0066\" height=\"309\" src=\"http:\/\/www.atecordoba.org\/wp-content\/uploads\/2015\/06\/DSC_0066-e1433794841870.jpg\" width=\"550\" class=\"aligncenter size-full wp-image-5389\"><\/a><\/p>\n<p>Todas motivaciones m\u00e1s que v\u00e1lidas para que el gobierno convoque una mesa de discusi\u00f3n, pero la gesti\u00f3n nacional omite cualquier tipo de respuesta, pretendiendo que se trata de &#8216;motivaciones pol\u00edticas&#8217; las que llevan a la medida de fuerza. Pol\u00edticas s\u00ed, pero no partidarias, porque son reclamos de los trabajadores en su conjunto a los que el gobierno hace o\u00eddos sordos.<\/p>\n<p><strong>Centro movilizado<\/strong><\/p>\n<p>En primer t\u00e9rmino, los compa\u00f1eros se dirigieron a la sede local de la obra social Osplad, donde los trabajadores de Sitos repudiaron la persecuci\u00f3n antisindical y la falta de convocatoria a paritaria, al tiempo que denunciaron el vaciamiento del organismo.<\/p>\n<p><a href=\"http:\/\/www.atecordoba.org\/wp-content\/uploads\/2015\/06\/DSC_0074-e1433794911501.jpg\"><img loading=\"lazy\" decoding=\"async\" alt=\"DSC_0074\" height=\"309\" src=\"http:\/\/www.atecordoba.org\/wp-content\/uploads\/2015\/06\/DSC_0074-e1433794911501.jpg\" width=\"550\" class=\"aligncenter size-full wp-image-5390\"><\/a><\/p>\n<p>Posteriormente, la columna se dirigi\u00f3 a la sede de Anses, previo paso por la delegaci\u00f3n de Senasa, donde los compa\u00f1eros del organismo previsional reprocharon al director Diego Bossio el clima persecutorio y antisindical que rige en el sector.<\/p>\n<p>Finalmente, la avenida 27 de abril se vio copada por la marcha, que se dirigi\u00f3 a la cartera laboral, donde el 50% de los trabajadores sufren la precarizaci\u00f3n de sus condiciones de trabajo, con contratos a plazo fijo, situaci\u00f3n inconcebible para el sector.<\/p>\n<p><a href=\"http:\/\/www.atecordoba.org\/wp-content\/uploads\/2015\/06\/DSC_0084-e1433794952670.jpg\"><img loading=\"lazy\" decoding=\"async\" alt=\"DSC_0084\" height=\"309\" src=\"http:\/\/www.atecordoba.org\/wp-content\/uploads\/2015\/06\/DSC_0084-e1433794952670.jpg\" width=\"550\" class=\"aligncenter size-full wp-image-5391\"><\/a><\/p>\n<p>All\u00ed se realiz\u00f3 un acto, donde en primer t\u00e9rmino Francisco Pav\u00e1n acus\u00f3 al ministro de Trabajo, Carlos Tomada, de defender los intereses empresarios, &#8220;todo lo contrario al esp\u00edritu que debiera tener un ministerio encargado de las relaciones laborales&#8221;. &#8220;De lo contrario, \u00bfpor qu\u00e9 le ponen techo a las paritarias, como hicieron con los aceiteros y los visitadores m\u00e9dicos, que alcanzaron acuerdos muy por encima de lo que estipul\u00f3 el gobierno y este ministro se neg\u00f3 a homologar?&#8221;, se pregunt\u00f3.<\/p>\n<p><a href=\"http:\/\/www.atecordoba.org\/wp-content\/uploads\/2015\/06\/DSC_0090-e1433795003923.jpg\"><img loading=\"lazy\" decoding=\"async\" alt=\"DSC_0090\" height=\"309\" src=\"http:\/\/www.atecordoba.org\/wp-content\/uploads\/2015\/06\/DSC_0090-e1433795003923.jpg\" width=\"550\" class=\"aligncenter size-full wp-image-5392\"><\/a><\/p>\n<p><strong>ATE cumple con todas las luchas<\/strong><\/p>\n<p>Seguidamente, Mar\u00eda Teresa Romero denunci\u00f3 la falta de paritarias libres y se\u00f1al\u00f3 que &#8220;es un verg\u00fcenza que no haya ac\u00e1 otros gremios protestando contra la precarizaci\u00f3n laboral, siendo que 600 mil trabajadores del Estado sufren este a\u00f1o el temor de no saber si van a poder renovar sus contratos&#8221;. La secretaria General de ATE tambi\u00e9n se refiri\u00f3 a la pauta salarial establecida por el gobierno nacional: &#8220;Ese 27.4% le puede venir bien a los que cobran salarios altos pero para los miles que reciben haberes miserables y que, encima, ya vienen perdiendo salario real con la inflaci\u00f3n, es totalmente insuficiente&#8221;.<\/p>\n<p><a href=\"http:\/\/www.atecordoba.org\/wp-content\/uploads\/2015\/06\/DSC_0095-e1433795050289.jpg\"><img loading=\"lazy\" decoding=\"async\" alt=\"DSC_0095\" height=\"309\" src=\"http:\/\/www.atecordoba.org\/wp-content\/uploads\/2015\/06\/DSC_0095-e1433795050289.jpg\" width=\"550\" class=\"aligncenter size-full wp-image-5393\"><\/a><\/p>\n<p>En ese marco, se\u00f1al\u00f3 que &#8220;ahora se presentan varios candidatos en diferentes partidos pero deber\u00edan hacer un solo porque no tienen diferencias entre s\u00ed. Que se unifiquen as\u00ed tenemos en claro contra quien estamos peleando y podemos oponer nuestros propios candidatos, de los trabajadores&#8221;.<\/p>\n<p><a href=\"http:\/\/www.atecordoba.org\/wp-content\/uploads\/2015\/06\/DSC_0137-e1433795137535.jpg\"><img loading=\"lazy\" decoding=\"async\" alt=\"DSC_0137\" height=\"309\" src=\"http:\/\/www.atecordoba.org\/wp-content\/uploads\/2015\/06\/DSC_0137-e1433795137535.jpg\" width=\"550\" class=\"aligncenter size-full wp-image-5394\"><\/a><\/p>\n<p>Por \u00faltimo, la dirigente resalt\u00f3 que &#8220;ATE &nbsp;siempre cumple con todas las luchas, esto se lo decimos a los que est\u00e1n y a los que van a venir. Que no se les ocurra tocar a un solo trabajador porque no se los vamos a permitir&#8221;.<\/p>\n<p><strong>Que llamen al Consejo del Salario<\/strong><\/p>\n<p>En el tramo final del acto, Guido Dreizik dijo a los presentes que &#8220;sabemos que en este marco de precariedad laboral no es f\u00e1cil salir a la calle. Pero los trabajadores olfatean que no est\u00e1 todo bien como nos quieren hacer creer&#8221;.<\/p>\n<p><a href=\"http:\/\/www.atecordoba.org\/wp-content\/uploads\/2015\/06\/DSC_0142-e1433795274286.jpg\"><img loading=\"lazy\" decoding=\"async\" alt=\"DSC_0142\" height=\"309\" src=\"http:\/\/www.atecordoba.org\/wp-content\/uploads\/2015\/06\/DSC_0142-e1433795274286.jpg\" width=\"550\" class=\"aligncenter size-full wp-image-5395\"><\/a><\/p>\n<p>El secretario General de la CTA C\u00f3rdoba explic\u00f3 de esta forma que el paro de 36 horas en todo el pa\u00eds &#8220;es la respuesta al ajuste inflacionario que nos est\u00e1n imponiendo. Si Cristina dice que no va a firmar ninguna paritaria con un 3 por delante es porque sabe que la inflaci\u00f3n de este a\u00f1o es por lo menos del 28-29%. Lo est\u00e1 admitiendo, y eso sin contar lo que perdimos de capacidad de compra el a\u00f1o pasado. Por eso hay que convocar al Consejo del Salario con todos los sectores, hay que discutir estas cosas&#8221;. Y finaliz\u00f3 reclamando el 82% m\u00f3vil para los jubilados.<\/p>\n","protected":false},"excerpt":{"rendered":"<p>En el marco del paro nacional como movilizaci\u00f3n que realiza la CTA, nuestro gremio hizo abandono de tareas a las 12 y se moviliz\u00f3 hasta la cartera de trabajo para repudiar la precarizaci\u00f3n laboral, rechazar por insuficiente la pauta salarial del 27.4% y exigir que el gobierno termine con el impuesto al salario. Ma\u00f1ana el [&hellip;]<\/p>\n","protected":false},"author":1,"featured_media":19220,"comment_status":"open","ping_status":"open","sticky":false,"template":"","format":"standard","meta":{"_exactmetrics_skip_tracking":false,"_exactmetrics_sitenote_active":false,"_exactmetrics_sitenote_note":"","_exactmetrics_sitenote_category":0,"jnews-multi-image_gallery":[],"jnews_single_post":[],"jnews_primary_category":[],"jnews_social_meta":[],"jnews_review":[],"enable_review":"","type":"","name":"","summary":"","brand":"","sku":"","good":[],"bad":[],"score_override":"","override_value":"","rating":[],"price":[],"jnews_override_counter":[],"jnews_post_split":[],"footnotes":""},"categories":[92,18,21],"tags":[],"class_list":["post-5386","post","type-post","status-publish","format-standard","has-post-thumbnail","hentry","category-cta","category-nacionales","category-paro-nacional"],"jetpack_featured_media_url":"https:\/\/atecordoba.org\/wp-content\/uploads\/2020\/05\/logo-nuevochico-e1561581322808.png","_links":{"self":[{"href":"https:\/\/atecordoba.org\/index.php?rest_route=\/wp\/v2\/posts\/5386","targetHints":{"allow":["GET"]}}],"collection":[{"href":"https:\/\/atecordoba.org\/index.php?rest_route=\/wp\/v2\/posts"}],"about":[{"href":"https:\/\/atecordoba.org\/index.php?rest_route=\/wp\/v2\/types\/post"}],"author":[{"embeddable":true,"href":"https:\/\/atecordoba.org\/index.php?rest_route=\/wp\/v2\/users\/1"}],"replies":[{"embeddable":true,"href":"https:\/\/atecordoba.org\/index.php?rest_route=%2Fwp%2Fv2%2Fcomments&post=5386"}],"version-history":[{"count":0,"href":"https:\/\/atecordoba.org\/index.php?rest_route=\/wp\/v2\/posts\/5386\/revisions"}],"wp:featuredmedia":[{"embeddable":true,"href":"https:\/\/atecordoba.org\/index.php?rest_route=\/wp\/v2\/media\/19220"}],"wp:attachment":[{"href":"https:\/\/atecordoba.org\/index.php?rest_route=%2Fwp%2Fv2%2Fmedia&parent=5386"}],"wp:term":[{"taxonomy":"category","embeddable":true,"href":"https:\/\/atecordoba.org\/index.php?rest_route=%2Fwp%2Fv2%2Fcategories&post=5386"},{"taxonomy":"post_tag","embeddable":true,"href":"https:\/\/atecordoba.org\/index.php?rest_route=%2Fwp%2Fv2%2Ftags&post=5386"}],"curies":[{"name":"wp","href":"https:\/\/api.w.org\/{rel}","templated":true}]}}