{"id":5378,"date":"2015-06-05T14:29:00","date_gmt":"2015-06-05T17:29:00","guid":{"rendered":"http:\/\/www.atecordoba.org\/?p=5378"},"modified":"2015-06-05T14:29:00","modified_gmt":"2015-06-05T17:29:00","slug":"continua-el-plan-de-lucha-en-desarrollo-social-de-la-nacion","status":"publish","type":"post","link":"https:\/\/atecordoba.org\/?p=5378","title":{"rendered":"Contin\u00faa el plan de lucha en Desarrollo Social de la Naci\u00f3n"},"content":{"rendered":"<p><em>Los trabajadores del Centro de Referencia C\u00f3rdoba de la cartera de Desarrollo Social mantienen en pie el plan de lucha ante la falta de respuestas a sus reclamos. El lunes pr\u00f3ximo realizar\u00e1n una asamblea y una volanteada en la plaza San Mart\u00edn a partir de las 10 horas.<\/em><\/p>\n<p><a href=\"http:\/\/www.atecordoba.org\/wp-content\/uploads\/2015\/06\/10454231_985294944836425_4793141112247464281_o-e1433525266425.jpg\"><img loading=\"lazy\" decoding=\"async\" alt=\"10454231_985294944836425_4793141112247464281_o\" height=\"309\" src=\"http:\/\/www.atecordoba.org\/wp-content\/uploads\/2015\/06\/10454231_985294944836425_4793141112247464281_o-e1433525266425.jpg\" width=\"550\" class=\"aligncenter size-full wp-image-5379\"><\/a><\/p>\n<p>La bronca sigue en aumento ante la falta de respuestas del ministerio que encabeza Alicia Kirchner, ante el reclamo del pase a planta permanente de los trabajadores contratados y monotributistas. ATE lanz\u00f3 el plan de acci\u00f3n debido al estado de precarizaci\u00f3n generalizado que sufren los compa\u00f1eros del sector.<\/p>\n<p>En el 2014 la patronal sac\u00f3 1000 concursos, cuando superan los 6000 s\u00f3lo los contratados en la actualidad. En la repartici\u00f3n a cargo de Jos\u00e9 Luis Bianchi, m\u00e1s preocupado por su campa\u00f1a electoral que por solucionar los problemas de los trabajadores, el reclamo es un\u00e1nime de pase a planta y fin de la precarizaci\u00f3n.<\/p>\n<p><a href=\"http:\/\/www.atecordoba.org\/wp-content\/uploads\/2015\/06\/11180610_10204190153613580_825201207807421549_n-e1433525298791.jpg\"><img loading=\"lazy\" decoding=\"async\" alt=\"11180610_10204190153613580_825201207807421549_n\" height=\"550\" src=\"http:\/\/www.atecordoba.org\/wp-content\/uploads\/2015\/06\/11180610_10204190153613580_825201207807421549_n-e1433525298791.jpg\" width=\"330\" class=\"aligncenter size-full wp-image-5380\"><\/a><\/p>\n<p>&nbsp;<\/p>\n<p>De esta forma, los trabajadores entienden que es indispensable garantizar la estabilidad laboral como lo establece la Constituci\u00f3n Nacional.<\/p>\n<p>Para la jornada del lunes 8 de junio, los reclamos son:<\/p>\n<ul>\n<li>Pase a Planta Permanente de Contratados y Monotributistas<\/li>\n<li>Basta de precarizaci\u00f3n laboral.<\/li>\n<li>Porque la estabilidad y la carrera administrativa son nuestros derechos.<\/li>\n<li>Porque los concursos no alcanzan.<\/li>\n<li>Vamos por la regulaci\u00f3n del empleo p\u00fablico.<\/li>\n<li>Proyecto de Ley con modalidad curso concurso.<\/li>\n<\/ul>\n<p>Adem\u00e1s:<\/p>\n<ul>\n<li>Mejora de las condiciones laborales y medio ambiente de trabajo.<\/li>\n<li>Por un trabajo digno.<\/li>\n<li>Por un espacio f\u00edsico acorde.<\/li>\n<li>Provisi\u00f3n de mobiliario e insumos.<\/li>\n<li>Por condiciones de seguridad e higiene.<\/li>\n<li>Para tener salario con m\u00e1s equidad.<\/li>\n<\/ul>\n<p>&nbsp;<\/p>\n","protected":false},"excerpt":{"rendered":"<p>Los trabajadores del Centro de Referencia C\u00f3rdoba de la cartera de Desarrollo Social mantienen en pie el plan de lucha ante la falta de respuestas a sus reclamos. El lunes pr\u00f3ximo realizar\u00e1n una asamblea y una volanteada en la plaza San Mart\u00edn a partir de las 10 horas. La bronca sigue en aumento ante la [&hellip;]<\/p>\n","protected":false},"author":1,"featured_media":19220,"comment_status":"open","ping_status":"open","sticky":false,"template":"","format":"standard","meta":{"_exactmetrics_skip_tracking":false,"_exactmetrics_sitenote_active":false,"_exactmetrics_sitenote_note":"","_exactmetrics_sitenote_category":0,"jnews-multi-image_gallery":[],"jnews_single_post":[],"jnews_primary_category":[],"jnews_social_meta":[],"jnews_review":[],"enable_review":"","type":"","name":"","summary":"","brand":"","sku":"","good":[],"bad":[],"score_override":"","override_value":"","rating":[],"price":[],"jnews_override_counter":[],"jnews_post_split":[],"footnotes":""},"categories":[113,18],"tags":[],"class_list":["post-5378","post","type-post","status-publish","format-standard","has-post-thumbnail","hentry","category-desarrollo-social-nacion","category-nacionales"],"jetpack_featured_media_url":"https:\/\/atecordoba.org\/wp-content\/uploads\/2020\/05\/logo-nuevochico-e1561581322808.png","_links":{"self":[{"href":"https:\/\/atecordoba.org\/index.php?rest_route=\/wp\/v2\/posts\/5378","targetHints":{"allow":["GET"]}}],"collection":[{"href":"https:\/\/atecordoba.org\/index.php?rest_route=\/wp\/v2\/posts"}],"about":[{"href":"https:\/\/atecordoba.org\/index.php?rest_route=\/wp\/v2\/types\/post"}],"author":[{"embeddable":true,"href":"https:\/\/atecordoba.org\/index.php?rest_route=\/wp\/v2\/users\/1"}],"replies":[{"embeddable":true,"href":"https:\/\/atecordoba.org\/index.php?rest_route=%2Fwp%2Fv2%2Fcomments&post=5378"}],"version-history":[{"count":0,"href":"https:\/\/atecordoba.org\/index.php?rest_route=\/wp\/v2\/posts\/5378\/revisions"}],"wp:featuredmedia":[{"embeddable":true,"href":"https:\/\/atecordoba.org\/index.php?rest_route=\/wp\/v2\/media\/19220"}],"wp:attachment":[{"href":"https:\/\/atecordoba.org\/index.php?rest_route=%2Fwp%2Fv2%2Fmedia&parent=5378"}],"wp:term":[{"taxonomy":"category","embeddable":true,"href":"https:\/\/atecordoba.org\/index.php?rest_route=%2Fwp%2Fv2%2Fcategories&post=5378"},{"taxonomy":"post_tag","embeddable":true,"href":"https:\/\/atecordoba.org\/index.php?rest_route=%2Fwp%2Fv2%2Ftags&post=5378"}],"curies":[{"name":"wp","href":"https:\/\/api.w.org\/{rel}","templated":true}]}}