{"id":5369,"date":"2015-06-04T19:07:06","date_gmt":"2015-06-04T22:07:06","guid":{"rendered":"http:\/\/www.atecordoba.org\/?p=5369"},"modified":"2020-06-09T15:43:04","modified_gmt":"2020-06-09T18:43:04","slug":"ate-presente-en-la-multitudinaria-movilizacion-niunamenos-el-estado-debe-reaccionar","status":"publish","type":"post","link":"https:\/\/atecordoba.org\/?p=5369","title":{"rendered":"ATE presente en la multitudinaria movilizaci\u00f3n #niunamenos: \u201cel Estado debe reaccionar\u201d"},"content":{"rendered":"<p><em>Una columna de nuestro gremio particip\u00f3 de la hist\u00f3rica movilizaci\u00f3n realizada ayer. Nuestra secretaria General, Mar\u00eda Teresa Romero, se refiri\u00f3 al papel del Estado para afrontar la problem\u00e1tica.<\/em><\/p>\n<p><a href=\"http:\/\/atecordoba.org\/wp-content\/uploads\/2020\/06\/IMG_7976-e1433455264839.jpg\"><img loading=\"lazy\" decoding=\"async\" class=\"aligncenter size-full wp-image-5370\" src=\"http:\/\/atecordoba.org\/wp-content\/uploads\/2020\/06\/IMG_7976-e1433455264839.jpg\" alt=\"IMG_7976\" width=\"550\" height=\"309\" \/><\/a><\/p>\n<p>Los compa\u00f1eros y compa\u00f1eras de ATE se reunieron ayer en la esquina de ca\u00f1ada y 9 de julio para marchar junto a los miles de cordobeses, que dieron una se\u00f1al contundente en rechazo a los feminicidios y la violencia contra la mujer.<\/p>\n<p><a href=\"http:\/\/atecordoba.org\/wp-content\/uploads\/2020\/06\/IMG_7959-e1433455318285.jpg\"><img loading=\"lazy\" decoding=\"async\" class=\"aligncenter size-full wp-image-5371\" src=\"http:\/\/atecordoba.org\/wp-content\/uploads\/2020\/06\/IMG_7959-e1433455318285.jpg\" alt=\"IMG_7959\" width=\"550\" height=\"309\" \/><\/a><\/p>\n<p>Se trat\u00f3 de una de las marchas m\u00e1s importantes registradas en democracia, con el plus que fue autoconvocada, ante la sucesi\u00f3n de asesinatos a mujeres que vienen ocurriendo en nuestro pa\u00eds. C\u00f3rdoba no es la excepci\u00f3n a este triste panorama. pero sin duda, ayer fue una jornada de alegr\u00eda al advertirse como reacciona la comunidad ante este cuadro de situaci\u00f3n, con la participaci\u00f3n destacada de j\u00f3venes que comienzan a incorporar aquello de dejar de naturalizar la violencia cotidiana contra la mujer. En la oportunidad,\u00a0particip\u00f3 la mayor\u00eda del secretariado de ATE, as\u00ed como la presidente del Centro de Jubilados provincial Carmen Neder, dando un mensaje claro del compromiso delo gremio con la problem\u00e1tica.<\/p>\n<p><a href=\"http:\/\/atecordoba.org\/wp-content\/uploads\/2020\/06\/IMG_7977-e1433455567500.jpg\"><img loading=\"lazy\" decoding=\"async\" class=\"aligncenter size-full wp-image-5376\" src=\"http:\/\/atecordoba.org\/wp-content\/uploads\/2020\/06\/IMG_7977-e1433455567500.jpg\" alt=\"IMG_7977\" width=\"550\" height=\"978\" \/><\/a><\/p>\n<p>&nbsp;<\/p>\n<p>En ese marco, la secretaria General de ATE C\u00f3rdoba, Mar\u00eda Teresa Romero, evalu\u00f3 que &#8220;esta movilizaci\u00f3n es maravillosa porque expresa que colectivamente decimos basta a la violencia contra las mujeres, no aguantamos m\u00e1s este machismo que mata, ya no es s\u00f3lo el maltrato psicol\u00f3gico, que tambi\u00e9n es una aberraci\u00f3n. Tanto los gobiernos como los distintos sectores pol\u00edticos tienen que tomar nota de esto. Somos miles que marchamos en el pa\u00eds, adem\u00e1s que fue pr\u00e1cticamente una autoconvocatoria&#8221;.<\/p>\n<p><a href=\"http:\/\/atecordoba.org\/wp-content\/uploads\/2020\/06\/IMG_7948-e1433455373757.jpg\"><img loading=\"lazy\" decoding=\"async\" class=\"aligncenter size-full wp-image-5372\" src=\"http:\/\/atecordoba.org\/wp-content\/uploads\/2020\/06\/IMG_7948-e1433455373757.jpg\" alt=\"IMG_7948\" width=\"550\" height=\"309\" \/><\/a><\/p>\n<p>Romero, desde su lugar de trabajadora estatal, afirm\u00f3 que &#8220;el Estado debe tener pol\u00edticas p\u00fablicas acertadas para una toma de conciencia, educando desde los ni\u00f1os para que no se repita que puede suceder en las casas. Al mismo tiempo tambi\u00e9n debe aplicar pol\u00edticas para subsanar lo que ya est\u00e1 sucediendo. Son dos partes: generar conciencia, que es lo mejor a largo plazo para resolver el problema cultural, y tambi\u00e9n buscar la forma que la gente llegue a esto&#8221;.<\/p>\n<p><a href=\"http:\/\/atecordoba.org\/wp-content\/uploads\/2020\/06\/IMG_7952-e1433455423475.jpg\"><img loading=\"lazy\" decoding=\"async\" class=\"aligncenter size-full wp-image-5373\" src=\"http:\/\/atecordoba.org\/wp-content\/uploads\/2020\/06\/IMG_7952-e1433455423475.jpg\" alt=\"IMG_7952\" width=\"550\" height=\"309\" \/><\/a><\/p>\n<p>En esa l\u00ednea, critic\u00f3 la falta de ejecuci\u00f3n presupuestaria de las partidas destinadas para financiar los programas para la conteci\u00f3n de las mujeres que vigentes en el Estado provincial.\u00a0&#8220;Ah\u00ed te das cuenta cual es la verdadera importancia que le dieron a este tema. Por eso es muy importante la marcha, como expresi\u00f3n del pueblo. Como a muchos gobernantes s\u00f3lo les interesa c\u00f3mo nos expresamos en las urnas, creo que no es menor en \u00e9pocas electorales. Es un mensaje claro para todos los gobiernos&#8221;.<\/p>\n<p>A su turno, la compa\u00f1era\u00a0Gloria Almada, integrante del Departamento de G\u00e9nero de ATE C\u00f3rdoba, dijo que la marcha fue &#8220;muy importante para las mujeres que han sido maltratadas y las que contin\u00faan si\u00e9ndolo. Hay que tomar conciencia de lo que las mujeres necesitan, no s\u00f3lo un bot\u00f3n \u2018antip\u00e1nico\u2019, sino que sus derechos no sean vulnerados&#8221;. Y consider\u00f3 que el Estado &#8220;est\u00e1 casi ausente y en especial no hay un presupuesto que encontrar una modalidad donde la mujer y sus hijos sean contenidos ante la situaci\u00f3n concreta de abuso y violencia&#8221;.<\/p>\n<p><a href=\"http:\/\/atecordoba.org\/wp-content\/uploads\/2020\/06\/IMG_7974-e1433455467792.jpg\"><img loading=\"lazy\" decoding=\"async\" class=\"aligncenter size-full wp-image-5374\" src=\"http:\/\/atecordoba.org\/wp-content\/uploads\/2020\/06\/IMG_7974-e1433455467792.jpg\" alt=\"IMG_7974\" width=\"550\" height=\"309\" \/><\/a><\/p>\n<p><strong>\u00bfQu\u00e9 lectura haces sobre la violencia a las mujeres en los sectores de trabajo en el Estado? <\/strong><\/p>\n<p>Yo trabajo como personal civil de las FF.AA. y all\u00ed la situaci\u00f3n era muy perjudicial para nuestros derechos como mujeres. Est\u00e1bamos siempre relegadas bajo la bota de un militar. Actualmente, gracias al trabajo sindical que viene haciendo ATE en el sector, con un grupo de mujeres muy comprometido, logramos que nuestros jefes nos tengan en consideraci\u00f3n, respet\u00e1ndonos como mujeres y con nuestra forma de pensar.<\/p>\n<p><a href=\"http:\/\/atecordoba.org\/wp-content\/uploads\/2020\/06\/IMG_7967-e1433455518222.jpg\"><img loading=\"lazy\" decoding=\"async\" class=\"aligncenter size-full wp-image-5375\" src=\"http:\/\/atecordoba.org\/wp-content\/uploads\/2020\/06\/IMG_7967-e1433455518222.jpg\" alt=\"IMG_7967\" width=\"500\" height=\"281\" \/><\/a><\/p>\n","protected":false},"excerpt":{"rendered":"<p>Una columna de nuestro gremio particip\u00f3 de la hist\u00f3rica movilizaci\u00f3n realizada ayer. Nuestra secretaria General, Mar\u00eda Teresa Romero, se refiri\u00f3 al papel del Estado para afrontar la problem\u00e1tica. Los compa\u00f1eros y compa\u00f1eras de ATE se reunieron ayer en la esquina de ca\u00f1ada y 9 de julio para marchar junto a los miles de cordobeses, que [&hellip;]<\/p>\n","protected":false},"author":1,"featured_media":19220,"comment_status":"open","ping_status":"open","sticky":false,"template":"","format":"standard","meta":{"_exactmetrics_skip_tracking":false,"_exactmetrics_sitenote_active":false,"_exactmetrics_sitenote_note":"","_exactmetrics_sitenote_category":0,"jnews-multi-image_gallery":[],"jnews_single_post":[],"jnews_primary_category":[],"jnews_social_meta":[],"jnews_review":[],"enable_review":"","type":"","name":"","summary":"","brand":"","sku":"","good":[],"bad":[],"score_override":"","override_value":"","rating":[],"price":[],"jnews_override_counter":[],"jnews_post_split":[],"footnotes":""},"categories":[325,18],"tags":[],"class_list":["post-5369","post","type-post","status-publish","format-standard","has-post-thumbnail","hentry","category-generos-y-diversidades","category-nacionales"],"jetpack_featured_media_url":"https:\/\/atecordoba.org\/wp-content\/uploads\/2020\/05\/logo-nuevochico-e1561581322808.png","_links":{"self":[{"href":"https:\/\/atecordoba.org\/index.php?rest_route=\/wp\/v2\/posts\/5369","targetHints":{"allow":["GET"]}}],"collection":[{"href":"https:\/\/atecordoba.org\/index.php?rest_route=\/wp\/v2\/posts"}],"about":[{"href":"https:\/\/atecordoba.org\/index.php?rest_route=\/wp\/v2\/types\/post"}],"author":[{"embeddable":true,"href":"https:\/\/atecordoba.org\/index.php?rest_route=\/wp\/v2\/users\/1"}],"replies":[{"embeddable":true,"href":"https:\/\/atecordoba.org\/index.php?rest_route=%2Fwp%2Fv2%2Fcomments&post=5369"}],"version-history":[{"count":1,"href":"https:\/\/atecordoba.org\/index.php?rest_route=\/wp\/v2\/posts\/5369\/revisions"}],"predecessor-version":[{"id":20039,"href":"https:\/\/atecordoba.org\/index.php?rest_route=\/wp\/v2\/posts\/5369\/revisions\/20039"}],"wp:featuredmedia":[{"embeddable":true,"href":"https:\/\/atecordoba.org\/index.php?rest_route=\/wp\/v2\/media\/19220"}],"wp:attachment":[{"href":"https:\/\/atecordoba.org\/index.php?rest_route=%2Fwp%2Fv2%2Fmedia&parent=5369"}],"wp:term":[{"taxonomy":"category","embeddable":true,"href":"https:\/\/atecordoba.org\/index.php?rest_route=%2Fwp%2Fv2%2Fcategories&post=5369"},{"taxonomy":"post_tag","embeddable":true,"href":"https:\/\/atecordoba.org\/index.php?rest_route=%2Fwp%2Fv2%2Ftags&post=5369"}],"curies":[{"name":"wp","href":"https:\/\/api.w.org\/{rel}","templated":true}]}}