{"id":53535,"date":"2026-04-30T16:08:01","date_gmt":"2026-04-30T19:08:01","guid":{"rendered":"https:\/\/atecordoba.org\/?p=53535"},"modified":"2026-04-30T17:10:46","modified_gmt":"2026-04-30T20:10:46","slug":"federico-giuliani-estuvo-invitado-en-el-congreso-provincial-de-ate-entre-rios","status":"publish","type":"post","link":"https:\/\/atecordoba.org\/?p=53535","title":{"rendered":"Federico Giuliani estuvo invitado en el Congreso Provincial de ATE Entre R\u00edos"},"content":{"rendered":"<p><img loading=\"lazy\" decoding=\"async\" class=\"aligncenter wp-image-53536 \" src=\"https:\/\/atecordoba.org\/wp-content\/uploads\/2026\/04\/WhatsApp-Image-2026-04-30-at-15.31.00-1024x768.jpeg\" alt=\"\" width=\"615\" height=\"462\" \/>El secretario General de ATE C\u00f3rdobas y la CTAA Provincia de C\u00f3rdoba, Federico Giuliani, se dio el gusto de participar como invitado en el Congreso Provincial de ATE Entre R\u00edos, donde comparti\u00f3 escenario con el secretario General local, Oscar Muntes, y su par de Provincia de Buenos Aires, Claudio Arevalo.<\/p>\n<p>Tambi\u00e9n estuvieron la secretaria Adjunta del Consejo Nacional, Mercedes Cabezas, y el secretario General de la CTAA, Hugo Godoy, as\u00ed como la secretaria Adjunta de CTAA Provincia de C\u00f3rdoba, Silvia Alcoba.<\/p>\n<p>Durante el Congreso se ratificaron los lazos fraternos de quienes integramos ATE en las distintas provincias, comprometidos por el proyecto en com\u00fan de recuperar el Estado de las manos brutales de los libertarios para volver a ponerlo a disposici\u00f3n del pueblo argentino. <img loading=\"lazy\" decoding=\"async\" class=\"aligncenter wp-image-53537 \" src=\"https:\/\/atecordoba.org\/wp-content\/uploads\/2026\/04\/WhatsApp-Image-2026-04-30-at-15.30.56-1024x1024.jpeg\" alt=\"\" width=\"599\" height=\"599\" srcset=\"https:\/\/atecordoba.org\/wp-content\/uploads\/2026\/04\/WhatsApp-Image-2026-04-30-at-15.30.56-1024x1024.jpeg 1024w, https:\/\/atecordoba.org\/wp-content\/uploads\/2026\/04\/WhatsApp-Image-2026-04-30-at-15.30.56-300x300.jpeg 300w, https:\/\/atecordoba.org\/wp-content\/uploads\/2026\/04\/WhatsApp-Image-2026-04-30-at-15.30.56-150x150.jpeg 150w, https:\/\/atecordoba.org\/wp-content\/uploads\/2026\/04\/WhatsApp-Image-2026-04-30-at-15.30.56-768x768.jpeg 768w, https:\/\/atecordoba.org\/wp-content\/uploads\/2026\/04\/WhatsApp-Image-2026-04-30-at-15.30.56-1536x1536.jpeg 1536w, https:\/\/atecordoba.org\/wp-content\/uploads\/2026\/04\/WhatsApp-Image-2026-04-30-at-15.30.56-560x560.jpeg 560w, https:\/\/atecordoba.org\/wp-content\/uploads\/2026\/04\/WhatsApp-Image-2026-04-30-at-15.30.56-75x75.jpeg 75w, https:\/\/atecordoba.org\/wp-content\/uploads\/2026\/04\/WhatsApp-Image-2026-04-30-at-15.30.56-350x350.jpeg 350w, https:\/\/atecordoba.org\/wp-content\/uploads\/2026\/04\/WhatsApp-Image-2026-04-30-at-15.30.56-750x750.jpeg 750w, https:\/\/atecordoba.org\/wp-content\/uploads\/2026\/04\/WhatsApp-Image-2026-04-30-at-15.30.56-1140x1140.jpeg 1140w, https:\/\/atecordoba.org\/wp-content\/uploads\/2026\/04\/WhatsApp-Image-2026-04-30-at-15.30.56.jpeg 1600w\" sizes=\"auto, (max-width: 599px) 100vw, 599px\" \/><\/p>\n<p>En ese marco, Giuliani dirigi\u00f3 un breve discurso a los congresales y destac\u00f3 que &#8220;con Claudio y Oscar venimos construyendo algo que est\u00e1 bueno, la unidad para adentro, un proceso que no solo es para afuera. Y para eso la dirigencia debe estar a la altura de las circunstancias, ratificamos que el \u00fanico color de nuestro sindicato es el verde&#8221;, dijo el dirigente, despertando un cerrado aplauso general.<\/p>\n<p>En la oportunidad agradeci\u00f3 la solidaridad de Entre R\u00edos cuando estuvo preso pro la persecuci\u00f3n judicial en C\u00f3rdoba, record\u00f3 que &#8220;hoy se cumplen 49 a\u00f1os de la primera ronda de Madres de Plaza de Mayo y tengo mi remera con la querida Nora Corti\u00f1as. Tambi\u00e9n recordamos la CGT Brasil que combati\u00f3 la dictadura con Sa\u00fal Ubaldini a la cabeza. Fueron ambos, con la pelea \u201cpaz, pan y trabajo\u201d y con el grito por los DDHH quienes echaron a patadas a la dictadura&#8221;.<\/p>\n<p><img loading=\"lazy\" decoding=\"async\" class=\"aligncenter wp-image-53538 \" src=\"https:\/\/atecordoba.org\/wp-content\/uploads\/2026\/04\/WhatsApp-Image-2026-04-30-at-15.30.58-1024x1024.jpeg\" alt=\"\" width=\"594\" height=\"594\" srcset=\"https:\/\/atecordoba.org\/wp-content\/uploads\/2026\/04\/WhatsApp-Image-2026-04-30-at-15.30.58-1024x1024.jpeg 1024w, https:\/\/atecordoba.org\/wp-content\/uploads\/2026\/04\/WhatsApp-Image-2026-04-30-at-15.30.58-300x300.jpeg 300w, https:\/\/atecordoba.org\/wp-content\/uploads\/2026\/04\/WhatsApp-Image-2026-04-30-at-15.30.58-150x150.jpeg 150w, https:\/\/atecordoba.org\/wp-content\/uploads\/2026\/04\/WhatsApp-Image-2026-04-30-at-15.30.58-768x768.jpeg 768w, https:\/\/atecordoba.org\/wp-content\/uploads\/2026\/04\/WhatsApp-Image-2026-04-30-at-15.30.58-560x560.jpeg 560w, https:\/\/atecordoba.org\/wp-content\/uploads\/2026\/04\/WhatsApp-Image-2026-04-30-at-15.30.58-75x75.jpeg 75w, https:\/\/atecordoba.org\/wp-content\/uploads\/2026\/04\/WhatsApp-Image-2026-04-30-at-15.30.58-350x350.jpeg 350w, https:\/\/atecordoba.org\/wp-content\/uploads\/2026\/04\/WhatsApp-Image-2026-04-30-at-15.30.58-750x750.jpeg 750w, https:\/\/atecordoba.org\/wp-content\/uploads\/2026\/04\/WhatsApp-Image-2026-04-30-at-15.30.58-1140x1140.jpeg 1140w, https:\/\/atecordoba.org\/wp-content\/uploads\/2026\/04\/WhatsApp-Image-2026-04-30-at-15.30.58.jpeg 1536w\" sizes=\"auto, (max-width: 594px) 100vw, 594px\" \/><\/p>\n<p>Y complet\u00f3 se\u00f1alando que &#8220;En cada compa\u00f1ero y compa\u00f1era aqu\u00ed presente veo el rostro del Estado, que no es algo abstracto, somos nosotros los trabajadores que, como comunidad organizada, le garantiza derechos al pueblo. Y somos el \u00faltimo escudo ante los atropellos y las injusticias de la oligarqu\u00eda revanchista, que hoy de vuelta gobierna la Argentina&#8221;.<\/p>\n","protected":false},"excerpt":{"rendered":"<p>El secretario General de ATE C\u00f3rdobas y la CTAA Provincia de C\u00f3rdoba, Federico Giuliani, se dio el gusto de participar como invitado en el Congreso Provincial de ATE Entre R\u00edos, donde comparti\u00f3 escenario con el secretario General local, Oscar Muntes, y su par de Provincia de Buenos Aires, Claudio Arevalo. Tambi\u00e9n estuvieron la secretaria Adjunta [&hellip;]<\/p>\n","protected":false},"author":7,"featured_media":53536,"comment_status":"open","ping_status":"open","sticky":false,"template":"","format":"standard","meta":{"_exactmetrics_skip_tracking":false,"_exactmetrics_sitenote_active":false,"_exactmetrics_sitenote_note":"","_exactmetrics_sitenote_category":0,"jnews-multi-image_gallery":[],"jnews_single_post":{"format":"standard","override":[{"template":"1","parallax":"1","fullscreen":"1","layout":"no-sidebar-narrow","sidebar":"default-sidebar","second_sidebar":"default-sidebar","sticky_sidebar":"1","share_position":"bottom","share_float_style":"share-monocrhome","show_share_counter":"1","show_view_counter":"1","show_post_meta":"1","show_post_author_image":"1","show_post_date":"1","post_date_format":"default","post_date_format_custom":"Y\/m\/d","show_post_category":"1","show_post_reading_time":"0","post_reading_time_wpm":"300","post_calculate_word_method":"str_word_count","show_zoom_button":"0","zoom_button_out_step":"2","zoom_button_in_step":"3","show_post_tag":"1","number_popup_post":"1","show_post_related":"1","show_inline_post_related":"0"}],"image_override":[{"single_post_thumbnail_size":"crop-500","single_post_gallery_size":"crop-500"}],"trending_post_position":"meta","trending_post_label":"Trending","sponsored_post_label":"Sponsored by","disable_ad":"0"},"jnews_primary_category":[],"jnews_social_meta":[],"jnews_review":[],"enable_review":"","type":"percentage","name":"","summary":"","brand":"","sku":"","good":[],"bad":[],"score_override":"","override_value":"","rating":[],"price":[],"jnews_override_counter":{"view_counter_number":"0","share_counter_number":"0","like_counter_number":"0","dislike_counter_number":"0"},"jnews_post_split":{"post_split":[{"template":"1","tag":"h2","numbering":"asc","mode":"normal","first":"0","enable_toc":"0","toc_type":"normal"}]},"footnotes":""},"categories":[10],"tags":[],"class_list":["post-53535","post","type-post","status-publish","format-standard","has-post-thumbnail","hentry","category-accion-politica"],"jetpack_featured_media_url":"https:\/\/atecordoba.org\/wp-content\/uploads\/2026\/04\/WhatsApp-Image-2026-04-30-at-15.31.00-e1777576067576.jpeg","_links":{"self":[{"href":"https:\/\/atecordoba.org\/index.php?rest_route=\/wp\/v2\/posts\/53535","targetHints":{"allow":["GET"]}}],"collection":[{"href":"https:\/\/atecordoba.org\/index.php?rest_route=\/wp\/v2\/posts"}],"about":[{"href":"https:\/\/atecordoba.org\/index.php?rest_route=\/wp\/v2\/types\/post"}],"author":[{"embeddable":true,"href":"https:\/\/atecordoba.org\/index.php?rest_route=\/wp\/v2\/users\/7"}],"replies":[{"embeddable":true,"href":"https:\/\/atecordoba.org\/index.php?rest_route=%2Fwp%2Fv2%2Fcomments&post=53535"}],"version-history":[{"count":2,"href":"https:\/\/atecordoba.org\/index.php?rest_route=\/wp\/v2\/posts\/53535\/revisions"}],"predecessor-version":[{"id":53540,"href":"https:\/\/atecordoba.org\/index.php?rest_route=\/wp\/v2\/posts\/53535\/revisions\/53540"}],"wp:featuredmedia":[{"embeddable":true,"href":"https:\/\/atecordoba.org\/index.php?rest_route=\/wp\/v2\/media\/53536"}],"wp:attachment":[{"href":"https:\/\/atecordoba.org\/index.php?rest_route=%2Fwp%2Fv2%2Fmedia&parent=53535"}],"wp:term":[{"taxonomy":"category","embeddable":true,"href":"https:\/\/atecordoba.org\/index.php?rest_route=%2Fwp%2Fv2%2Fcategories&post=53535"},{"taxonomy":"post_tag","embeddable":true,"href":"https:\/\/atecordoba.org\/index.php?rest_route=%2Fwp%2Fv2%2Ftags&post=53535"}],"curies":[{"name":"wp","href":"https:\/\/api.w.org\/{rel}","templated":true}]}}