{"id":53530,"date":"2026-04-30T15:24:47","date_gmt":"2026-04-30T18:24:47","guid":{"rendered":"https:\/\/atecordoba.org\/?p=53530"},"modified":"2026-04-30T15:24:47","modified_gmt":"2026-04-30T18:24:47","slug":"inti-ate-cordoba-repudia-la-judicializacion-del-conflicto-y-la-denuncia-penal-del-gobierno-libertario-contra-la-junta-interna","status":"publish","type":"post","link":"https:\/\/atecordoba.org\/?p=53530","title":{"rendered":"INTI: ATE C\u00f3rdoba repudia la judicializaci\u00f3n del conflicto y la denuncia penal del gobierno libertario contra la Junta Interna"},"content":{"rendered":"<p><img loading=\"lazy\" decoding=\"async\" class=\"aligncenter wp-image-53531 \" src=\"https:\/\/atecordoba.org\/wp-content\/uploads\/2026\/04\/INTI-PROTESTA-3-1024x683.jpg\" alt=\"\" width=\"537\" height=\"358\" srcset=\"https:\/\/atecordoba.org\/wp-content\/uploads\/2026\/04\/INTI-PROTESTA-3-1024x683.jpg 1024w, https:\/\/atecordoba.org\/wp-content\/uploads\/2026\/04\/INTI-PROTESTA-3-300x200.jpg 300w, https:\/\/atecordoba.org\/wp-content\/uploads\/2026\/04\/INTI-PROTESTA-3-768x512.jpg 768w, https:\/\/atecordoba.org\/wp-content\/uploads\/2026\/04\/INTI-PROTESTA-3-750x500.jpg 750w, https:\/\/atecordoba.org\/wp-content\/uploads\/2026\/04\/INTI-PROTESTA-3-1140x760.jpg 1140w, https:\/\/atecordoba.org\/wp-content\/uploads\/2026\/04\/INTI-PROTESTA-3.jpg 1200w\" sizes=\"auto, (max-width: 537px) 100vw, 537px\" \/>Frente a los anuncios de que el Gobierno de Milei tiene intenciones de denunciar penalmente a la Junta Interna de ATE INTI, luego de la represi\u00f3n que sufrieron las y los trabajadores ayer en el marco del conflicto por los cientos de despidos que las gesti\u00f3n libertaria pretende imponer en el organismo cient\u00edfico-tecnol\u00f3gico.<\/p>\n<p>Tal como denunci\u00f3 la seccional ATE Cruz del Eje, las autoridades del organismo vienen aplicando en las \u00faltimas semanas uno de los mayores ajuste en la historia, dando de baja completamente a las \u00e1reas de Metrolog\u00eda Legal en todos los centros tecnol\u00f3gicos del pa\u00eds, como tambi\u00e9n la baja de unos 900 servicios anal\u00edticos que garantizaban un piso de calidad y seguridad a los productos industriales que consumimos diariamente. <img loading=\"lazy\" decoding=\"async\" class=\"aligncenter wp-image-53532 \" src=\"https:\/\/atecordoba.org\/wp-content\/uploads\/2026\/04\/web-foto-inti-represion-1024x683.jpg\" alt=\"\" width=\"524\" height=\"349\" srcset=\"https:\/\/atecordoba.org\/wp-content\/uploads\/2026\/04\/web-foto-inti-represion-1024x683.jpg 1024w, https:\/\/atecordoba.org\/wp-content\/uploads\/2026\/04\/web-foto-inti-represion-300x200.jpg 300w, https:\/\/atecordoba.org\/wp-content\/uploads\/2026\/04\/web-foto-inti-represion-768x512.jpg 768w, https:\/\/atecordoba.org\/wp-content\/uploads\/2026\/04\/web-foto-inti-represion-750x500.jpg 750w, https:\/\/atecordoba.org\/wp-content\/uploads\/2026\/04\/web-foto-inti-represion-1140x760.jpg 1140w, https:\/\/atecordoba.org\/wp-content\/uploads\/2026\/04\/web-foto-inti-represion.jpg 1200w\" sizes=\"auto, (max-width: 524px) 100vw, 524px\" \/><\/p>\n<p>En vez de propiciar el di\u00e1logo, las autoridades optaron por la represi\u00f3n de la gendarmer\u00eda, tal como qued\u00f3 registrado en las filmaciones de ayer.<\/p>\n<p>En consecuencia, nos solidarizamos con las y los trabajadores de INTI y especialmente con los compa\u00f1eros de la Junta Interna, ratificando el derecho a la protesta como un pilar de la convivencia democr\u00e1tica y un derecho fundamental que establece la Constituci\u00f3n Nacional, a pesar de la criminalizaci\u00f3n que pretende imponer el Gobierno de Milei.<\/p>\n","protected":false},"excerpt":{"rendered":"<p>Frente a los anuncios de que el Gobierno de Milei tiene intenciones de denunciar penalmente a la Junta Interna de ATE INTI, luego de la represi\u00f3n que sufrieron las y los trabajadores ayer en el marco del conflicto por los cientos de despidos que las gesti\u00f3n libertaria pretende imponer en el organismo cient\u00edfico-tecnol\u00f3gico. Tal como [&hellip;]<\/p>\n","protected":false},"author":7,"featured_media":53532,"comment_status":"open","ping_status":"open","sticky":false,"template":"","format":"standard","meta":{"_exactmetrics_skip_tracking":false,"_exactmetrics_sitenote_active":false,"_exactmetrics_sitenote_note":"","_exactmetrics_sitenote_category":0,"jnews-multi-image_gallery":[],"jnews_single_post":[],"jnews_primary_category":[],"jnews_social_meta":[],"jnews_review":[],"enable_review":"","type":"","name":"","summary":"","brand":"","sku":"","good":[],"bad":[],"score_override":"","override_value":"","rating":[],"price":[],"jnews_override_counter":[],"jnews_post_split":[],"footnotes":""},"categories":[18],"tags":[],"class_list":["post-53530","post","type-post","status-publish","format-standard","has-post-thumbnail","hentry","category-nacionales"],"jetpack_featured_media_url":"https:\/\/atecordoba.org\/wp-content\/uploads\/2026\/04\/web-foto-inti-represion.jpg","_links":{"self":[{"href":"https:\/\/atecordoba.org\/index.php?rest_route=\/wp\/v2\/posts\/53530","targetHints":{"allow":["GET"]}}],"collection":[{"href":"https:\/\/atecordoba.org\/index.php?rest_route=\/wp\/v2\/posts"}],"about":[{"href":"https:\/\/atecordoba.org\/index.php?rest_route=\/wp\/v2\/types\/post"}],"author":[{"embeddable":true,"href":"https:\/\/atecordoba.org\/index.php?rest_route=\/wp\/v2\/users\/7"}],"replies":[{"embeddable":true,"href":"https:\/\/atecordoba.org\/index.php?rest_route=%2Fwp%2Fv2%2Fcomments&post=53530"}],"version-history":[{"count":1,"href":"https:\/\/atecordoba.org\/index.php?rest_route=\/wp\/v2\/posts\/53530\/revisions"}],"predecessor-version":[{"id":53533,"href":"https:\/\/atecordoba.org\/index.php?rest_route=\/wp\/v2\/posts\/53530\/revisions\/53533"}],"wp:featuredmedia":[{"embeddable":true,"href":"https:\/\/atecordoba.org\/index.php?rest_route=\/wp\/v2\/media\/53532"}],"wp:attachment":[{"href":"https:\/\/atecordoba.org\/index.php?rest_route=%2Fwp%2Fv2%2Fmedia&parent=53530"}],"wp:term":[{"taxonomy":"category","embeddable":true,"href":"https:\/\/atecordoba.org\/index.php?rest_route=%2Fwp%2Fv2%2Fcategories&post=53530"},{"taxonomy":"post_tag","embeddable":true,"href":"https:\/\/atecordoba.org\/index.php?rest_route=%2Fwp%2Fv2%2Ftags&post=53530"}],"curies":[{"name":"wp","href":"https:\/\/api.w.org\/{rel}","templated":true}]}}