{"id":53519,"date":"2026-04-30T15:02:14","date_gmt":"2026-04-30T18:02:14","guid":{"rendered":"https:\/\/atecordoba.org\/?p=53519"},"modified":"2026-04-30T15:02:14","modified_gmt":"2026-04-30T18:02:14","slug":"ate-y-la-cta-presentes-en-la-masiva-marcha-del-fresu-en-cordoba","status":"publish","type":"post","link":"https:\/\/atecordoba.org\/?p=53519","title":{"rendered":"ATE y la CTA presentes en la masiva marcha del FreSU en C\u00f3rdoba"},"content":{"rendered":"<p><img loading=\"lazy\" decoding=\"async\" class=\"aligncenter wp-image-53522 \" src=\"https:\/\/atecordoba.org\/wp-content\/uploads\/2026\/04\/WhatsApp-Image-2026-04-30-at-12.46.48-1024x586.jpeg\" alt=\"\" width=\"603\" height=\"345\" srcset=\"https:\/\/atecordoba.org\/wp-content\/uploads\/2026\/04\/WhatsApp-Image-2026-04-30-at-12.46.48-1024x586.jpeg 1024w, https:\/\/atecordoba.org\/wp-content\/uploads\/2026\/04\/WhatsApp-Image-2026-04-30-at-12.46.48-300x172.jpeg 300w, https:\/\/atecordoba.org\/wp-content\/uploads\/2026\/04\/WhatsApp-Image-2026-04-30-at-12.46.48-768x439.jpeg 768w, https:\/\/atecordoba.org\/wp-content\/uploads\/2026\/04\/WhatsApp-Image-2026-04-30-at-12.46.48-750x429.jpeg 750w, https:\/\/atecordoba.org\/wp-content\/uploads\/2026\/04\/WhatsApp-Image-2026-04-30-at-12.46.48.jpeg 1080w\" sizes=\"auto, (max-width: 603px) 100vw, 603px\" \/>En el mediodia de hoy en C\u00f3rdoba Capital una nutrida multitud de trabajadores y trabajadoras enrolados en organizaciones sindicales y sociales se movilizaron contra el ajuste y plantaron la bandera de en las calles del centro contra el brutal gobierno de ajuste y corrupci\u00f3n que encabeza Javier Milei.<\/p>\n<p>La convocatoria del FreSU (Frente de Sindicatos Unidos) logr\u00f3 aglutinar a organizaciones de la CGT, que confluyeron con la CTA para dar as\u00ed un mensaje de unidad y lucha frene al desastre libertario. En ese marco, ATE C\u00f3rdoba dijo presente junto a la FeNAT-CTAA.<img loading=\"lazy\" decoding=\"async\" class=\"alignleft wp-image-53523 \" src=\"https:\/\/atecordoba.org\/wp-content\/uploads\/2026\/04\/WhatsApp-Image-2026-04-30-at-12.46.46-1-666x1024.jpeg\" alt=\"\" width=\"327\" height=\"503\" srcset=\"https:\/\/atecordoba.org\/wp-content\/uploads\/2026\/04\/WhatsApp-Image-2026-04-30-at-12.46.46-1-666x1024.jpeg 666w, https:\/\/atecordoba.org\/wp-content\/uploads\/2026\/04\/WhatsApp-Image-2026-04-30-at-12.46.46-1-195x300.jpeg 195w, https:\/\/atecordoba.org\/wp-content\/uploads\/2026\/04\/WhatsApp-Image-2026-04-30-at-12.46.46-1-768x1182.jpeg 768w, https:\/\/atecordoba.org\/wp-content\/uploads\/2026\/04\/WhatsApp-Image-2026-04-30-at-12.46.46-1-998x1536.jpeg 998w, https:\/\/atecordoba.org\/wp-content\/uploads\/2026\/04\/WhatsApp-Image-2026-04-30-at-12.46.46-1-750x1154.jpeg 750w, https:\/\/atecordoba.org\/wp-content\/uploads\/2026\/04\/WhatsApp-Image-2026-04-30-at-12.46.46-1.jpeg 1040w\" sizes=\"auto, (max-width: 327px) 100vw, 327px\" \/><\/p>\n<p>La columna parti\u00f3 desde la esquina de Colon y General Paz y finaliz\u00f3 frente al Patio Olmos, cortando absolutamente la avenida V\u00e9lez Sarsfield, dando cuenta que el Protocolo de Bulrrich no se aplica en la provincia, por m\u00e1s que se quejen los medio de comunicaci\u00f3n identificados con el gobierno nacional, y que la protesta social es un derecho.<\/p>\n<p>Frente a la novedad del FreSU, que ma\u00f1ana tendr\u00e1 un plenario con 1600 delegados y delegadas de todo el pa\u00eds, y ante el evidente reclamo de las bases por la crisis econ\u00f3mica, la movilizaci\u00f3n cont\u00f3 con los principales gremios de las dos CGT existentes en la provincia.<\/p>\n<p>&#8220;Creemos que ya hay sobradas muestras de que no podemos esperar m\u00e1s, que los tiempos de las y los trabajadores muchas veces no son los de las conducciones. Por eso es importante que hoy estemos ac\u00e1 presentes como ATE, como CTA Aut\u00f3noma, mostrando nuestra buena voluntad de querer articular, de que hay que darle unidad a las luchas para poder hacerle frente a este gobierno nacional y tambi\u00e9n al provincial, que replica las pol\u00edticas de desmantelamiento y de hambrear al pueblo. Son los fundamentos que construir un plan estrat\u00e9gico, que es lo que nos falta&#8221;, dijo la secretaria de Prensa de ATE C\u00f3rdoba y vocal de la conducci\u00f3n nacional, Julia Giuliani.<\/p>\n<p>La dirigente explic\u00f3 que la construcci\u00f3n colectiva tiene un punto de partida: &#8220;es clave encontrarnos, reunirnos, discutir, debatir, tambi\u00e9n tener en cuenta las diferencias pero ver cu\u00e1les son los puntos de coincidencia. Esos que nos tienen que marcar la hoja de ruta de ac\u00e1 en adelante para seguir desgastando a este gobierno, que se tiene <img loading=\"lazy\" decoding=\"async\" class=\"alignright wp-image-53524 \" src=\"https:\/\/atecordoba.org\/wp-content\/uploads\/2026\/04\/WhatsApp-Image-2026-04-30-at-12.45.03-576x1024.jpeg\" alt=\"\" width=\"346\" height=\"615\" srcset=\"https:\/\/atecordoba.org\/wp-content\/uploads\/2026\/04\/WhatsApp-Image-2026-04-30-at-12.45.03-576x1024.jpeg 576w, https:\/\/atecordoba.org\/wp-content\/uploads\/2026\/04\/WhatsApp-Image-2026-04-30-at-12.45.03-169x300.jpeg 169w, https:\/\/atecordoba.org\/wp-content\/uploads\/2026\/04\/WhatsApp-Image-2026-04-30-at-12.45.03-768x1365.jpeg 768w, https:\/\/atecordoba.org\/wp-content\/uploads\/2026\/04\/WhatsApp-Image-2026-04-30-at-12.45.03-864x1536.jpeg 864w, https:\/\/atecordoba.org\/wp-content\/uploads\/2026\/04\/WhatsApp-Image-2026-04-30-at-12.45.03-750x1333.jpeg 750w, https:\/\/atecordoba.org\/wp-content\/uploads\/2026\/04\/WhatsApp-Image-2026-04-30-at-12.45.03.jpeg 900w\" sizes=\"auto, (max-width: 346px) 100vw, 346px\" \/>que ir cuanto antes porque claramente esta situaci\u00f3n no puede seguir. M\u00e1s del 60% de los hogares, sobre todo en la provincia de C\u00f3rdoba, se ven claramente perjudicados ante la quinta de subsidios en los distintos servicios, el aumento de los productos alimenticios, el gran endeudamiento que se est\u00e1 dando en los sectores trabajadores, el camino nos muestra a lo largo de la historia que es la unidad&#8221;.<\/p>\n<p>Tambi\u00e9n hizo menci\u00f3n a la agenda pol\u00edtica coyuntural, a ra\u00edz de los esc\u00e1ndalos de corrupci\u00f3n del gobierno de Milei. &#8220;No podemos hacer caso omiso ni mirar a otro lado con lo que est\u00e1 pasando con los hechos de corrupci\u00f3n como el de Adorni, el de Karina Miley, el Caso Libra y un mont\u00f3n de casos que se replican a lo largo y ancho del pa\u00eds en todos los organismos en los cuales los libertarios y la libertad de avanza no han hecho m\u00e1s que vaciarlos para llevarlos a sus cuentas y a sus arcas propias&#8221;.<\/p>\n<p>Tambi\u00e9n aport\u00f3 su mirada el secretario General de ATE R\u00edo Tercero, David Salto, al se\u00f1alar que &#8220;nos encontramos de nuevo con las trabajadoras y los trabajadores, no solamente para repudiar este modelo regresivo que viene a terminar con el Movimiento Obrero Organizado, sino que estamos sembrando todo lo que se viene de ac\u00e1 en adelante para ponerle fin a este nefasto gobierno de Javier Milei. En ese marco creo que la construcci\u00f3n es colectiva&#8221;.<\/p>\n<p>A su turno, el secretario General del gremio de aceiteros de Tancacha, Diego Dom\u00ednguez, remarc\u00f3 que &#8220;estamos en la calle defendiendo las herramientas que tenemos los trabajadores, amenazadas hoy por la reforma laboral del gobierno de Milei, la huelga fundamentalmente, que es nuestra herramienta para dar la pelea ante las patronas que le corresponde a cada organizaci\u00f3n&#8221;. &#8220;Entonces me parece que el movimiento obrero tiene que organizarse, hay que dejar de mezquindades, hay que alejarse de todo personalismo y hay que dar la pelea todos juntos&#8221;, concluy\u00f3.<\/p>\n<div id='gallery_1' class='gallery galleryid-53519 gallery-columns-3 gallery-size-thumbnail'><figure class='gallery-item'>\n                <div class='gallery-icon portrait'>\n                    <a href='https:\/\/atecordoba.org\/wp-content\/uploads\/2026\/04\/WhatsApp-Image-2026-04-30-at-12.46.46.jpeg'><img loading=\"lazy\" decoding=\"async\" width=\"150\" height=\"150\" src=\"\" class=\"attachment-thumbnail size-thumbnail lazyload\" alt=\"\" data-src=\"https:\/\/atecordoba.org\/wp-content\/uploads\/2026\/04\/WhatsApp-Image-2026-04-30-at-12.46.46-150x150.jpeg\" data-sizes=\"auto\" data-srcset=\"https:\/\/atecordoba.org\/wp-content\/uploads\/2026\/04\/WhatsApp-Image-2026-04-30-at-12.46.46-150x150.jpeg 150w, https:\/\/atecordoba.org\/wp-content\/uploads\/2026\/04\/WhatsApp-Image-2026-04-30-at-12.46.46-560x560.jpeg 560w, https:\/\/atecordoba.org\/wp-content\/uploads\/2026\/04\/WhatsApp-Image-2026-04-30-at-12.46.46-75x75.jpeg 75w, https:\/\/atecordoba.org\/wp-content\/uploads\/2026\/04\/WhatsApp-Image-2026-04-30-at-12.46.46-350x350.jpeg 350w\" data-expand=\"700\" \/><\/a>\n                <\/div><\/figure><figure class='gallery-item'>\n                <div class='gallery-icon portrait'>\n                    <a href='https:\/\/atecordoba.org\/wp-content\/uploads\/2026\/04\/WhatsApp-Image-2026-04-30-at-12.46.47.jpeg'><img loading=\"lazy\" decoding=\"async\" width=\"150\" height=\"150\" src=\"\" class=\"attachment-thumbnail size-thumbnail lazyload\" alt=\"\" data-src=\"https:\/\/atecordoba.org\/wp-content\/uploads\/2026\/04\/WhatsApp-Image-2026-04-30-at-12.46.47-150x150.jpeg\" data-sizes=\"auto\" data-srcset=\"https:\/\/atecordoba.org\/wp-content\/uploads\/2026\/04\/WhatsApp-Image-2026-04-30-at-12.46.47-150x150.jpeg 150w, https:\/\/atecordoba.org\/wp-content\/uploads\/2026\/04\/WhatsApp-Image-2026-04-30-at-12.46.47-560x560.jpeg 560w, https:\/\/atecordoba.org\/wp-content\/uploads\/2026\/04\/WhatsApp-Image-2026-04-30-at-12.46.47-75x75.jpeg 75w, https:\/\/atecordoba.org\/wp-content\/uploads\/2026\/04\/WhatsApp-Image-2026-04-30-at-12.46.47-350x350.jpeg 350w\" data-expand=\"700\" \/><\/a>\n                <\/div><\/figure><figure class='gallery-item'>\n                <div class='gallery-icon landscape'>\n                    <a href='https:\/\/atecordoba.org\/wp-content\/uploads\/2026\/04\/WhatsApp-Image-2026-04-30-at-12.46.50.jpeg'><img loading=\"lazy\" decoding=\"async\" width=\"150\" height=\"150\" src=\"\" class=\"attachment-thumbnail size-thumbnail lazyload\" alt=\"\" data-src=\"https:\/\/atecordoba.org\/wp-content\/uploads\/2026\/04\/WhatsApp-Image-2026-04-30-at-12.46.50-150x150.jpeg\" data-sizes=\"auto\" data-srcset=\"https:\/\/atecordoba.org\/wp-content\/uploads\/2026\/04\/WhatsApp-Image-2026-04-30-at-12.46.50-150x150.jpeg 150w, https:\/\/atecordoba.org\/wp-content\/uploads\/2026\/04\/WhatsApp-Image-2026-04-30-at-12.46.50-560x560.jpeg 560w, https:\/\/atecordoba.org\/wp-content\/uploads\/2026\/04\/WhatsApp-Image-2026-04-30-at-12.46.50-75x75.jpeg 75w, https:\/\/atecordoba.org\/wp-content\/uploads\/2026\/04\/WhatsApp-Image-2026-04-30-at-12.46.50-350x350.jpeg 350w\" data-expand=\"700\" \/><\/a>\n                <\/div><\/figure><br style=\"clear: both\" \/>\n            <\/div>\n\n","protected":false},"excerpt":{"rendered":"<p>En el mediodia de hoy en C\u00f3rdoba Capital una nutrida multitud de trabajadores y trabajadoras enrolados en organizaciones sindicales y sociales se movilizaron contra el ajuste y plantaron la bandera de en las calles del centro contra el brutal gobierno de ajuste y corrupci\u00f3n que encabeza Javier Milei. La convocatoria del FreSU (Frente de Sindicatos [&hellip;]<\/p>\n","protected":false},"author":7,"featured_media":53522,"comment_status":"open","ping_status":"open","sticky":false,"template":"","format":"standard","meta":{"_exactmetrics_skip_tracking":false,"_exactmetrics_sitenote_active":false,"_exactmetrics_sitenote_note":"","_exactmetrics_sitenote_category":0,"jnews-multi-image_gallery":[],"jnews_single_post":{"format":"standard","override":[{"template":"1","parallax":"1","fullscreen":"1","layout":"no-sidebar-narrow","sidebar":"default-sidebar","second_sidebar":"default-sidebar","sticky_sidebar":"1","share_position":"bottom","share_float_style":"share-monocrhome","show_share_counter":"1","show_view_counter":"1","show_post_meta":"1","show_post_author_image":"1","show_post_date":"1","post_date_format":"default","post_date_format_custom":"Y\/m\/d","show_post_category":"1","show_post_reading_time":"0","post_reading_time_wpm":"300","post_calculate_word_method":"str_word_count","show_zoom_button":"0","zoom_button_out_step":"2","zoom_button_in_step":"3","show_post_tag":"1","number_popup_post":"1","show_post_related":"1","show_inline_post_related":"0"}],"image_override":[{"single_post_thumbnail_size":"crop-500","single_post_gallery_size":"crop-500"}],"trending_post_position":"meta","trending_post_label":"Trending","sponsored_post_label":"Sponsored by","disable_ad":"0"},"jnews_primary_category":[],"jnews_social_meta":[],"jnews_review":[],"enable_review":"","type":"percentage","name":"","summary":"","brand":"","sku":"","good":[],"bad":[],"score_override":"","override_value":"","rating":[],"price":[],"jnews_override_counter":{"view_counter_number":"0","share_counter_number":"0","like_counter_number":"0","dislike_counter_number":"0"},"jnews_post_split":{"post_split":[{"template":"1","tag":"h2","numbering":"asc","mode":"normal","first":"0","enable_toc":"0","toc_type":"normal"}]},"footnotes":""},"categories":[10],"tags":[],"class_list":["post-53519","post","type-post","status-publish","format-standard","has-post-thumbnail","hentry","category-accion-politica"],"jetpack_featured_media_url":"https:\/\/atecordoba.org\/wp-content\/uploads\/2026\/04\/WhatsApp-Image-2026-04-30-at-12.46.48.jpeg","_links":{"self":[{"href":"https:\/\/atecordoba.org\/index.php?rest_route=\/wp\/v2\/posts\/53519","targetHints":{"allow":["GET"]}}],"collection":[{"href":"https:\/\/atecordoba.org\/index.php?rest_route=\/wp\/v2\/posts"}],"about":[{"href":"https:\/\/atecordoba.org\/index.php?rest_route=\/wp\/v2\/types\/post"}],"author":[{"embeddable":true,"href":"https:\/\/atecordoba.org\/index.php?rest_route=\/wp\/v2\/users\/7"}],"replies":[{"embeddable":true,"href":"https:\/\/atecordoba.org\/index.php?rest_route=%2Fwp%2Fv2%2Fcomments&post=53519"}],"version-history":[{"count":2,"href":"https:\/\/atecordoba.org\/index.php?rest_route=\/wp\/v2\/posts\/53519\/revisions"}],"predecessor-version":[{"id":53528,"href":"https:\/\/atecordoba.org\/index.php?rest_route=\/wp\/v2\/posts\/53519\/revisions\/53528"}],"wp:featuredmedia":[{"embeddable":true,"href":"https:\/\/atecordoba.org\/index.php?rest_route=\/wp\/v2\/media\/53522"}],"wp:attachment":[{"href":"https:\/\/atecordoba.org\/index.php?rest_route=%2Fwp%2Fv2%2Fmedia&parent=53519"}],"wp:term":[{"taxonomy":"category","embeddable":true,"href":"https:\/\/atecordoba.org\/index.php?rest_route=%2Fwp%2Fv2%2Fcategories&post=53519"},{"taxonomy":"post_tag","embeddable":true,"href":"https:\/\/atecordoba.org\/index.php?rest_route=%2Fwp%2Fv2%2Ftags&post=53519"}],"curies":[{"name":"wp","href":"https:\/\/api.w.org\/{rel}","templated":true}]}}