{"id":53513,"date":"2026-04-30T10:07:50","date_gmt":"2026-04-30T13:07:50","guid":{"rendered":"https:\/\/atecordoba.org\/?p=53513"},"modified":"2026-04-30T10:09:43","modified_gmt":"2026-04-30T13:09:43","slug":"yacanto-ate-intimo-al-intendente-moiso-para-que-responda-a-la-demanda-de-aumento-salarial","status":"publish","type":"post","link":"https:\/\/atecordoba.org\/?p=53513","title":{"rendered":"Yacanto: ATE intim\u00f3 al intendente Moiso para que responda a la demanda de aumento salarial"},"content":{"rendered":"<figure id=\"attachment_53515\" aria-describedby=\"caption-attachment-53515\" style=\"width: 1024px\" class=\"wp-caption aligncenter\"><img loading=\"lazy\" decoding=\"async\" class=\"wp-image-53515 size-full\" src=\"https:\/\/atecordoba.org\/wp-content\/uploads\/2026\/04\/IMG-20240624-WA0007-1024x768-1.jpg\" alt=\"\" width=\"1024\" height=\"768\" \/><figcaption id=\"caption-attachment-53515\" class=\"wp-caption-text\">Protesta en Villa Yacanto (archivo).<\/figcaption><\/figure>\n<p>Ante la falta de respuestas de la Municipalidad de Villa Yacanto de Calamuchita a los planteos de ATE por recomposici\u00f3n salarial, nuestro sindicato envi\u00f3 una nota al intendente Fernando Moiso emplaz\u00e1ndolo para que en 24 horas d\u00e9 respuesta al reclamo de aumento de haberes.<\/p>\n<p>Nuestro gremio le record\u00f3 a Moiso que durante los cuatro meses anteriores la \u00fanica mejora salarial fue de 5 mil pesos,. suma \u00ednfima y de miseria a la luz del costo de vida actual.<\/p>\n<p>A la vez, ATE reclam\u00f3 la aprobaci\u00f3n de proyectos elevados oportunamente y que tienen el compromiso de tratamiento de parte del Ejecutivo, iniciativas que hacen a la mejora de las condiciones de trabajo y el ejercicio de derechos laborales y de g\u00e9nero que son fundamentales para el conjunto de las y los trabajadores de la Municipalidad de Villa Yacanto.<\/p>\n<p>Nuestra organizaci\u00f3n, representativa de las y los municipales de la localidad, ya hab\u00eda hecho un reclamo en este mismo sentido <a href=\"https:\/\/atecordoba.org\/?p=53140\">hace un mes<\/a>, sin resultado positivo ante la falta de voluntad de di\u00e1logo del intendente Mosio.<\/p>\n","protected":false},"excerpt":{"rendered":"<p>Ante la falta de respuestas de la Municipalidad de Villa Yacanto de Calamuchita a los planteos de ATE por recomposici\u00f3n salarial, nuestro sindicato envi\u00f3 una nota al intendente Fernando Moiso emplaz\u00e1ndolo para que en 24 horas d\u00e9 respuesta al reclamo de aumento de haberes. Nuestro gremio le record\u00f3 a Moiso que durante los cuatro meses [&hellip;]<\/p>\n","protected":false},"author":7,"featured_media":53515,"comment_status":"open","ping_status":"open","sticky":false,"template":"","format":"standard","meta":{"_exactmetrics_skip_tracking":false,"_exactmetrics_sitenote_active":false,"_exactmetrics_sitenote_note":"","_exactmetrics_sitenote_category":0,"jnews-multi-image_gallery":[],"jnews_single_post":{"format":"standard","override":[{"template":"1","parallax":"1","fullscreen":"1","layout":"no-sidebar-narrow","sidebar":"default-sidebar","second_sidebar":"default-sidebar","sticky_sidebar":"1","share_position":"bottom","share_float_style":"share-monocrhome","show_share_counter":"1","show_view_counter":"1","show_post_meta":"1","show_post_author_image":"1","show_post_date":"1","post_date_format":"default","post_date_format_custom":"Y\/m\/d","show_post_category":"1","show_post_reading_time":"0","post_reading_time_wpm":"300","post_calculate_word_method":"str_word_count","show_zoom_button":"0","zoom_button_out_step":"2","zoom_button_in_step":"3","show_post_tag":"1","number_popup_post":"1","show_post_related":"1","show_inline_post_related":"0"}],"image_override":[{"single_post_thumbnail_size":"crop-500","single_post_gallery_size":"crop-500"}],"trending_post_position":"meta","trending_post_label":"Trending","sponsored_post_label":"Sponsored by","disable_ad":"0"},"jnews_primary_category":[],"jnews_social_meta":[],"jnews_review":[],"enable_review":"","type":"percentage","name":"","summary":"","brand":"","sku":"","good":[],"bad":[],"score_override":"","override_value":"","rating":[],"price":[],"jnews_override_counter":{"view_counter_number":"0","share_counter_number":"0","like_counter_number":"0","dislike_counter_number":"0"},"jnews_post_split":{"post_split":[{"template":"1","tag":"h2","numbering":"asc","mode":"normal","first":"0","enable_toc":"0","toc_type":"normal"}]},"footnotes":""},"categories":[20],"tags":[],"class_list":["post-53513","post","type-post","status-publish","format-standard","has-post-thumbnail","hentry","category-municipales"],"jetpack_featured_media_url":"https:\/\/atecordoba.org\/wp-content\/uploads\/2026\/04\/IMG-20240624-WA0007-1024x768-1-e1777554462176.jpg","_links":{"self":[{"href":"https:\/\/atecordoba.org\/index.php?rest_route=\/wp\/v2\/posts\/53513","targetHints":{"allow":["GET"]}}],"collection":[{"href":"https:\/\/atecordoba.org\/index.php?rest_route=\/wp\/v2\/posts"}],"about":[{"href":"https:\/\/atecordoba.org\/index.php?rest_route=\/wp\/v2\/types\/post"}],"author":[{"embeddable":true,"href":"https:\/\/atecordoba.org\/index.php?rest_route=\/wp\/v2\/users\/7"}],"replies":[{"embeddable":true,"href":"https:\/\/atecordoba.org\/index.php?rest_route=%2Fwp%2Fv2%2Fcomments&post=53513"}],"version-history":[{"count":2,"href":"https:\/\/atecordoba.org\/index.php?rest_route=\/wp\/v2\/posts\/53513\/revisions"}],"predecessor-version":[{"id":53517,"href":"https:\/\/atecordoba.org\/index.php?rest_route=\/wp\/v2\/posts\/53513\/revisions\/53517"}],"wp:featuredmedia":[{"embeddable":true,"href":"https:\/\/atecordoba.org\/index.php?rest_route=\/wp\/v2\/media\/53515"}],"wp:attachment":[{"href":"https:\/\/atecordoba.org\/index.php?rest_route=%2Fwp%2Fv2%2Fmedia&parent=53513"}],"wp:term":[{"taxonomy":"category","embeddable":true,"href":"https:\/\/atecordoba.org\/index.php?rest_route=%2Fwp%2Fv2%2Fcategories&post=53513"},{"taxonomy":"post_tag","embeddable":true,"href":"https:\/\/atecordoba.org\/index.php?rest_route=%2Fwp%2Fv2%2Ftags&post=53513"}],"curies":[{"name":"wp","href":"https:\/\/api.w.org\/{rel}","templated":true}]}}