{"id":53507,"date":"2026-04-29T14:49:55","date_gmt":"2026-04-29T17:49:55","guid":{"rendered":"https:\/\/atecordoba.org\/?p=53507"},"modified":"2026-04-29T14:59:09","modified_gmt":"2026-04-29T17:59:09","slug":"ate-cordoba-repudia-la-represion-de-milei-en-el-inti","status":"publish","type":"post","link":"https:\/\/atecordoba.org\/?p=53507","title":{"rendered":"ATE C\u00f3rdoba repudia la represi\u00f3n de Milei en el INTI"},"content":{"rendered":"<p><img loading=\"lazy\" decoding=\"async\" class=\"aligncenter wp-image-53510 \" src=\"https:\/\/atecordoba.org\/wp-content\/uploads\/2026\/04\/gendarmeria-1024x563.png\" alt=\"\" width=\"615\" height=\"338\" srcset=\"https:\/\/atecordoba.org\/wp-content\/uploads\/2026\/04\/gendarmeria-1024x563.png 1024w, https:\/\/atecordoba.org\/wp-content\/uploads\/2026\/04\/gendarmeria-300x165.png 300w, https:\/\/atecordoba.org\/wp-content\/uploads\/2026\/04\/gendarmeria-768x422.png 768w, https:\/\/atecordoba.org\/wp-content\/uploads\/2026\/04\/gendarmeria-750x412.png 750w, https:\/\/atecordoba.org\/wp-content\/uploads\/2026\/04\/gendarmeria-1140x626.png 1140w, https:\/\/atecordoba.org\/wp-content\/uploads\/2026\/04\/gendarmeria.png 1516w\" sizes=\"auto, (max-width: 615px) 100vw, 615px\" \/>El Consejo Directivo Provincial de ATE C\u00f3rdoba repudia la represi\u00f3n que sufrieron nuestros compa\u00f1eros y compa\u00f1eras trabajadoras del Instituto Nacional de Tecnolog\u00eda Industrial (INTI) por parte de la Gendarmer\u00eda Nacional, dentro del predio del organismo, que dej\u00f3 como saldo dos trabajadores heridos, con quemaduras en el rostro y los ojos como consecuencia directa del accionar de las fuerzas de seguridad.<\/p>\n<p>Todo sucedi\u00f3 luego que el presidente del INTI, Miguel Romero, convoc\u00f3 a los gremios con el \u00fanico fin de notificar su intenci\u00f3n de desvincular a un n\u00famero masivo de trabajadores, dejando a familias enteras en la calle.<\/p>\n<p>Ante la leg\u00edtima respuesta y el estado de alerta declarado por los trabajadores, Romero se neg\u00f3 a entablar un di\u00e1logo directo. En lugar de dar la cara, opt\u00f3 por recurrir a un violento operativo de seguridad dentro del instituto.<\/p>\n<p>\u200b\u200bDesde ATE C\u00f3rdoba repudiamos en\u00e9rgicamente esta actitud cobarde y violenta. Es inaceptable que la respuesta del Estado ante la incertidumbre laboral y el reclamo leg\u00edtimo sea la represi\u00f3n f\u00edsica hacia sus propios trabajadores.<\/p>\n<p>Sostenemos que el vaciamiento del INTI est\u00e1 directamente vinculado a la pol\u00edtica que el Presidente Javier Milei lleva adelante y que deber\u00e1 ser revertida cuando el pr\u00f3ximo gobierno nacional desande el industricidio en marcha.<\/p>\n<p>En tanto, nuestra organizaci\u00f3n sindical seguir\u00e1 ejerciendo el leg\u00edtimo derecho a la protesta y exigiendo la reincorporaci\u00f3n de cada compa\u00f1ero a su puesto de trabajo<\/p>\n<p>\u200bEN EL INTI NO SOBRA NADIE<\/p>\n","protected":false},"excerpt":{"rendered":"<p>El Consejo Directivo Provincial de ATE C\u00f3rdoba repudia la represi\u00f3n que sufrieron nuestros compa\u00f1eros y compa\u00f1eras trabajadoras del Instituto Nacional de Tecnolog\u00eda Industrial (INTI) por parte de la Gendarmer\u00eda Nacional, dentro del predio del organismo, que dej\u00f3 como saldo dos trabajadores heridos, con quemaduras en el rostro y los ojos como consecuencia directa del accionar [&hellip;]<\/p>\n","protected":false},"author":7,"featured_media":53510,"comment_status":"open","ping_status":"open","sticky":false,"template":"","format":"standard","meta":{"_exactmetrics_skip_tracking":false,"_exactmetrics_sitenote_active":false,"_exactmetrics_sitenote_note":"","_exactmetrics_sitenote_category":0,"jnews-multi-image_gallery":[],"jnews_single_post":{"format":"standard","override":[{"template":"1","parallax":"1","fullscreen":"1","layout":"no-sidebar-narrow","sidebar":"default-sidebar","second_sidebar":"default-sidebar","sticky_sidebar":"1","share_position":"bottom","share_float_style":"share-monocrhome","show_share_counter":"1","show_view_counter":"1","show_post_meta":"1","show_post_author_image":"1","show_post_date":"1","post_date_format":"default","post_date_format_custom":"Y\/m\/d","show_post_category":"1","show_post_reading_time":"0","post_reading_time_wpm":"300","post_calculate_word_method":"str_word_count","show_zoom_button":"0","zoom_button_out_step":"2","zoom_button_in_step":"3","show_post_tag":"1","number_popup_post":"1","show_post_related":"1","show_inline_post_related":"0"}],"image_override":[{"single_post_thumbnail_size":"crop-500","single_post_gallery_size":"crop-500"}],"trending_post_position":"meta","trending_post_label":"Trending","sponsored_post_label":"Sponsored by","disable_ad":"0"},"jnews_primary_category":[],"jnews_social_meta":[],"jnews_review":[],"enable_review":"","type":"percentage","name":"","summary":"","brand":"","sku":"","good":[],"bad":[],"score_override":"","override_value":"","rating":[],"price":[],"jnews_override_counter":{"view_counter_number":"0","share_counter_number":"0","like_counter_number":"0","dislike_counter_number":"0"},"jnews_post_split":{"post_split":[{"template":"1","tag":"h2","numbering":"asc","mode":"normal","first":"0","enable_toc":"0","toc_type":"normal"}]},"footnotes":""},"categories":[10],"tags":[],"class_list":["post-53507","post","type-post","status-publish","format-standard","has-post-thumbnail","hentry","category-accion-politica"],"jetpack_featured_media_url":"https:\/\/atecordoba.org\/wp-content\/uploads\/2026\/04\/gendarmeria.png","_links":{"self":[{"href":"https:\/\/atecordoba.org\/index.php?rest_route=\/wp\/v2\/posts\/53507","targetHints":{"allow":["GET"]}}],"collection":[{"href":"https:\/\/atecordoba.org\/index.php?rest_route=\/wp\/v2\/posts"}],"about":[{"href":"https:\/\/atecordoba.org\/index.php?rest_route=\/wp\/v2\/types\/post"}],"author":[{"embeddable":true,"href":"https:\/\/atecordoba.org\/index.php?rest_route=\/wp\/v2\/users\/7"}],"replies":[{"embeddable":true,"href":"https:\/\/atecordoba.org\/index.php?rest_route=%2Fwp%2Fv2%2Fcomments&post=53507"}],"version-history":[{"count":4,"href":"https:\/\/atecordoba.org\/index.php?rest_route=\/wp\/v2\/posts\/53507\/revisions"}],"predecessor-version":[{"id":53512,"href":"https:\/\/atecordoba.org\/index.php?rest_route=\/wp\/v2\/posts\/53507\/revisions\/53512"}],"wp:featuredmedia":[{"embeddable":true,"href":"https:\/\/atecordoba.org\/index.php?rest_route=\/wp\/v2\/media\/53510"}],"wp:attachment":[{"href":"https:\/\/atecordoba.org\/index.php?rest_route=%2Fwp%2Fv2%2Fmedia&parent=53507"}],"wp:term":[{"taxonomy":"category","embeddable":true,"href":"https:\/\/atecordoba.org\/index.php?rest_route=%2Fwp%2Fv2%2Fcategories&post=53507"},{"taxonomy":"post_tag","embeddable":true,"href":"https:\/\/atecordoba.org\/index.php?rest_route=%2Fwp%2Fv2%2Ftags&post=53507"}],"curies":[{"name":"wp","href":"https:\/\/api.w.org\/{rel}","templated":true}]}}