{"id":53501,"date":"2026-04-29T12:56:15","date_gmt":"2026-04-29T15:56:15","guid":{"rendered":"https:\/\/atecordoba.org\/?p=53501"},"modified":"2026-04-29T12:56:15","modified_gmt":"2026-04-29T15:56:15","slug":"giuliani-participo-del-congreso-de-ate-buenos-aires-con-un-mensaje-claro-mas-unidad-organizacion-lucha-y-formacion","status":"publish","type":"post","link":"https:\/\/atecordoba.org\/?p=53501","title":{"rendered":"Giuliani particip\u00f3 del Congreso de ATE Buenos Aires con un mensaje claro: m\u00e1s unidad, organizaci\u00f3n, lucha y formaci\u00f3n"},"content":{"rendered":"<p><img loading=\"lazy\" decoding=\"async\" class=\"aligncenter wp-image-53502 \" src=\"https:\/\/atecordoba.org\/wp-content\/uploads\/2026\/04\/684106289_939173765625041_6146141511311560862_n-1536x864-1-1024x576.jpg\" alt=\"\" width=\"624\" height=\"351\" srcset=\"https:\/\/atecordoba.org\/wp-content\/uploads\/2026\/04\/684106289_939173765625041_6146141511311560862_n-1536x864-1-1024x576.jpg 1024w, https:\/\/atecordoba.org\/wp-content\/uploads\/2026\/04\/684106289_939173765625041_6146141511311560862_n-1536x864-1-300x169.jpg 300w, https:\/\/atecordoba.org\/wp-content\/uploads\/2026\/04\/684106289_939173765625041_6146141511311560862_n-1536x864-1-768x432.jpg 768w, https:\/\/atecordoba.org\/wp-content\/uploads\/2026\/04\/684106289_939173765625041_6146141511311560862_n-1536x864-1-750x422.jpg 750w, https:\/\/atecordoba.org\/wp-content\/uploads\/2026\/04\/684106289_939173765625041_6146141511311560862_n-1536x864-1-1140x641.jpg 1140w, https:\/\/atecordoba.org\/wp-content\/uploads\/2026\/04\/684106289_939173765625041_6146141511311560862_n-1536x864-1.jpg 1536w\" sizes=\"auto, (max-width: 624px) 100vw, 624px\" \/>El Secretario General de ATE C\u00f3rdoba, Federico Giuliani, estuvo presente hoy en el Congreso Ordinario y Extraordinario de ATE Buenos Aires, que tuvo lugar en la localidad de Ensenada. El encuentro fue presidido por el Secretario General del Consejo Directivo Provincial bonaerense, Claudio Ar\u00e9valo. Tambi\u00e9n intervinieron en la oportunidad el Secretario General Nacional de nuestro sindicato, Rodolfo Aguiar y el Secretario General de la CTA Aut\u00f3noma, Hugo Godoy, entre otros.<img loading=\"lazy\" decoding=\"async\" class=\"size-full wp-image-53503 alignleft\" src=\"https:\/\/atecordoba.org\/wp-content\/uploads\/2026\/04\/685878593_939158262293258_8477146488681597611_n-300x300-1.jpg\" alt=\"\" width=\"300\" height=\"300\" srcset=\"https:\/\/atecordoba.org\/wp-content\/uploads\/2026\/04\/685878593_939158262293258_8477146488681597611_n-300x300-1.jpg 300w, https:\/\/atecordoba.org\/wp-content\/uploads\/2026\/04\/685878593_939158262293258_8477146488681597611_n-300x300-1-150x150.jpg 150w, https:\/\/atecordoba.org\/wp-content\/uploads\/2026\/04\/685878593_939158262293258_8477146488681597611_n-300x300-1-75x75.jpg 75w\" sizes=\"auto, (max-width: 300px) 100vw, 300px\" \/><\/p>\n<p>Giuliani particip\u00f3 llevando la voz de C\u00f3rdoba para reafirmar la necesidad de unidad, organizaci\u00f3n y lucha de la clase trabajadora en todo el pa\u00eds. \u201cEn cada encuentro seguimos fortaleciendo un proyecto sindical combativo, con presencia en las calles y compromiso con las y los trabajadores. Apostamos a un proceso de construcci\u00f3n colectiva. La salida es con unidad y protagonismo popular\u201d, apunt\u00f3 a la hora de dar un saludo a la concurrencia.<\/p>\n<h5>Protagonismo de las bases<\/h5>\n<p>\u200bFue una jornada de debate intenso donde se analizaron los desaf\u00edos que enfrentan los estatales y se ratific\u00f3 el rumbo de la organizaci\u00f3n en defensa de los derechos laborales.<\/p>\n<p>\u200bLo m\u00e1s destacado de la jornada fue el protagonismo de las bases con un sal\u00f3n colmado, lo que demuestra que la fuerza del gremio est\u00e1 en cada compa\u00f1ero y compa\u00f1era que milita el d\u00eda a d\u00eda. Adem\u00e1s, se cont\u00f3 con el respaldo expl\u00edcito de la Conducci\u00f3n Nacional de ATE.<\/p>\n<p>En el marco del Centenario ya cumplido, se reafirm\u00f3 que ATE es un gremio con historia, pero sobre todo, con un futuro inmenso, donde resalta el federalismo con la presencia, por ejemplo, de dirigentes de otras provincias como Giuliani de C\u00f3rdoba y Oscar Muntes de Entre R\u00edos.<img loading=\"lazy\" decoding=\"async\" class=\"alignright wp-image-53504 \" src=\"https:\/\/atecordoba.org\/wp-content\/uploads\/2026\/04\/682532590_1394316479384929_4108732195799926767_n-300x169-1.jpg\" alt=\"\" width=\"360\" height=\"203\" \/><\/p>\n<h5>M\u00e1s organizaci\u00f3n<\/h5>\n<p>El Congreso bonaerense result\u00f3 ser un espacio fundamental para seguir fortaleciendo la organizaci\u00f3n sindical de los estatales y defender los derechos de cada trabajador y trabajadora.<\/p>\n<p>\u201cSeguimos caminando juntos, con la convicci\u00f3n de que solo la organizaci\u00f3n colectiva nos permite avanzar hacia la justicia social que nos merecemos\u201d, dijo Giuliani.<\/p>\n<p>Y cerr\u00f3: \u201cLa voz de nuestra provincia estuvo presente en el debate nacional llevando nuestras banderas hist\u00f3ricas. \u200bAsistimos a este encuentro con la certeza de que frente a los tiempos que corren marcados por el revanchismo olig\u00e1rquico, la respuesta es m\u00e1s organizaci\u00f3n, lucha, formaci\u00f3n y unidad\u201d.<\/p>\n","protected":false},"excerpt":{"rendered":"<p>El Secretario General de ATE C\u00f3rdoba, Federico Giuliani, estuvo presente hoy en el Congreso Ordinario y Extraordinario de ATE Buenos Aires, que tuvo lugar en la localidad de Ensenada. El encuentro fue presidido por el Secretario General del Consejo Directivo Provincial bonaerense, Claudio Ar\u00e9valo. Tambi\u00e9n intervinieron en la oportunidad el Secretario General Nacional de nuestro [&hellip;]<\/p>\n","protected":false},"author":7,"featured_media":53503,"comment_status":"open","ping_status":"open","sticky":false,"template":"","format":"standard","meta":{"_exactmetrics_skip_tracking":false,"_exactmetrics_sitenote_active":false,"_exactmetrics_sitenote_note":"","_exactmetrics_sitenote_category":0,"jnews-multi-image_gallery":[],"jnews_single_post":[],"jnews_primary_category":[],"jnews_social_meta":[],"jnews_review":[],"enable_review":"","type":"","name":"","summary":"","brand":"","sku":"","good":[],"bad":[],"score_override":"","override_value":"","rating":[],"price":[],"jnews_override_counter":[],"jnews_post_split":[],"footnotes":""},"categories":[341],"tags":[],"class_list":["post-53501","post","type-post","status-publish","format-standard","has-post-thumbnail","hentry","category-cdp"],"jetpack_featured_media_url":"https:\/\/atecordoba.org\/wp-content\/uploads\/2026\/04\/685878593_939158262293258_8477146488681597611_n-300x300-1.jpg","_links":{"self":[{"href":"https:\/\/atecordoba.org\/index.php?rest_route=\/wp\/v2\/posts\/53501","targetHints":{"allow":["GET"]}}],"collection":[{"href":"https:\/\/atecordoba.org\/index.php?rest_route=\/wp\/v2\/posts"}],"about":[{"href":"https:\/\/atecordoba.org\/index.php?rest_route=\/wp\/v2\/types\/post"}],"author":[{"embeddable":true,"href":"https:\/\/atecordoba.org\/index.php?rest_route=\/wp\/v2\/users\/7"}],"replies":[{"embeddable":true,"href":"https:\/\/atecordoba.org\/index.php?rest_route=%2Fwp%2Fv2%2Fcomments&post=53501"}],"version-history":[{"count":1,"href":"https:\/\/atecordoba.org\/index.php?rest_route=\/wp\/v2\/posts\/53501\/revisions"}],"predecessor-version":[{"id":53505,"href":"https:\/\/atecordoba.org\/index.php?rest_route=\/wp\/v2\/posts\/53501\/revisions\/53505"}],"wp:featuredmedia":[{"embeddable":true,"href":"https:\/\/atecordoba.org\/index.php?rest_route=\/wp\/v2\/media\/53503"}],"wp:attachment":[{"href":"https:\/\/atecordoba.org\/index.php?rest_route=%2Fwp%2Fv2%2Fmedia&parent=53501"}],"wp:term":[{"taxonomy":"category","embeddable":true,"href":"https:\/\/atecordoba.org\/index.php?rest_route=%2Fwp%2Fv2%2Fcategories&post=53501"},{"taxonomy":"post_tag","embeddable":true,"href":"https:\/\/atecordoba.org\/index.php?rest_route=%2Fwp%2Fv2%2Ftags&post=53501"}],"curies":[{"name":"wp","href":"https:\/\/api.w.org\/{rel}","templated":true}]}}