{"id":53493,"date":"2026-04-29T11:08:38","date_gmt":"2026-04-29T14:08:38","guid":{"rendered":"https:\/\/atecordoba.org\/?p=53493"},"modified":"2026-04-29T11:08:38","modified_gmt":"2026-04-29T14:08:38","slug":"anses-cuatro-gremios-se-unen-para-encabezar-el-plan-de-lucha-ante-la-crisis-salarial-y-comienzan-las-asambleas-en-todo-el-pais","status":"publish","type":"post","link":"https:\/\/atecordoba.org\/?p=53493","title":{"rendered":"ANSES: cuatro gremios se unen para encabezar el plan de lucha ante la crisis salarial y comienzan las asambleas en todo el pa\u00eds"},"content":{"rendered":"<p><img loading=\"lazy\" decoding=\"async\" class=\"aligncenter wp-image-53495 \" src=\"https:\/\/atecordoba.org\/wp-content\/uploads\/2026\/04\/WhatsApp-Image-2026-04-29-at-09.37.16-1024x768.jpeg\" alt=\"\" width=\"606\" height=\"455\" srcset=\"https:\/\/atecordoba.org\/wp-content\/uploads\/2026\/04\/WhatsApp-Image-2026-04-29-at-09.37.16-1024x768.jpeg 1024w, https:\/\/atecordoba.org\/wp-content\/uploads\/2026\/04\/WhatsApp-Image-2026-04-29-at-09.37.16-300x225.jpeg 300w, https:\/\/atecordoba.org\/wp-content\/uploads\/2026\/04\/WhatsApp-Image-2026-04-29-at-09.37.16-768x576.jpeg 768w, https:\/\/atecordoba.org\/wp-content\/uploads\/2026\/04\/WhatsApp-Image-2026-04-29-at-09.37.16-1536x1152.jpeg 1536w, https:\/\/atecordoba.org\/wp-content\/uploads\/2026\/04\/WhatsApp-Image-2026-04-29-at-09.37.16-750x563.jpeg 750w, https:\/\/atecordoba.org\/wp-content\/uploads\/2026\/04\/WhatsApp-Image-2026-04-29-at-09.37.16-1140x855.jpeg 1140w, https:\/\/atecordoba.org\/wp-content\/uploads\/2026\/04\/WhatsApp-Image-2026-04-29-at-09.37.16.jpeg 1600w\" sizes=\"auto, (max-width: 606px) 100vw, 606px\" \/>En el marco del acuerdo alcanzado entre las cuatro organizaciones sindicales con \u00e1mbito de representaci\u00f3n en ANSES (ATE-UPCN-APOP-SECASFPI) comenzaron ayer las asambleas en distintas oficinas del organismo en todo el pa\u00eds.<\/p>\n<p>En nuestra provincia la medida se llev\u00f3 a cabo en C\u00f3rdoba Capital (UDAIs 1,2 y 3, Alta Gracia, Villa Carlos Paz, R\u00edo Tercero y Villa Dolores, donde las y los trabajadores expresaron la enorme preocupaci\u00f3n que atraviesan por la p\u00e9sima situaci\u00f3n salarial y expresando la urgente necesidad de una recomposici\u00f3n en el organismo.<img loading=\"lazy\" decoding=\"async\" class=\"alignright wp-image-53496 \" src=\"https:\/\/atecordoba.org\/wp-content\/uploads\/2026\/04\/WhatsApp-Image-2026-04-29-at-09.37.16-1-1024x768.jpeg\" alt=\"\" width=\"369\" height=\"277\" srcset=\"https:\/\/atecordoba.org\/wp-content\/uploads\/2026\/04\/WhatsApp-Image-2026-04-29-at-09.37.16-1-1024x768.jpeg 1024w, https:\/\/atecordoba.org\/wp-content\/uploads\/2026\/04\/WhatsApp-Image-2026-04-29-at-09.37.16-1-300x225.jpeg 300w, https:\/\/atecordoba.org\/wp-content\/uploads\/2026\/04\/WhatsApp-Image-2026-04-29-at-09.37.16-1-768x576.jpeg 768w, https:\/\/atecordoba.org\/wp-content\/uploads\/2026\/04\/WhatsApp-Image-2026-04-29-at-09.37.16-1-1536x1152.jpeg 1536w, https:\/\/atecordoba.org\/wp-content\/uploads\/2026\/04\/WhatsApp-Image-2026-04-29-at-09.37.16-1-750x563.jpeg 750w, https:\/\/atecordoba.org\/wp-content\/uploads\/2026\/04\/WhatsApp-Image-2026-04-29-at-09.37.16-1-1140x855.jpeg 1140w, https:\/\/atecordoba.org\/wp-content\/uploads\/2026\/04\/WhatsApp-Image-2026-04-29-at-09.37.16-1.jpeg 1600w\" sizes=\"auto, (max-width: 369px) 100vw, 369px\" \/><\/p>\n<p>Vale mencionar que el \u00faltimo acuerdo paritario sectorial data de junio de 2024.<\/p>\n<p>Hoy se replicaron las asambleas en las UDAIs y el organismo da sus primeros pasos en en camino de construir un plan de lucha frente a la falta de respuestas del Gobierno a los justos reclamos salariales.<\/p>\n<p>Las cuatro organizaciones sindicales, por medio de sus delegadas y delegados, se comprometieron a trabajar para la concientizaci\u00f3n de las bases, frente a una patronal que niega el derecho constitucional a la negociaci\u00f3n colectiva. Asimismo, se record\u00f3 que el convenio colectivo de trabajo (CCT) tiene fuerza de ley y el gobierno est\u00e1 obligado a cumplirlo.<\/p>\n<p>&#8220;Las conquistas que tenemos han sido por el resultado de la lucha, ning\u00fan patr\u00f3n regala nada, se lo tenemos que sacar con asamblea, paro y movilizaci\u00f3n&#8221;, remarc\u00f3 al delegada de ATE en la UDAI1, Eugenia Palacio.<\/p>\n<p>Los cuatro sindicatos asumieron la responsabilidad de &#8220;actuar en conjunto ante cualquier debilitamiento institucional o retroceso en materia de derechos laborales,, de la seguridad social y del sistema previsional&#8221;.<\/p>\n<p><img loading=\"lazy\" decoding=\"async\" class=\"aligncenter wp-image-53494 size-large\" src=\"https:\/\/atecordoba.org\/wp-content\/uploads\/2026\/04\/WhatsApp-Image-2026-04-29-at-10.03.07-728x1024.jpeg\" alt=\"\" width=\"728\" height=\"1024\" srcset=\"https:\/\/atecordoba.org\/wp-content\/uploads\/2026\/04\/WhatsApp-Image-2026-04-29-at-10.03.07-728x1024.jpeg 728w, https:\/\/atecordoba.org\/wp-content\/uploads\/2026\/04\/WhatsApp-Image-2026-04-29-at-10.03.07-213x300.jpeg 213w, https:\/\/atecordoba.org\/wp-content\/uploads\/2026\/04\/WhatsApp-Image-2026-04-29-at-10.03.07-768x1080.jpeg 768w, https:\/\/atecordoba.org\/wp-content\/uploads\/2026\/04\/WhatsApp-Image-2026-04-29-at-10.03.07-750x1055.jpeg 750w, https:\/\/atecordoba.org\/wp-content\/uploads\/2026\/04\/WhatsApp-Image-2026-04-29-at-10.03.07.jpeg 967w\" sizes=\"auto, (max-width: 728px) 100vw, 728px\" \/><\/p>\n","protected":false},"excerpt":{"rendered":"<p>En el marco del acuerdo alcanzado entre las cuatro organizaciones sindicales con \u00e1mbito de representaci\u00f3n en ANSES (ATE-UPCN-APOP-SECASFPI) comenzaron ayer las asambleas en distintas oficinas del organismo en todo el pa\u00eds. En nuestra provincia la medida se llev\u00f3 a cabo en C\u00f3rdoba Capital (UDAIs 1,2 y 3, Alta Gracia, Villa Carlos Paz, R\u00edo Tercero y [&hellip;]<\/p>\n","protected":false},"author":7,"featured_media":53497,"comment_status":"open","ping_status":"open","sticky":false,"template":"","format":"standard","meta":{"_exactmetrics_skip_tracking":false,"_exactmetrics_sitenote_active":false,"_exactmetrics_sitenote_note":"","_exactmetrics_sitenote_category":0,"jnews-multi-image_gallery":[],"jnews_single_post":[],"jnews_primary_category":[],"jnews_social_meta":[],"jnews_review":[],"enable_review":"","type":"","name":"","summary":"","brand":"","sku":"","good":[],"bad":[],"score_override":"","override_value":"","rating":[],"price":[],"jnews_override_counter":[],"jnews_post_split":[],"footnotes":""},"categories":[18],"tags":[],"class_list":["post-53493","post","type-post","status-publish","format-standard","has-post-thumbnail","hentry","category-nacionales"],"jetpack_featured_media_url":"https:\/\/atecordoba.org\/wp-content\/uploads\/2026\/04\/fede-anses.jpg","_links":{"self":[{"href":"https:\/\/atecordoba.org\/index.php?rest_route=\/wp\/v2\/posts\/53493","targetHints":{"allow":["GET"]}}],"collection":[{"href":"https:\/\/atecordoba.org\/index.php?rest_route=\/wp\/v2\/posts"}],"about":[{"href":"https:\/\/atecordoba.org\/index.php?rest_route=\/wp\/v2\/types\/post"}],"author":[{"embeddable":true,"href":"https:\/\/atecordoba.org\/index.php?rest_route=\/wp\/v2\/users\/7"}],"replies":[{"embeddable":true,"href":"https:\/\/atecordoba.org\/index.php?rest_route=%2Fwp%2Fv2%2Fcomments&post=53493"}],"version-history":[{"count":1,"href":"https:\/\/atecordoba.org\/index.php?rest_route=\/wp\/v2\/posts\/53493\/revisions"}],"predecessor-version":[{"id":53498,"href":"https:\/\/atecordoba.org\/index.php?rest_route=\/wp\/v2\/posts\/53493\/revisions\/53498"}],"wp:featuredmedia":[{"embeddable":true,"href":"https:\/\/atecordoba.org\/index.php?rest_route=\/wp\/v2\/media\/53497"}],"wp:attachment":[{"href":"https:\/\/atecordoba.org\/index.php?rest_route=%2Fwp%2Fv2%2Fmedia&parent=53493"}],"wp:term":[{"taxonomy":"category","embeddable":true,"href":"https:\/\/atecordoba.org\/index.php?rest_route=%2Fwp%2Fv2%2Fcategories&post=53493"},{"taxonomy":"post_tag","embeddable":true,"href":"https:\/\/atecordoba.org\/index.php?rest_route=%2Fwp%2Fv2%2Ftags&post=53493"}],"curies":[{"name":"wp","href":"https:\/\/api.w.org\/{rel}","templated":true}]}}