{"id":53487,"date":"2026-04-28T14:14:52","date_gmt":"2026-04-28T17:14:52","guid":{"rendered":"https:\/\/atecordoba.org\/?p=53487"},"modified":"2026-04-28T14:15:49","modified_gmt":"2026-04-28T17:15:49","slug":"la-hora-de-la-clase-trabajadora-y-la-guerra-de-clases","status":"publish","type":"post","link":"https:\/\/atecordoba.org\/?p=53487","title":{"rendered":"La hora de la Clase Trabajadora y la guerra de clases"},"content":{"rendered":"<p><img loading=\"lazy\" decoding=\"async\" class=\"aligncenter wp-image-53488 \" src=\"https:\/\/atecordoba.org\/wp-content\/uploads\/2026\/04\/nota-torito-aeropuerto.jpg\" alt=\"\" width=\"612\" height=\"345\" srcset=\"https:\/\/atecordoba.org\/wp-content\/uploads\/2026\/04\/nota-torito-aeropuerto.jpg 1024w, https:\/\/atecordoba.org\/wp-content\/uploads\/2026\/04\/nota-torito-aeropuerto-300x169.jpg 300w, https:\/\/atecordoba.org\/wp-content\/uploads\/2026\/04\/nota-torito-aeropuerto-768x434.jpg 768w, https:\/\/atecordoba.org\/wp-content\/uploads\/2026\/04\/nota-torito-aeropuerto-750x423.jpg 750w\" sizes=\"auto, (max-width: 612px) 100vw, 612px\" \/><\/p>\n<h6>Por Carlos Rang (Consejo Directivo Provincial)<\/h6>\n<p>Para la reconstrucci\u00f3n de una Patria para los trabajadores debemos prepararnos y dedicar nuestro tiempo como \u00fanica tarea estrat\u00e9gica para organizar la victoria.<\/p>\n<p>Porque hoy la patria no solo duele, sino que est\u00e1 siendo rematada en el altar de los mercados, de los grandes fondos financieros, las plataformas, las IA\u00a0 del imperialismo.<\/p>\n<p>Este art\u00edculo no intenta mostrar una estad\u00edstica fr\u00eda; es el acta de defunci\u00f3n que el gobierno de la reacci\u00f3n quiere firmar para la clase trabajadora argentina.<\/p>\n<p>No estamos ante una crisis econ\u00f3mica m\u00e1s, estamos ante una guerra de clases declarada desde el Estado contra el pueblo trabajador, ejecutada por un gobierno que no es m\u00e1s que el brazo administrativo de los intereses imperiales en su llamado patio trasero.<\/p>\n<h5><strong>Primarizaci\u00f3n y saqueo<\/strong><\/h5>\n<p>\u200b\u200bDesde que asumi\u00f3 esta gesti\u00f3n, la destrucci\u00f3n de la fuerza de trabajo ha sido sistem\u00e1tica. No es impericia, es un plan de primarizaci\u00f3n y saqueo.<\/p>\n<p>\u200bLa masacre del empleo donde \u00a0hemos perdido m\u00e1s de 300.000 puestos de trabajo registrados es decir se destruye un empleo formal cada tres minutos.<\/p>\n<p>\u200bLa miseria como pol\u00edtica de Estado donde el Salario M\u00ednimo ha sido pulverizado, perdiendo casi un 40% de su poder adquisitivo.<\/p>\n<p>Lo m\u00e1s doloroso es el hambre y la desnutrici\u00f3n infantil. Mientras el gobierno celebra el super\u00e1vit fiscal, nuestras barriadas se hunden en la indigencia. Un ni\u00f1o que no come hoy es una patria sin futuro ma\u00f1ana. Han convertido el derecho humano a la alimentaci\u00f3n en una variable de ajuste para pagar una deuda usurera y fraudulenta al capital transnacional.<\/p>\n<p>\u200b\u200bEsta guerra de clases tambi\u00e9n se libra en el cuerpo de nuestros viejos y de nuestros enfermos. El ataque a las Obras Sociales y el desfinanciamiento de la Salud P\u00fablica no es ahorro, es un plan de exterminio silencioso. Buscan que la salud sea un privilegio de quien pueda pagarla, destruyendo el sistema solidario para beneficiar al lobby de las prepagas y los laboratorios. Con el vaciamiento de los hospitales y el recorte en medicamentos oncol\u00f3gicos, el tratamiento de la discapacidad es lisa y llanamente un crimen de lesa humanidad social.<\/p>\n<h5><strong>El Estado vaciado<\/strong><\/h5>\n<p>\u200bEl Desguace y \u200bel ataque al coraz\u00f3n del desarrollo nacional es total, las pol\u00edticas del gobierno constituyen un plan de destrucci\u00f3n del sistema p\u00fablico cient\u00edfico y tecnol\u00f3gico. Instituciones que son orgullo mundial como el CONICET, la CNEA, el INTA y el INTI est\u00e1n siendo asfixiadas.<\/p>\n<p>No quieren que Argentina desarrolle su propia tecnolog\u00eda; nos quieren como una colonia exportadora de materia prima sin valor agregado, sin ciencia y sin tecnolog\u00edas, para impedir que podamos llevar adelante nuestra liberaci\u00f3n nacional y social.<\/p>\n<p>A esto se suma el ataque brutal a las Universidades P\u00fablicas. Al desfinanciar la educaci\u00f3n superior, no solo atacan el llamado ascenso social sino que buscan lobotomizar a la naci\u00f3n. Por eso las universidades est\u00e1n desfinanciadas: para que el conocimiento sea, otra vez, propiedad de las \u00e9lites que sirven al imperio.<\/p>\n<h5><strong>Represi\u00f3n por v\u00eda policial y judicial<\/strong><\/h5>\n<p>Hoy vemos como \u200bel garrote del Imperialismo, la represi\u00f3n y persecuci\u00f3n, muestra que este plan de hambre y rapi\u00f1a no cierra sin palos. El gobierno ha instaurado est\u00e1 pol\u00edtica de represi\u00f3n y criminalizaci\u00f3n de la protesta que no ve\u00edamos desde los a\u00f1os m\u00e1s oscuros. Con protocolos inconstitucionales y un despliegue de fuerzas federales que act\u00faan como ej\u00e9rcitos de ocupaci\u00f3n, el Gobierno de Milei pretende amedrentar a los que luchan en la calle para avanzar con la persecuci\u00f3n pol\u00edtica y el encarcelamiento de manifestantes utilizando el ciberpatrullaje impuesto por la IA Palantir.<\/p>\n<p>Estamos viendo el armado de causas judiciales contra luchadores sociales, buscando tipificar la protesta como &#8220;terrorismo&#8221; para justificar el encierro y recrear el \u201cenemigo subversivo\u201d del plan C\u00f3ndor.<\/p>\n<p>En ese marco, el Poder Judicial act\u00faa como pelot\u00f3n de fusilamiento de las conquistas populares. A los trabajadores estatales nos han marcado como el enemigo porque un Estado desmantelado en sus funciones estrat\u00e9gicas y populares no puede defender su soberan\u00eda.<\/p>\n<p>La p\u00e9rdida en nuestro sector es estremecedora. Un trabajador p\u00fablico ha perdido un acumulado de $11,5 millones en los \u00faltimos dos a\u00f1os y medio. Su salario real hoy est\u00e1 un 23% por debajo de lo que estaba en diciembre de 2023.<\/p>\n<h5><strong>Imperialismo<\/strong><\/h5>\n<p>\u200bEl gobierno y su alineamiento carnal con el imperialismo norteamericano y el sionismo es la entrega planificada para sus intereses geopol\u00edticos y de nuestros recursos estrat\u00e9gicos \u2014miner\u00eda, energ\u00eda, tierras, agua\u2014 a cambio de un lugar como colonia de la periferia.<\/p>\n<p>Estamos ante la rendici\u00f3n total de la soberan\u00eda nacional bajo los pies del Comando Sur.<\/p>\n<p>\u200b\u200bHoy vemos, y queda demostrado, que nuestras lucha parciales son insuficiente. No alcanza con resistir solamente, debemos cuestionarnos qui\u00e9n manda en la Argentina y disputarle el poder .<\/p>\n<p>\u200bNuestra tarea es pol\u00edtica y es de clase. Para eso debemos construir fuerza social que rompa el aislamiento y unirnos a los sectores informales, desocupados, cient\u00edficos y estudiantes, recuperando la alianza hist\u00f3rica del movimiento obrero y estudiantil para cambiar las correlaciones de fuerzas y terminar con el saqueo.<\/p>\n<p>\u200bLa \u00fanica forma de frenar las reformas regresivas y la represi\u00f3n es con la acci\u00f3n de masas.<\/p>\n<p>No hay salida institucional para los trabajadores por\u00a0 parte de los Neofacistas, ni de los moderados del centro, ni tampoco de los liberales de izquierda, ni de los Neoprogresistas. Hoy la clase\u00a0 trabajadora necesita una insurrecci\u00f3n consciente y organizada.<\/p>\n<p>\u200bTenemos que construir una organizaci\u00f3n con capacidad de conducir el proceso hacia una verdadera soberan\u00eda popular, donde la clase trabajadora sea la art\u00edfices de su propia historia y destino.<\/p>\n","protected":false},"excerpt":{"rendered":"<p>Por Carlos Rang (Consejo Directivo Provincial) Para la reconstrucci\u00f3n de una Patria para los trabajadores debemos prepararnos y dedicar nuestro tiempo como \u00fanica tarea estrat\u00e9gica para organizar la victoria. Porque hoy la patria no solo duele, sino que est\u00e1 siendo rematada en el altar de los mercados, de los grandes fondos financieros, las plataformas, las [&hellip;]<\/p>\n","protected":false},"author":7,"featured_media":53488,"comment_status":"open","ping_status":"open","sticky":false,"template":"","format":"standard","meta":{"_exactmetrics_skip_tracking":false,"_exactmetrics_sitenote_active":false,"_exactmetrics_sitenote_note":"","_exactmetrics_sitenote_category":0,"jnews-multi-image_gallery":[],"jnews_single_post":{"format":"standard","override":[{"template":"1","parallax":"1","fullscreen":"1","layout":"no-sidebar-narrow","sidebar":"default-sidebar","second_sidebar":"default-sidebar","sticky_sidebar":"1","share_position":"bottom","share_float_style":"share-monocrhome","show_share_counter":"1","show_view_counter":"1","show_post_meta":"1","show_post_author_image":"1","show_post_date":"1","post_date_format":"default","post_date_format_custom":"Y\/m\/d","show_post_category":"1","show_post_reading_time":"0","post_reading_time_wpm":"300","post_calculate_word_method":"str_word_count","show_zoom_button":"0","zoom_button_out_step":"2","zoom_button_in_step":"3","show_post_tag":"1","number_popup_post":"1","show_post_related":"1","show_inline_post_related":"0"}],"image_override":[{"single_post_thumbnail_size":"crop-500","single_post_gallery_size":"crop-500"}],"trending_post_position":"meta","trending_post_label":"Trending","sponsored_post_label":"Sponsored by","disable_ad":"0"},"jnews_primary_category":[],"jnews_social_meta":[],"jnews_review":[],"enable_review":"","type":"percentage","name":"","summary":"","brand":"","sku":"","good":[],"bad":[],"score_override":"","override_value":"","rating":[],"price":[],"jnews_override_counter":{"view_counter_number":"0","share_counter_number":"0","like_counter_number":"0","dislike_counter_number":"0"},"jnews_post_split":{"post_split":[{"template":"1","tag":"h2","numbering":"asc","mode":"normal","first":"0","enable_toc":"0","toc_type":"normal"}]},"footnotes":""},"categories":[10],"tags":[],"class_list":["post-53487","post","type-post","status-publish","format-standard","has-post-thumbnail","hentry","category-accion-politica"],"jetpack_featured_media_url":"https:\/\/atecordoba.org\/wp-content\/uploads\/2026\/04\/nota-torito-aeropuerto.jpg","_links":{"self":[{"href":"https:\/\/atecordoba.org\/index.php?rest_route=\/wp\/v2\/posts\/53487","targetHints":{"allow":["GET"]}}],"collection":[{"href":"https:\/\/atecordoba.org\/index.php?rest_route=\/wp\/v2\/posts"}],"about":[{"href":"https:\/\/atecordoba.org\/index.php?rest_route=\/wp\/v2\/types\/post"}],"author":[{"embeddable":true,"href":"https:\/\/atecordoba.org\/index.php?rest_route=\/wp\/v2\/users\/7"}],"replies":[{"embeddable":true,"href":"https:\/\/atecordoba.org\/index.php?rest_route=%2Fwp%2Fv2%2Fcomments&post=53487"}],"version-history":[{"count":2,"href":"https:\/\/atecordoba.org\/index.php?rest_route=\/wp\/v2\/posts\/53487\/revisions"}],"predecessor-version":[{"id":53490,"href":"https:\/\/atecordoba.org\/index.php?rest_route=\/wp\/v2\/posts\/53487\/revisions\/53490"}],"wp:featuredmedia":[{"embeddable":true,"href":"https:\/\/atecordoba.org\/index.php?rest_route=\/wp\/v2\/media\/53488"}],"wp:attachment":[{"href":"https:\/\/atecordoba.org\/index.php?rest_route=%2Fwp%2Fv2%2Fmedia&parent=53487"}],"wp:term":[{"taxonomy":"category","embeddable":true,"href":"https:\/\/atecordoba.org\/index.php?rest_route=%2Fwp%2Fv2%2Fcategories&post=53487"},{"taxonomy":"post_tag","embeddable":true,"href":"https:\/\/atecordoba.org\/index.php?rest_route=%2Fwp%2Fv2%2Ftags&post=53487"}],"curies":[{"name":"wp","href":"https:\/\/api.w.org\/{rel}","templated":true}]}}