{"id":5345,"date":"2015-06-01T18:00:26","date_gmt":"2015-06-01T21:00:26","guid":{"rendered":"http:\/\/www.atecordoba.org\/?p=5345"},"modified":"2015-06-01T18:00:26","modified_gmt":"2015-06-01T21:00:26","slug":"a-un-ano-del-regreso-al-ministerio-de-educacion-provincial-ate-consolida-su-trabajo-gremial-en-el-sector","status":"publish","type":"post","link":"https:\/\/atecordoba.org\/?p=5345","title":{"rendered":"A un a\u00f1o del regreso al Ministerio de Educaci\u00f3n provincial, ATE consolida su trabajo gremial en el sector"},"content":{"rendered":"<p><em>Se trata de un hecho pol\u00edtico y simb\u00f3lico de gran valor para nuestros afiliados ya que se trata del sector donde el gobierno de De la Sota inici\u00f3 hace nueve a\u00f1os la persecuci\u00f3n institucional a nuestro gremio. Hoy con un a\u00f1o de actuaci\u00f3n de los nuevos delegados electos por los afiliados, el compa\u00f1ero Gustavo Valenzuela reflexiona sobre la actividad desarrollada\u00a0por el cuerpo de delegados y los avances significativos en las condiciones de trabajo.<\/em><\/p>\n<figure id=\"attachment_5346\" aria-describedby=\"caption-attachment-5346\" style=\"width: 550px\" class=\"wp-caption aligncenter\"><a href=\"http:\/\/www.atecordoba.org\/wp-content\/uploads\/2015\/06\/IMG_7726-e1433191003363.jpg\"><img loading=\"lazy\" decoding=\"async\" class=\"wp-image-5346 size-full\" src=\"http:\/\/www.atecordoba.org\/wp-content\/uploads\/2015\/06\/IMG_7726-e1433191003363.jpg\" alt=\"IMG_7726\" width=\"550\" height=\"309\" \/><\/a><figcaption id=\"caption-attachment-5346\" class=\"wp-caption-text\">El delegado de ATE Gustavo Valenzuela<\/figcaption><\/figure>\n<p>El 26 de mayo de 2014 se realiz\u00f3 la elecci\u00f3n de delegados en el edificio del Ministerio de Educaci\u00f3n de calle Santa Rosa al 700. Fue un hecho hist\u00f3rico que dio vuelta la p\u00e1gina del derecho a la representaci\u00f3n sindical en el sector, despu\u00e9s que el SEP impugnara las elecciones de delegados en 2006 que dio inicio a la larga batalla pol\u00edtica y judicial que ATE llev\u00f3 adelante con el gobierno provincial. Esa confrontaci\u00f3n entre el autoritarismo y la libertad sindical se sald\u00f3 con los fallos contundentes de la Corte Suprema de Justicia de la Naci\u00f3n que dio la raz\u00f3n a nuestro gremio.<\/p>\n<figure id=\"attachment_5347\" aria-describedby=\"caption-attachment-5347\" style=\"width: 550px\" class=\"wp-caption aligncenter\"><a href=\"http:\/\/www.atecordoba.org\/wp-content\/uploads\/2015\/06\/IMG_7723-e1433191048856.jpg\"><img loading=\"lazy\" decoding=\"async\" class=\"wp-image-5347 size-full\" src=\"http:\/\/www.atecordoba.org\/wp-content\/uploads\/2015\/06\/IMG_7723-e1433191048856.jpg\" alt=\"IMG_7723\" width=\"550\" height=\"309\" \/><\/a><figcaption id=\"caption-attachment-5347\" class=\"wp-caption-text\">Vista del local de ATE<\/figcaption><\/figure>\n<p>&#8220;Igual fue dif\u00edcil al principio porque las\u00a0autoridades nos negaron el espacio f\u00edsico para realizar la elecci\u00f3n pero la conducci\u00f3n del gremio vino con las urnas y las instalamos en el subsuelo. Hac\u00eda fr\u00edo ese d\u00eda pero los compa\u00f1eros bajaron a votar igual, m\u00e1s de 200, 130 a la ma\u00f1ana y 70 a la tarde. Eligieron a cuatro delegados con muy buena participaci\u00f3n&#8221;, recuerda el delegado Gustavo Valenzuela, sentado en el local que ATE tiene en la planta baja del edificio.<\/p>\n<p>&#8220;Antes estaba s\u00f3lo el SEP, y la UEPC que no tendr\u00eda que tener actuaci\u00f3n ac\u00e1 pero se lo impuso a trav\u00e9s del ministerio.\u00a0Claramente esos dos gremios no representan a toda la masa de trabajadores que hay en el edificio. ATE ya hab\u00eda estado hace 10 a\u00f1os, con Mar\u00eda Teresa Romero al frente, llevando adelante luchas fuertes, junto a otros compa\u00f1eros que se fueron por traslados o jubilaciones. Quedamos nosotros que somos administrativos. Entre los atropellos de los jefes, m\u00e1s los directores de turno, sufrimos por mucho tiempo una casa de brujas desde las 8 de la ma\u00f1ana a las 8 de la noche. Por eso nos vimos en la obligaci\u00f3n de plantar bandera y la salida fue retomar la presencia de ATE ac\u00e1 y elegir delegados&#8221;, explica Valenzuela.<\/p>\n<figure id=\"attachment_5348\" aria-describedby=\"caption-attachment-5348\" style=\"width: 550px\" class=\"wp-caption aligncenter\"><a href=\"http:\/\/www.atecordoba.org\/wp-content\/uploads\/2015\/06\/IMG_7721-e1433191090707.jpg\"><img loading=\"lazy\" decoding=\"async\" class=\"wp-image-5348 size-full\" src=\"http:\/\/www.atecordoba.org\/wp-content\/uploads\/2015\/06\/IMG_7721-e1433191090707.jpg\" alt=\"IMG_7721\" width=\"550\" height=\"309\" \/><\/a><figcaption id=\"caption-attachment-5348\" class=\"wp-caption-text\">Panel de informaci\u00f3n para los compa\u00f1eros en el pasillo principal del edificio<\/figcaption><\/figure>\n<h4>En s\u00f3lo un a\u00f1o logramos muchas cosas<\/h4>\n<p><strong>\u00bfQu\u00e9 balance haces del primer a\u00f1o de gesti\u00f3n del cuerpo de delegados?<\/strong><\/p>\n<figure id=\"attachment_5349\" aria-describedby=\"caption-attachment-5349\" style=\"width: 309px\" class=\"wp-caption alignright\"><a href=\"http:\/\/www.atecordoba.org\/wp-content\/uploads\/2015\/06\/IMG_7722-e1433191143267.jpg\"><img loading=\"lazy\" decoding=\"async\" class=\"wp-image-5349 size-full\" src=\"http:\/\/www.atecordoba.org\/wp-content\/uploads\/2015\/06\/IMG_7722-e1433191143267.jpg\" alt=\"IMG_7722\" width=\"309\" height=\"550\" \/><\/a><figcaption id=\"caption-attachment-5349\" class=\"wp-caption-text\">Vista del local de ATE<\/figcaption><\/figure>\n<p>En cuanto a las condiciones de trabajo, est\u00e1n expuestas en un relevamiento del edificio que hicimos en los tres pisos y el subsuelo, realizado por gente de ATE con un ingeniero civil y una ingeniera de la Direcci\u00f3n de Arquitectura. Pudimos constatar, de entrada, que no hab\u00eda plan de emergencia porque el edificio no tiene habilitaci\u00f3n de bomberos ni municipal, la escalera de emergencia est\u00e1 mal hecha. Las autoridades, sabiendo esto, nunca hicieron nada; todas las oficinas est\u00e1n tabicadas, no tienen salida, aireaci\u00f3n, ni luz y hay cableados sueltos. Adem\u00e1s, los ascensores no funcionan, los matafuegos, sin la carga suficiente y adecuada para el lugar. En definitiva, un sinf\u00edn de problemas detallados en el informe que lo tiene en su despacho el ministro Walter Grahovak, los cuatro directores de la casa y por eso los hacemos responsables de lo que pueda ocurrir de ac\u00e1 en adelante. Para peor, a\u00a0pesar de todo eso, el director de Arquitectura dec\u00eda que el edificio est\u00e1 en \u00f3ptimas condiciones.<\/p>\n<p>&nbsp;<\/p>\n<p><strong>\u00bfQu\u00e9 reacci\u00f3n hubo ante el relevamiento?<\/strong><\/p>\n<p>A\u00a0partir de ah\u00ed, nos convocaron a una mesa de di\u00e1logo. Firmamos un acta acuerdo los delegados de ATE con las direcciones de Gesti\u00f3n Administrativa y Recursos Humanos. Hasta ahora logramos que pinten el edificio, cosa que no se hac\u00eda hace 10 a\u00f1os. Adem\u00e1s arreglaron los aires acondicionados que no funcionaban y la instalaci\u00f3n de otros donde no hab\u00eda; la carga de los matafuegos, se\u00f1alizaci\u00f3n de emergencia, el cableado por canal donde estaba expuesto, el cambio de mobiliario de algunas oficinas, cortinas t\u00e9rmicas en otras, dispencer de agua. En los ba\u00f1os mejoraron las condiciones de limpieza.<\/p>\n<p><strong>\u00bfNo hab\u00eda plata o era desidia? \u00bfPor qu\u00e9 no se hizo esto antes?<\/strong><\/p>\n<p>La conclusi\u00f3n que llegamos es que siempre estuvieron las partidas presupuestarias destinadas para el mantenimiento, pero es evidente que no se ejecutaban. Por eso, al igual que en una casa, si no invert\u00eds para el mantenimiento, cuando al que arreglar todo, sale mucho m\u00e1s caro. Pedimos cosas b\u00e1sicas que les cost\u00f3 conseguirlas porque ni esta gesti\u00f3n ni las anteriores hicieron lo que deb\u00edan.<\/p>\n<p><strong>\u00bfQue les queda pendiente en t\u00e9rminos de infraestructura?<\/strong><\/p>\n<p>Van a instalar un calef\u00f3n en el tercer piso, la compra de los aires, y el equipamiento de computadoras.<\/p>\n<figure id=\"attachment_5350\" aria-describedby=\"caption-attachment-5350\" style=\"width: 550px\" class=\"wp-caption aligncenter\"><a href=\"http:\/\/www.atecordoba.org\/wp-content\/uploads\/2015\/06\/IMG_7730-e1433191196394.jpg\"><img loading=\"lazy\" decoding=\"async\" class=\"wp-image-5350 size-full\" src=\"http:\/\/www.atecordoba.org\/wp-content\/uploads\/2015\/06\/IMG_7730-e1433191196394.jpg\" alt=\"IMG_7730\" width=\"550\" height=\"309\" \/><\/a><figcaption id=\"caption-attachment-5350\" class=\"wp-caption-text\">La delegada de ATE Alejandra Cabrera<\/figcaption><\/figure>\n<p><strong>\u00bfEn t\u00e9rminos gremiales c\u00f3mo encaran el a\u00f1o?<\/strong><\/p>\n<p>Rechazamos la pauta acordada con el SEP, en una mesa donde no invitaron a ATE. Le pedimos a los directores una partida presupuestaria de horas extras por el gran volumen de trabajo con expedientes y altas docentes, que es un trabajo constante de todo el a\u00f1o. Adem\u00e1s, nos enteramos que hay un decreto de prolongaci\u00f3n de jornada firmado por los ministros Elettore, Calvo, C\u00f3rdoba y De la sota que habilita a los jefes y los agentes de ejecuci\u00f3n a prologar la jornada. Los jefes y los directores se guardaron esta informaci\u00f3n y no abrieron el juego. As\u00ed que se nos plantea la posibilidad de una lucha en varios frentes.<\/p>\n<p>Tambi\u00e9n estamos planteando que nos incluyen en el lote de horas extras y las prolongaciones de jornada para equiparar salarialmente con otras reparticiones. Por otro lado, las recategorizaciones nos generan muchos problemas porque las acomodan seg\u00fan como quieren. Y hay compa\u00f1eros que se jubilaron sin tener las recategorizaci\u00f3n que les corresponden. Las tienen que estar peleando, otros las tienen y no lo saben. Estas cosas expresan un desorden en lo administrativo que estamos aprendiendo mientras vamos tratando de generar las soluciones.<\/p>\n<figure id=\"attachment_5352\" aria-describedby=\"caption-attachment-5352\" style=\"width: 550px\" class=\"wp-caption aligncenter\"><a href=\"http:\/\/www.atecordoba.org\/wp-content\/uploads\/2015\/06\/IMG_7720-e1433191286390.jpg\"><img loading=\"lazy\" decoding=\"async\" class=\"wp-image-5352 size-full\" src=\"http:\/\/www.atecordoba.org\/wp-content\/uploads\/2015\/06\/IMG_7720-e1433191286390.jpg\" alt=\"IMG_7720\" width=\"550\" height=\"309\" \/><\/a><figcaption id=\"caption-attachment-5352\" class=\"wp-caption-text\">Panel de informaci\u00f3n de ATE<\/figcaption><\/figure>\n<p>&nbsp;<\/p>\n<p><strong>\u00bfQue signific\u00f3 para los compa\u00f1eros esta reaparici\u00f3n del ATE en el organismo?<\/strong><\/p>\n<p>Los compa\u00f1eros lo ven positivo. La gente nos respalda porque se nota en las asambleas. Cuando no est\u00e1bamos legalizados el miedo a que otro gremio los entregue paralizaba la participaci\u00f3n para reclamar lo que nos corresponde, pero en dos o tres asambleas se vio que ya estamos reconocidos y en la diaria se fue corriendo la voz. Docentes, \u00a0administrativos y profesionales afiliados a otros gremios tambi\u00e9n vienen a consultarnos. Todas las tribus, como decimos ac\u00e1, monotributistas o pasantes, todos se acercan. Nosotros no le debemos nada ni al gobierno ni al partido de turno, ni a directores o jefes, por eso hablamos con libertad en funci\u00f3n de los reclamos. Como no nos van a comprar ni con plata ni con cargos estamos y somos una molestia. Las autoridades intentaron dos traslados pero no pudieron efectivizarlos. En poco tiempo hemos conseguido bastante, se ve un cambio en la casa y nos alientan para seguir as\u00ed.<\/p>\n<p><strong>Mar\u00eda Teresa Romero est\u00e1 a punto de finalizar su mandado en la Secretar\u00eda General, ustedes que la conocen desde que era delegada de este sector, \u00bfqu\u00e9 imagen les queda de su paso por la representaci\u00f3n sindical?<\/strong><\/p>\n<p>Desde que tengo uso de raz\u00f3n estaba en las asambleas que convocaba la Teresa, as\u00ed que lo poco o mucho que aprendimos \u00a0en cuestiones gremiales se lo debemos a ella, que fue quien nos form\u00f3. En ese espejo nos miramos , en su l\u00ednea de coherencia. Es una responsabilidad porque tenemos que hacerla quedar bien a ella y al gremio de ATE.<\/p>\n<p>&nbsp;<\/p>\n","protected":false},"excerpt":{"rendered":"<p>Se trata de un hecho pol\u00edtico y simb\u00f3lico de gran valor para nuestros afiliados ya que se trata del sector donde el gobierno de De la Sota inici\u00f3 hace nueve a\u00f1os la persecuci\u00f3n institucional a nuestro gremio. Hoy con un a\u00f1o de actuaci\u00f3n de los nuevos delegados electos por los afiliados, el compa\u00f1ero Gustavo Valenzuela [&hellip;]<\/p>\n","protected":false},"author":1,"featured_media":19220,"comment_status":"open","ping_status":"open","sticky":false,"template":"","format":"standard","meta":{"_exactmetrics_skip_tracking":false,"_exactmetrics_sitenote_active":false,"_exactmetrics_sitenote_note":"","_exactmetrics_sitenote_category":0,"jnews-multi-image_gallery":[],"jnews_single_post":[],"jnews_primary_category":[],"jnews_social_meta":[],"jnews_review":[],"enable_review":"","type":"","name":"","summary":"","brand":"","sku":"","good":[],"bad":[],"score_override":"","override_value":"","rating":[],"price":[],"jnews_override_counter":[],"jnews_post_split":[],"footnotes":""},"categories":[114,8],"tags":[],"class_list":["post-5345","post","type-post","status-publish","format-standard","has-post-thumbnail","hentry","category-ministerio-educacion","category-provinciales"],"jetpack_featured_media_url":"https:\/\/atecordoba.org\/wp-content\/uploads\/2020\/05\/logo-nuevochico-e1561581322808.png","_links":{"self":[{"href":"https:\/\/atecordoba.org\/index.php?rest_route=\/wp\/v2\/posts\/5345","targetHints":{"allow":["GET"]}}],"collection":[{"href":"https:\/\/atecordoba.org\/index.php?rest_route=\/wp\/v2\/posts"}],"about":[{"href":"https:\/\/atecordoba.org\/index.php?rest_route=\/wp\/v2\/types\/post"}],"author":[{"embeddable":true,"href":"https:\/\/atecordoba.org\/index.php?rest_route=\/wp\/v2\/users\/1"}],"replies":[{"embeddable":true,"href":"https:\/\/atecordoba.org\/index.php?rest_route=%2Fwp%2Fv2%2Fcomments&post=5345"}],"version-history":[{"count":0,"href":"https:\/\/atecordoba.org\/index.php?rest_route=\/wp\/v2\/posts\/5345\/revisions"}],"wp:featuredmedia":[{"embeddable":true,"href":"https:\/\/atecordoba.org\/index.php?rest_route=\/wp\/v2\/media\/19220"}],"wp:attachment":[{"href":"https:\/\/atecordoba.org\/index.php?rest_route=%2Fwp%2Fv2%2Fmedia&parent=5345"}],"wp:term":[{"taxonomy":"category","embeddable":true,"href":"https:\/\/atecordoba.org\/index.php?rest_route=%2Fwp%2Fv2%2Fcategories&post=5345"},{"taxonomy":"post_tag","embeddable":true,"href":"https:\/\/atecordoba.org\/index.php?rest_route=%2Fwp%2Fv2%2Ftags&post=5345"}],"curies":[{"name":"wp","href":"https:\/\/api.w.org\/{rel}","templated":true}]}}