{"id":53446,"date":"2026-04-27T11:31:29","date_gmt":"2026-04-27T14:31:29","guid":{"rendered":"https:\/\/atecordoba.org\/?p=53446"},"modified":"2026-04-27T12:16:46","modified_gmt":"2026-04-27T15:16:46","slug":"el-xxviii-congreso-provincial-aprueba-memoria-y-balance-de-2025-y-lanza-un-fuerte-plan-de-lucha-para-mayo-en-toda-la-provincia","status":"publish","type":"post","link":"https:\/\/atecordoba.org\/?p=53446","title":{"rendered":"El XXVIII Congreso Provincial aprueba Memoria y Balance de 2025 y lanza un fuerte plan de lucha para mayo en toda la provincia"},"content":{"rendered":"<p><img loading=\"lazy\" decoding=\"async\" class=\"aligncenter wp-image-53448\" src=\"https:\/\/atecordoba.org\/wp-content\/uploads\/2026\/04\/681362638_1389835343166376_8417640691682381648_n-1.jpg\" alt=\"\" width=\"618\" height=\"464\" srcset=\"https:\/\/atecordoba.org\/wp-content\/uploads\/2026\/04\/681362638_1389835343166376_8417640691682381648_n-1.jpg 1280w, https:\/\/atecordoba.org\/wp-content\/uploads\/2026\/04\/681362638_1389835343166376_8417640691682381648_n-1-300x225.jpg 300w, https:\/\/atecordoba.org\/wp-content\/uploads\/2026\/04\/681362638_1389835343166376_8417640691682381648_n-1-1024x768.jpg 1024w, https:\/\/atecordoba.org\/wp-content\/uploads\/2026\/04\/681362638_1389835343166376_8417640691682381648_n-1-768x576.jpg 768w, https:\/\/atecordoba.org\/wp-content\/uploads\/2026\/04\/681362638_1389835343166376_8417640691682381648_n-1-750x563.jpg 750w, https:\/\/atecordoba.org\/wp-content\/uploads\/2026\/04\/681362638_1389835343166376_8417640691682381648_n-1-1140x855.jpg 1140w\" sizes=\"auto, (max-width: 618px) 100vw, 618px\" \/><\/p>\n<p>Una inmensa mayor\u00eda de congresales de toda la provincia aprob\u00f3 el pasado viernes 24 de abril la Memoria de la acci\u00f3n gremial y el Balance financiero de ATE C\u00f3rdoba durante el periodo 2025, en el XXVIII Congreso Provincial Ordinario y Extraordinaria que se desarroll\u00f3 en la sede del Consejo Directivo Provincial (CDP).<\/p>\n<p>Encabezado por nuestro secretario General Federico Giuliani, el congreso comenz\u00f3 a las 10.45 con 143 congresales presentes, de un total de 151 habilitados para participar. Posteriormente esa cantidad se llegar\u00eda a 169 congresales, cuando comenz\u00f3 el Congreso Extraordinario.<\/p>\n<p><img loading=\"lazy\" decoding=\"async\" class=\"aligncenter wp-image-53449\" src=\"https:\/\/atecordoba.org\/wp-content\/uploads\/2026\/04\/679129268_1389836783166232_1024015416278082725_n-1024x771.jpg\" alt=\"\" width=\"613\" height=\"462\" srcset=\"https:\/\/atecordoba.org\/wp-content\/uploads\/2026\/04\/679129268_1389836783166232_1024015416278082725_n-1024x771.jpg 1024w, https:\/\/atecordoba.org\/wp-content\/uploads\/2026\/04\/679129268_1389836783166232_1024015416278082725_n-300x226.jpg 300w, https:\/\/atecordoba.org\/wp-content\/uploads\/2026\/04\/679129268_1389836783166232_1024015416278082725_n-768x578.jpg 768w, https:\/\/atecordoba.org\/wp-content\/uploads\/2026\/04\/679129268_1389836783166232_1024015416278082725_n-1536x1157.jpg 1536w, https:\/\/atecordoba.org\/wp-content\/uploads\/2026\/04\/679129268_1389836783166232_1024015416278082725_n-750x565.jpg 750w, https:\/\/atecordoba.org\/wp-content\/uploads\/2026\/04\/679129268_1389836783166232_1024015416278082725_n-1140x858.jpg 1140w, https:\/\/atecordoba.org\/wp-content\/uploads\/2026\/04\/679129268_1389836783166232_1024015416278082725_n.jpg 2048w\" sizes=\"auto, (max-width: 613px) 100vw, 613px\" \/><\/p>\n<p>Todas las seccionales del interior y los territorios que integran el CDP dijeron presente con sus principales dirigentes: la secretaria General de ATE R\u00edo Cuarto Rafaela Alcoba, de R\u00edo Tercero David Salto, de Villa Mar\u00eda Mari Maturano, de Adelia Mar\u00eda Diego Villegas, de San Justo Dar\u00edo Paredes y de Cruz del Eje Juan Pablo Pozzi.<\/p>\n<p>Giuliani dio la bienvenida ante un sal\u00f3n repleto de compa\u00f1eros y compa\u00f1eras estatales \u00e1vidos por comenzar el debate, que defini\u00f3 un fuerte plan de lucha, con acciones gremiales durante todo el mes de mayo.<\/p>\n<p>Las autoridades del Ordinario fueron, junto al secretario General, las compa\u00f1eras Gabriela Alcoba, secretaria Adjunta del CDP, Marcela Ch\u00e1vez, secretaria de Convenios Colectivos, Milagros Sozzi, secretaria de Formaci\u00f3n, y  Mariela Lozano, de Higiene y Seguridad. En tanto, dos congresales, Iribarren y Massera, leyeron el dictamen de la  Comisi\u00f3n Revisora de Cuentas, que recomend\u00f3 la aprobaci\u00f3n del Balance.<\/p>\n<p><img loading=\"lazy\" decoding=\"async\" class=\"aligncenter wp-image-53450\" src=\"https:\/\/atecordoba.org\/wp-content\/uploads\/2026\/04\/679056316_1389835266499717_947708256123180121_n-1-768x1024.jpg\" alt=\"\" width=\"625\" height=\"833\" srcset=\"https:\/\/atecordoba.org\/wp-content\/uploads\/2026\/04\/679056316_1389835266499717_947708256123180121_n-1-768x1024.jpg 768w, https:\/\/atecordoba.org\/wp-content\/uploads\/2026\/04\/679056316_1389835266499717_947708256123180121_n-1-225x300.jpg 225w, https:\/\/atecordoba.org\/wp-content\/uploads\/2026\/04\/679056316_1389835266499717_947708256123180121_n-1-1152x1536.jpg 1152w, https:\/\/atecordoba.org\/wp-content\/uploads\/2026\/04\/679056316_1389835266499717_947708256123180121_n-1-750x1000.jpg 750w, https:\/\/atecordoba.org\/wp-content\/uploads\/2026\/04\/679056316_1389835266499717_947708256123180121_n-1-1140x1520.jpg 1140w, https:\/\/atecordoba.org\/wp-content\/uploads\/2026\/04\/679056316_1389835266499717_947708256123180121_n-1.jpg 1536w\" sizes=\"auto, (max-width: 625px) 100vw, 625px\" \/><\/p>\n<p>Posteriormente, la secretaria de Prensa Julia Giuliani explic\u00f3 que la memoria de actividades estuvo resumida en un video que se proyect\u00f3 en una pantalla del auditorio, mientras que el detalle escribo se facilit\u00f3 a cada compa\u00f1ero y compa\u00f1era, quedando como alternativa la consulta de en la pagina web del sindicato. La memoria tambi\u00e9n se aprob\u00f3 por una mayor\u00eda inapelable.<\/p>\n<p>Todo lo actuado qued\u00f3 registrado en un acta a cargo de la escribana Adriana Vaca, ante la falta de veedores enviados desde la Secretar\u00eda de Trabajo de la Naci\u00f3n.<\/p>\n<div id='gallery_1' class='gallery galleryid-53446 gallery-columns-3 gallery-size-thumbnail'><figure class='gallery-item'>\n                <div class='gallery-icon landscape'>\n                    <a href='https:\/\/atecordoba.org\/wp-content\/uploads\/2026\/04\/679007454_1389850946498149_1786466117708480444_n.jpg'><img loading=\"lazy\" decoding=\"async\" width=\"150\" height=\"150\" src=\"\" class=\"attachment-thumbnail size-thumbnail lazyload\" alt=\"\" data-src=\"https:\/\/atecordoba.org\/wp-content\/uploads\/2026\/04\/679007454_1389850946498149_1786466117708480444_n-150x150.jpg\" data-sizes=\"auto\" data-srcset=\"https:\/\/atecordoba.org\/wp-content\/uploads\/2026\/04\/679007454_1389850946498149_1786466117708480444_n-150x150.jpg 150w, https:\/\/atecordoba.org\/wp-content\/uploads\/2026\/04\/679007454_1389850946498149_1786466117708480444_n-560x560.jpg 560w, https:\/\/atecordoba.org\/wp-content\/uploads\/2026\/04\/679007454_1389850946498149_1786466117708480444_n-75x75.jpg 75w, https:\/\/atecordoba.org\/wp-content\/uploads\/2026\/04\/679007454_1389850946498149_1786466117708480444_n-350x350.jpg 350w\" data-expand=\"700\" \/><\/a>\n                <\/div><\/figure><figure class='gallery-item'>\n                <div class='gallery-icon landscape'>\n                    <a href='https:\/\/atecordoba.org\/wp-content\/uploads\/2026\/04\/679037474_1389854523164458_6150220009270801070_n.jpg'><img loading=\"lazy\" decoding=\"async\" width=\"150\" height=\"150\" src=\"\" class=\"attachment-thumbnail size-thumbnail lazyload\" alt=\"\" data-src=\"https:\/\/atecordoba.org\/wp-content\/uploads\/2026\/04\/679037474_1389854523164458_6150220009270801070_n-150x150.jpg\" data-sizes=\"auto\" data-srcset=\"https:\/\/atecordoba.org\/wp-content\/uploads\/2026\/04\/679037474_1389854523164458_6150220009270801070_n-150x150.jpg 150w, https:\/\/atecordoba.org\/wp-content\/uploads\/2026\/04\/679037474_1389854523164458_6150220009270801070_n-560x560.jpg 560w, https:\/\/atecordoba.org\/wp-content\/uploads\/2026\/04\/679037474_1389854523164458_6150220009270801070_n-75x75.jpg 75w, https:\/\/atecordoba.org\/wp-content\/uploads\/2026\/04\/679037474_1389854523164458_6150220009270801070_n-350x350.jpg 350w\" data-expand=\"700\" \/><\/a>\n                <\/div><\/figure><figure class='gallery-item'>\n                <div class='gallery-icon landscape'>\n                    <a href='https:\/\/atecordoba.org\/wp-content\/uploads\/2026\/04\/679399201_1389854569831120_5724682668084564209_n.jpg'><img loading=\"lazy\" decoding=\"async\" width=\"150\" height=\"150\" src=\"\" class=\"attachment-thumbnail size-thumbnail lazyload\" alt=\"\" data-src=\"https:\/\/atecordoba.org\/wp-content\/uploads\/2026\/04\/679399201_1389854569831120_5724682668084564209_n-150x150.jpg\" data-sizes=\"auto\" data-srcset=\"https:\/\/atecordoba.org\/wp-content\/uploads\/2026\/04\/679399201_1389854569831120_5724682668084564209_n-150x150.jpg 150w, https:\/\/atecordoba.org\/wp-content\/uploads\/2026\/04\/679399201_1389854569831120_5724682668084564209_n-560x560.jpg 560w, https:\/\/atecordoba.org\/wp-content\/uploads\/2026\/04\/679399201_1389854569831120_5724682668084564209_n-75x75.jpg 75w, https:\/\/atecordoba.org\/wp-content\/uploads\/2026\/04\/679399201_1389854569831120_5724682668084564209_n-350x350.jpg 350w\" data-expand=\"700\" \/><\/a>\n                <\/div><\/figure><br style=\"clear: both\" \/>\n            <\/div>\n\n<h5>Extraordinario<\/h5>\n<p>Finalizada la primera etapa del Congreso se dio comienzo al Extraordinario, sin duda el momento m\u00e1s jugoso del debate ya que el conjunto de los presentes abord\u00f3 el diagn\u00f3stico de la coyuntura y elabor\u00f3 un plan de acci\u00f3n, que qued\u00f3 definido en el siguiente cronograma:<\/p>\n<p><img loading=\"lazy\" decoding=\"async\" class=\"alignleft wp-image-53454\" src=\"https:\/\/atecordoba.org\/wp-content\/uploads\/2026\/04\/679016029_1389835593166351_6795331295445222750_n-770x1024.jpg\" alt=\"\" width=\"443\" height=\"589\" srcset=\"https:\/\/atecordoba.org\/wp-content\/uploads\/2026\/04\/679016029_1389835593166351_6795331295445222750_n-770x1024.jpg 770w, https:\/\/atecordoba.org\/wp-content\/uploads\/2026\/04\/679016029_1389835593166351_6795331295445222750_n-226x300.jpg 226w, https:\/\/atecordoba.org\/wp-content\/uploads\/2026\/04\/679016029_1389835593166351_6795331295445222750_n-768x1021.jpg 768w, https:\/\/atecordoba.org\/wp-content\/uploads\/2026\/04\/679016029_1389835593166351_6795331295445222750_n-750x997.jpg 750w, https:\/\/atecordoba.org\/wp-content\/uploads\/2026\/04\/679016029_1389835593166351_6795331295445222750_n.jpg 963w\" sizes=\"auto, (max-width: 443px) 100vw, 443px\" \/><\/p>\n<ul>\n<li>29\/4 participaci\u00f3n de C\u00f3rdoba en el Plenario Nacional de la CTA Aut\u00f3noma en la localidad de Ensenada, provincia de Buenos Aires.<\/li>\n<li>30\/4 Personal Civil de las FF.AA.: semaforeada a las 19 horas frente al Patio Olmos.<\/li>\n<li>1\/5Plenario Mesa de Coordinaci\u00f3n Sindical y Social para definir el programa pol\u00edtico, en la localidad de Pilar.<\/li>\n<li>SEMANA DEL 4 DE MAYO: Recorrido en Hospitales Provinciales.<\/li>\n<li>6\/5 Jornada de lucha en PAMI en todas las seccionales.<\/li>\n<li>7\/5 Reuni\u00f3n de Mesa de Coordinaci\u00f3n Sindical y Social en Surbac a las 14 horas.<\/li>\n<li>12\/5 participaci\u00f3n en la Marcha Universitaria.<\/li>\n<li>13\/5 Plenario de Personal Civil de las FF.AA en R\u00edo Cuarto<\/li>\n<li>20\/5 Encuentro Provincial de la Corredmi en sede del CDP.<\/li>\n<li>27\/5 Reuni\u00f3n Provincial de PAICOR en sede del CDP.<\/li>\n<li>29\/5 Movilizaci\u00f3n en C\u00f3rdoba Capital de la Mesa de Coordinaci\u00f3n Sindical y Social . Ollas Populares en  las seccionales del interior.<\/li>\n<li>3\/6 Encuentro Provincial de Municipales en sede del CDP<\/li>\n<\/ul>\n<p>A la hora de dirigirse a los y las presentes, Giuliani destac\u00f3 la presencia territorial de ATE en toda la provincia y un cuadro que se completa con el fuerte crecimiento de nuestro gremio en el sector municipal, que se expresa tambi\u00e9n en la figura de las y los secretarios generales de las seccionales, cinco de los seis integran dicho sector.<\/p>\n<p>Por eso el dirigente remarc\u00f3 que ATE &#8220;m\u00e1s all\u00e1 de ser un actor sindical propio en la defensa de los derechos de la clase estatal, nacional, provincial y municipal, nosotros hemos sido una vanguardia en la teor\u00eda pol\u00edtica en los territorios defendiendo junto a estas luchas los distintos conflictos que se han ido dando, a lo largo y a lo ancho de la provincia&#8221;.<\/p>\n<p><img loading=\"lazy\" decoding=\"async\" class=\"aligncenter wp-image-53455\" src=\"https:\/\/atecordoba.org\/wp-content\/uploads\/2026\/04\/679007454_1389850946498149_1786466117708480444_n-1-1024x768.jpg\" alt=\"\" width=\"619\" height=\"465\" srcset=\"https:\/\/atecordoba.org\/wp-content\/uploads\/2026\/04\/679007454_1389850946498149_1786466117708480444_n-1-1024x768.jpg 1024w, https:\/\/atecordoba.org\/wp-content\/uploads\/2026\/04\/679007454_1389850946498149_1786466117708480444_n-1-300x225.jpg 300w, https:\/\/atecordoba.org\/wp-content\/uploads\/2026\/04\/679007454_1389850946498149_1786466117708480444_n-1-768x576.jpg 768w, https:\/\/atecordoba.org\/wp-content\/uploads\/2026\/04\/679007454_1389850946498149_1786466117708480444_n-1-1536x1152.jpg 1536w, https:\/\/atecordoba.org\/wp-content\/uploads\/2026\/04\/679007454_1389850946498149_1786466117708480444_n-1-750x563.jpg 750w, https:\/\/atecordoba.org\/wp-content\/uploads\/2026\/04\/679007454_1389850946498149_1786466117708480444_n-1-1140x855.jpg 1140w, https:\/\/atecordoba.org\/wp-content\/uploads\/2026\/04\/679007454_1389850946498149_1786466117708480444_n-1.jpg 1600w\" sizes=\"auto, (max-width: 619px) 100vw, 619px\" \/><\/p>\n<p>Luego anclo esa referencia con la persecuci\u00f3n judicial que debe afrontar que se explica en el intento del Gobierno de C\u00f3rdoba de amedrentar a ATE para que limite su participaci\u00f3n en el conflicto social. &#8220;Eso no va a pasar, seguiremos dando la pelea en la calle&#8221;, dijo y explic\u00f3 &#8220;esto no es personal no es contra un dirigente. El ataque es contra la organizaci\u00f3n en primer lugar, contra la estructura de ATE de 101 a\u00f1os, pero tambi\u00e9n de nuestra CTA, con la idea es silenciar la voz de la clase trabajadora. Ese es el objetivo final. En el medio quedan dirigentes y ac\u00e1 nadie va a hacer un juicio de valor, pero claramente cuando te persiguen, cuando te reprimen, cuando te hallan en tu casa, cuando de manera permanente, sistem\u00e1tica y planificada esto sucede, ten\u00e9s dos caminos: o te quebr\u00e1s o te fortaleces nosotros nos fortalecimos y el hecho que fue un punto de inflexi\u00f3n sucedi\u00f3 el 28 de agosto pasado, en donde nosotros fuimos a reclamar comida al municipio de C\u00f3rdoba y terminamos en la c\u00e1rcel de Bower y yo con una fractura en el brazo&#8221;.<\/p>\n<p><img loading=\"lazy\" decoding=\"async\" class=\"aligncenter wp-image-53456\" src=\"https:\/\/atecordoba.org\/wp-content\/uploads\/2026\/04\/680370475_1389836056499638_666334703508908225_n-1024x768.jpg\" alt=\"\" width=\"628\" height=\"471\" srcset=\"https:\/\/atecordoba.org\/wp-content\/uploads\/2026\/04\/680370475_1389836056499638_666334703508908225_n-1024x768.jpg 1024w, https:\/\/atecordoba.org\/wp-content\/uploads\/2026\/04\/680370475_1389836056499638_666334703508908225_n-300x225.jpg 300w, https:\/\/atecordoba.org\/wp-content\/uploads\/2026\/04\/680370475_1389836056499638_666334703508908225_n-768x576.jpg 768w, https:\/\/atecordoba.org\/wp-content\/uploads\/2026\/04\/680370475_1389836056499638_666334703508908225_n-1536x1152.jpg 1536w, https:\/\/atecordoba.org\/wp-content\/uploads\/2026\/04\/680370475_1389836056499638_666334703508908225_n-750x563.jpg 750w, https:\/\/atecordoba.org\/wp-content\/uploads\/2026\/04\/680370475_1389836056499638_666334703508908225_n-1140x855.jpg 1140w, https:\/\/atecordoba.org\/wp-content\/uploads\/2026\/04\/680370475_1389836056499638_666334703508908225_n.jpg 2048w\" sizes=\"auto, (max-width: 628px) 100vw, 628px\" \/><\/p>\n<p>Giuliani hizo tambi\u00e9n un profundo abordaje de la situaci\u00f3n internacional y del lamentable papel que tiene en ese contexto el Gobierno de Javier Milei. Seguidamente, detall\u00f3 la acci\u00f3n pol\u00edtica llevada adelante para crear con otras organizaciones combativas. &#8220;Claro que la reforma laboral ha sido un golpe muy grande para el campo popular en su conjunto, pero tambi\u00e9n es la oportunidad del nacimiento de un nuevo tiempo pol\u00edtico de unidad sindical y combativa en la Argentina. Mientras la CGT sali\u00f3 tarde y arregl\u00f3, hay otros sindicatos que igual que nosotros construyen de verdad la unidad con la que lucha, las organizaciones sociales que no transan, para poder enfrentar este gobierno en lo que le queda de mandato. Nosotros no somos como los legalistas que dicen &#8220;hay que esperar hasta el 2027&#8243;. Vamos a construir las condiciones necesarias para que este gobierno se vaya cuanto antes de la Argentina y deje de hambrear a nuestro pueblo&#8221;, dijo el dirigente en otro tramo.<\/p>\n<p><img loading=\"lazy\" decoding=\"async\" class=\"aligncenter wp-image-53457\" src=\"https:\/\/atecordoba.org\/wp-content\/uploads\/2026\/04\/676774554_1389835413166369_3830470714525736816_n-1-1024x768.jpg\" alt=\"\" width=\"626\" height=\"470\" srcset=\"https:\/\/atecordoba.org\/wp-content\/uploads\/2026\/04\/676774554_1389835413166369_3830470714525736816_n-1-1024x768.jpg 1024w, https:\/\/atecordoba.org\/wp-content\/uploads\/2026\/04\/676774554_1389835413166369_3830470714525736816_n-1-300x225.jpg 300w, https:\/\/atecordoba.org\/wp-content\/uploads\/2026\/04\/676774554_1389835413166369_3830470714525736816_n-1-768x576.jpg 768w, https:\/\/atecordoba.org\/wp-content\/uploads\/2026\/04\/676774554_1389835413166369_3830470714525736816_n-1-1536x1152.jpg 1536w, https:\/\/atecordoba.org\/wp-content\/uploads\/2026\/04\/676774554_1389835413166369_3830470714525736816_n-1-750x563.jpg 750w, https:\/\/atecordoba.org\/wp-content\/uploads\/2026\/04\/676774554_1389835413166369_3830470714525736816_n-1-1140x855.jpg 1140w, https:\/\/atecordoba.org\/wp-content\/uploads\/2026\/04\/676774554_1389835413166369_3830470714525736816_n-1.jpg 2048w\" sizes=\"auto, (max-width: 626px) 100vw, 626px\" \/><\/p>\n<p><strong>Seccionales<\/strong><\/p>\n<p>Las y los secretarios generales de las seccionales tambi\u00e9n se expresaron respecto a los debates que envuelven a nuestra organizaci\u00f3n sindical. En una s\u00edntesis se puede destacar:<\/p>\n<p><strong>Juan Pablo Pozzi (ATE Cruz del Eje)<\/strong>. Abog\u00f3 por &#8220;un programa para renovar lo que fue los maravillosos programas de Huerta Grande y La Falda que han hecho historia en nuestra Argentina. El gobierno que venga  despu\u00e9s de Milei debe tener un programa obrero y nosotros despu\u00e9s, obviamente, con la responsabilidad pol\u00edtica que tengamos no solo lo fundamentamos en la mesa de discusi\u00f3n, sino que lo tenemos que salir a pelear a la calle como estatales&#8221;.<\/p>\n<p><strong>Diego Villegas (ATE Adelia Mar\u00eda)<\/strong>. Destac\u00f3 &#8220;nuestra recuperaci\u00f3n como organizaci\u00f3n sindical mayoritaria en Adelia Mar\u00eda, despu\u00e9s de haber tenido un baj\u00f3n.. Hoy estamos discutiendo paritaria para beneficio de todas y todos los compa\u00f1eros. Estamos orgullosos del reconocimiento de los afiliados y ese es el camino a seguir para mejorar los salarios y las condiciones de trabajo.<\/p>\n<p><img loading=\"lazy\" decoding=\"async\" class=\"alignleft wp-image-53458\" src=\"https:\/\/atecordoba.org\/wp-content\/uploads\/2026\/04\/678267292_1389851373164773_5690304084679956403_n-768x1024.jpg\" alt=\"\" width=\"371\" height=\"494\" srcset=\"https:\/\/atecordoba.org\/wp-content\/uploads\/2026\/04\/678267292_1389851373164773_5690304084679956403_n-768x1024.jpg 768w, https:\/\/atecordoba.org\/wp-content\/uploads\/2026\/04\/678267292_1389851373164773_5690304084679956403_n-225x300.jpg 225w, https:\/\/atecordoba.org\/wp-content\/uploads\/2026\/04\/678267292_1389851373164773_5690304084679956403_n-1152x1536.jpg 1152w, https:\/\/atecordoba.org\/wp-content\/uploads\/2026\/04\/678267292_1389851373164773_5690304084679956403_n-750x1000.jpg 750w, https:\/\/atecordoba.org\/wp-content\/uploads\/2026\/04\/678267292_1389851373164773_5690304084679956403_n-1140x1520.jpg 1140w, https:\/\/atecordoba.org\/wp-content\/uploads\/2026\/04\/678267292_1389851373164773_5690304084679956403_n.jpg 1200w\" sizes=\"auto, (max-width: 371px) 100vw, 371px\" \/><\/p>\n<p><strong>Dar\u00edo Paredes (ATE San Justo)<\/strong>. Alent\u00f3 al Congreso a &#8220;no caer en la resignaci\u00f3n. Tenemos que reforzar la unidad en nuestra organizaci\u00f3n y en ese camino es fundamental agilizar la comunicaci\u00f3n interna entre las seccionales, con el CDP, para  compartir la realidades de los territorios&#8221;.<\/p>\n<p><strong>David Salto (ATE R\u00edo Tercero)<\/strong>. Promovi\u00f3 la necesidad de &#8220;darnos una estrategia colectiva,, donde uno de los principales pilares es la formaci\u00f3n, porque es lo que le va a dar calidad de debate en los sectores de trabajo.  Eso implica tambi\u00e9n seguir fortaleciendo y convenciendo a compa\u00f1eras y compa\u00f1eros de que se afilien porque eso es clave tambi\u00e9n ac\u00e1. Pero la cuesti\u00f3n de afiliaci\u00f3n no es meramente decir bueno &#8216;seguimos aumentando la entidad gremial&#8217; sino que &#8216;seguimos fortaleciendo y seguimos brindando espalda para poder alcanzar soluciones&#8217;. Tambi\u00e9n que nos tenemos que replantear la estrategia comunicacional para dar esa batalla cultural: podemos realizar asambleas, estar en los sectores, pero la realidad es que a trav\u00e9s de los medios de comunicaci\u00f3n, a trav\u00e9s de las redes sociales y de los aparatos electr\u00f3nicos, te llegas mucho m\u00e1s r\u00e1pido a la mente de cada compa\u00f1ero y compa\u00f1era. Es sumamente estrat\u00e9gico&#8221;.<\/p>\n<p><strong>Rafaela Alcoba (ATE R\u00edo Cuarto). <\/strong>Promovi\u00f3 la construcci\u00f3n de &#8220;un proyecto integral  Cuando asume Milei  muchos cre\u00edan y lo votaron porque pensaron que el discurso y el ataque iba hacia otro o hacia una otra,  hoy estamos entendiendo que vienen por nosotros, que vienen a atacarnos como clase trabajadora. Una clase trabajadora que est\u00e1 compuesta por asalariados, no asalariados, por los jubilados. Las barriadas nos est\u00e1n dando esa clase todos los d\u00edas. Nos planteamos como un proyecto integral en materia de defender el Estado, en materia de dar las garant\u00edas a una ciudadan\u00eda, en materia de dar las garant\u00edas a la continuidad de un debate y de una avanzada en movimientos feministas, ante el ataque de este gobierno a las diversidades&#8221;.<\/p>\n<div id='gallery_2' class='gallery galleryid-53446 gallery-columns-3 gallery-size-thumbnail'><figure class='gallery-item'>\n                <div class='gallery-icon portrait'>\n                    <a href='https:\/\/atecordoba.org\/wp-content\/uploads\/2026\/04\/679535308_1389836566499587_8058397240462878889_n.jpg'><img loading=\"lazy\" decoding=\"async\" width=\"150\" height=\"150\" src=\"\" class=\"attachment-thumbnail size-thumbnail lazyload\" alt=\"\" data-src=\"https:\/\/atecordoba.org\/wp-content\/uploads\/2026\/04\/679535308_1389836566499587_8058397240462878889_n-150x150.jpg\" data-sizes=\"auto\" data-srcset=\"https:\/\/atecordoba.org\/wp-content\/uploads\/2026\/04\/679535308_1389836566499587_8058397240462878889_n-150x150.jpg 150w, https:\/\/atecordoba.org\/wp-content\/uploads\/2026\/04\/679535308_1389836566499587_8058397240462878889_n-560x560.jpg 560w, https:\/\/atecordoba.org\/wp-content\/uploads\/2026\/04\/679535308_1389836566499587_8058397240462878889_n-75x75.jpg 75w, https:\/\/atecordoba.org\/wp-content\/uploads\/2026\/04\/679535308_1389836566499587_8058397240462878889_n-350x350.jpg 350w\" data-expand=\"700\" \/><\/a>\n                <\/div><\/figure><figure class='gallery-item'>\n                <div class='gallery-icon portrait'>\n                    <a href='https:\/\/atecordoba.org\/wp-content\/uploads\/2026\/04\/679629862_1389835506499693_1270537053531036359_n.jpg'><img loading=\"lazy\" decoding=\"async\" width=\"150\" height=\"150\" src=\"\" class=\"attachment-thumbnail size-thumbnail lazyload\" alt=\"\" data-src=\"https:\/\/atecordoba.org\/wp-content\/uploads\/2026\/04\/679629862_1389835506499693_1270537053531036359_n-150x150.jpg\" data-sizes=\"auto\" data-srcset=\"https:\/\/atecordoba.org\/wp-content\/uploads\/2026\/04\/679629862_1389835506499693_1270537053531036359_n-150x150.jpg 150w, https:\/\/atecordoba.org\/wp-content\/uploads\/2026\/04\/679629862_1389835506499693_1270537053531036359_n-560x560.jpg 560w, https:\/\/atecordoba.org\/wp-content\/uploads\/2026\/04\/679629862_1389835506499693_1270537053531036359_n-75x75.jpg 75w, https:\/\/atecordoba.org\/wp-content\/uploads\/2026\/04\/679629862_1389835506499693_1270537053531036359_n-350x350.jpg 350w\" data-expand=\"700\" \/><\/a>\n                <\/div><\/figure><figure class='gallery-item'>\n                <div class='gallery-icon portrait'>\n                    <a href='https:\/\/atecordoba.org\/wp-content\/uploads\/2026\/04\/680492765_1389836109832966_4224593443173930261_n.jpg'><img loading=\"lazy\" decoding=\"async\" width=\"150\" height=\"150\" src=\"\" class=\"attachment-thumbnail size-thumbnail lazyload\" alt=\"\" data-src=\"https:\/\/atecordoba.org\/wp-content\/uploads\/2026\/04\/680492765_1389836109832966_4224593443173930261_n-150x150.jpg\" data-sizes=\"auto\" data-srcset=\"https:\/\/atecordoba.org\/wp-content\/uploads\/2026\/04\/680492765_1389836109832966_4224593443173930261_n-150x150.jpg 150w, https:\/\/atecordoba.org\/wp-content\/uploads\/2026\/04\/680492765_1389836109832966_4224593443173930261_n-560x560.jpg 560w, https:\/\/atecordoba.org\/wp-content\/uploads\/2026\/04\/680492765_1389836109832966_4224593443173930261_n-75x75.jpg 75w, https:\/\/atecordoba.org\/wp-content\/uploads\/2026\/04\/680492765_1389836109832966_4224593443173930261_n-350x350.jpg 350w\" data-expand=\"700\" \/><\/a>\n                <\/div><\/figure><br style=\"clear: both\" \/><figure class='gallery-item'>\n                <div class='gallery-icon portrait'>\n                    <a href='https:\/\/atecordoba.org\/wp-content\/uploads\/2026\/04\/676686189_1389836716499572_1275354036527016508_n.jpg'><img loading=\"lazy\" decoding=\"async\" width=\"150\" height=\"150\" src=\"\" class=\"attachment-thumbnail size-thumbnail lazyload\" alt=\"\" data-src=\"https:\/\/atecordoba.org\/wp-content\/uploads\/2026\/04\/676686189_1389836716499572_1275354036527016508_n-150x150.jpg\" data-sizes=\"auto\" data-srcset=\"https:\/\/atecordoba.org\/wp-content\/uploads\/2026\/04\/676686189_1389836716499572_1275354036527016508_n-150x150.jpg 150w, https:\/\/atecordoba.org\/wp-content\/uploads\/2026\/04\/676686189_1389836716499572_1275354036527016508_n-560x560.jpg 560w, https:\/\/atecordoba.org\/wp-content\/uploads\/2026\/04\/676686189_1389836716499572_1275354036527016508_n-75x75.jpg 75w, https:\/\/atecordoba.org\/wp-content\/uploads\/2026\/04\/676686189_1389836716499572_1275354036527016508_n-350x350.jpg 350w\" data-expand=\"700\" \/><\/a>\n                <\/div><\/figure><figure class='gallery-item'>\n                <div class='gallery-icon portrait'>\n                    <a href='https:\/\/atecordoba.org\/wp-content\/uploads\/2026\/04\/676772211_1389835836499660_1319188431528393252_n.jpg'><img loading=\"lazy\" decoding=\"async\" width=\"150\" height=\"150\" src=\"\" class=\"attachment-thumbnail size-thumbnail lazyload\" alt=\"\" data-src=\"https:\/\/atecordoba.org\/wp-content\/uploads\/2026\/04\/676772211_1389835836499660_1319188431528393252_n-150x150.jpg\" data-sizes=\"auto\" data-srcset=\"https:\/\/atecordoba.org\/wp-content\/uploads\/2026\/04\/676772211_1389835836499660_1319188431528393252_n-150x150.jpg 150w, https:\/\/atecordoba.org\/wp-content\/uploads\/2026\/04\/676772211_1389835836499660_1319188431528393252_n-560x560.jpg 560w, https:\/\/atecordoba.org\/wp-content\/uploads\/2026\/04\/676772211_1389835836499660_1319188431528393252_n-75x75.jpg 75w, https:\/\/atecordoba.org\/wp-content\/uploads\/2026\/04\/676772211_1389835836499660_1319188431528393252_n-350x350.jpg 350w\" data-expand=\"700\" \/><\/a>\n                <\/div><\/figure><figure class='gallery-item'>\n                <div class='gallery-icon portrait'>\n                    <a href='https:\/\/atecordoba.org\/wp-content\/uploads\/2026\/04\/676814015_1389836489832928_5763045383106996305_n.jpg'><img loading=\"lazy\" decoding=\"async\" width=\"150\" height=\"150\" src=\"\" class=\"attachment-thumbnail size-thumbnail lazyload\" alt=\"\" data-src=\"https:\/\/atecordoba.org\/wp-content\/uploads\/2026\/04\/676814015_1389836489832928_5763045383106996305_n-150x150.jpg\" data-sizes=\"auto\" data-srcset=\"https:\/\/atecordoba.org\/wp-content\/uploads\/2026\/04\/676814015_1389836489832928_5763045383106996305_n-150x150.jpg 150w, https:\/\/atecordoba.org\/wp-content\/uploads\/2026\/04\/676814015_1389836489832928_5763045383106996305_n-560x560.jpg 560w, https:\/\/atecordoba.org\/wp-content\/uploads\/2026\/04\/676814015_1389836489832928_5763045383106996305_n-75x75.jpg 75w, https:\/\/atecordoba.org\/wp-content\/uploads\/2026\/04\/676814015_1389836489832928_5763045383106996305_n-350x350.jpg 350w\" data-expand=\"700\" \/><\/a>\n                <\/div><\/figure><br style=\"clear: both\" \/><figure class='gallery-item'>\n                <div class='gallery-icon portrait'>\n                    <a href='https:\/\/atecordoba.org\/wp-content\/uploads\/2026\/04\/677598125_1389839533165957_7117345780209306566_n.jpg'><img loading=\"lazy\" decoding=\"async\" width=\"150\" height=\"150\" src=\"\" class=\"attachment-thumbnail size-thumbnail lazyload\" alt=\"\" data-src=\"https:\/\/atecordoba.org\/wp-content\/uploads\/2026\/04\/677598125_1389839533165957_7117345780209306566_n-150x150.jpg\" data-sizes=\"auto\" data-srcset=\"https:\/\/atecordoba.org\/wp-content\/uploads\/2026\/04\/677598125_1389839533165957_7117345780209306566_n-150x150.jpg 150w, https:\/\/atecordoba.org\/wp-content\/uploads\/2026\/04\/677598125_1389839533165957_7117345780209306566_n-560x560.jpg 560w, https:\/\/atecordoba.org\/wp-content\/uploads\/2026\/04\/677598125_1389839533165957_7117345780209306566_n-75x75.jpg 75w, https:\/\/atecordoba.org\/wp-content\/uploads\/2026\/04\/677598125_1389839533165957_7117345780209306566_n-350x350.jpg 350w\" data-expand=\"700\" \/><\/a>\n                <\/div><\/figure><figure class='gallery-item'>\n                <div class='gallery-icon portrait'>\n                    <a href='https:\/\/atecordoba.org\/wp-content\/uploads\/2026\/04\/677935908_1389836629832914_250133774343230327_n.jpg'><img loading=\"lazy\" decoding=\"async\" width=\"150\" height=\"150\" src=\"\" class=\"attachment-thumbnail size-thumbnail lazyload\" alt=\"\" data-src=\"https:\/\/atecordoba.org\/wp-content\/uploads\/2026\/04\/677935908_1389836629832914_250133774343230327_n-150x150.jpg\" data-sizes=\"auto\" data-srcset=\"https:\/\/atecordoba.org\/wp-content\/uploads\/2026\/04\/677935908_1389836629832914_250133774343230327_n-150x150.jpg 150w, https:\/\/atecordoba.org\/wp-content\/uploads\/2026\/04\/677935908_1389836629832914_250133774343230327_n-560x560.jpg 560w, https:\/\/atecordoba.org\/wp-content\/uploads\/2026\/04\/677935908_1389836629832914_250133774343230327_n-75x75.jpg 75w, https:\/\/atecordoba.org\/wp-content\/uploads\/2026\/04\/677935908_1389836629832914_250133774343230327_n-350x350.jpg 350w\" data-expand=\"700\" \/><\/a>\n                <\/div><\/figure><figure class='gallery-item'>\n                <div class='gallery-icon portrait'>\n                    <a href='https:\/\/atecordoba.org\/wp-content\/uploads\/2026\/04\/678209768_1389835736499670_8187985199203797167_n.jpg'><img loading=\"lazy\" decoding=\"async\" width=\"150\" height=\"150\" src=\"\" class=\"attachment-thumbnail size-thumbnail lazyload\" alt=\"\" data-src=\"https:\/\/atecordoba.org\/wp-content\/uploads\/2026\/04\/678209768_1389835736499670_8187985199203797167_n-150x150.jpg\" data-sizes=\"auto\" data-srcset=\"https:\/\/atecordoba.org\/wp-content\/uploads\/2026\/04\/678209768_1389835736499670_8187985199203797167_n-150x150.jpg 150w, https:\/\/atecordoba.org\/wp-content\/uploads\/2026\/04\/678209768_1389835736499670_8187985199203797167_n-560x560.jpg 560w, https:\/\/atecordoba.org\/wp-content\/uploads\/2026\/04\/678209768_1389835736499670_8187985199203797167_n-75x75.jpg 75w, https:\/\/atecordoba.org\/wp-content\/uploads\/2026\/04\/678209768_1389835736499670_8187985199203797167_n-350x350.jpg 350w\" data-expand=\"700\" \/><\/a>\n                <\/div><\/figure><br style=\"clear: both\" \/><figure class='gallery-item'>\n                <div class='gallery-icon portrait'>\n                    <a href='https:\/\/atecordoba.org\/wp-content\/uploads\/2026\/04\/678281906_1389854196497824_8724781506342497360_n.jpg'><img loading=\"lazy\" decoding=\"async\" width=\"150\" height=\"150\" src=\"\" class=\"attachment-thumbnail size-thumbnail lazyload\" alt=\"\" data-src=\"https:\/\/atecordoba.org\/wp-content\/uploads\/2026\/04\/678281906_1389854196497824_8724781506342497360_n-150x150.jpg\" data-sizes=\"auto\" data-srcset=\"https:\/\/atecordoba.org\/wp-content\/uploads\/2026\/04\/678281906_1389854196497824_8724781506342497360_n-150x150.jpg 150w, https:\/\/atecordoba.org\/wp-content\/uploads\/2026\/04\/678281906_1389854196497824_8724781506342497360_n-560x560.jpg 560w, https:\/\/atecordoba.org\/wp-content\/uploads\/2026\/04\/678281906_1389854196497824_8724781506342497360_n-75x75.jpg 75w, https:\/\/atecordoba.org\/wp-content\/uploads\/2026\/04\/678281906_1389854196497824_8724781506342497360_n-350x350.jpg 350w\" data-expand=\"700\" \/><\/a>\n                <\/div><\/figure><figure class='gallery-item'>\n                <div class='gallery-icon portrait'>\n                    <a href='https:\/\/atecordoba.org\/wp-content\/uploads\/2026\/04\/678558150_1389854246497819_4705621689053471111_n-e1777300253559.jpg'><img loading=\"lazy\" decoding=\"async\" width=\"150\" height=\"150\" src=\"\" class=\"attachment-thumbnail size-thumbnail lazyload\" alt=\"\" data-src=\"https:\/\/atecordoba.org\/wp-content\/uploads\/2026\/04\/678558150_1389854246497819_4705621689053471111_n-150x150.jpg\" data-sizes=\"auto\" data-srcset=\"https:\/\/atecordoba.org\/wp-content\/uploads\/2026\/04\/678558150_1389854246497819_4705621689053471111_n-150x150.jpg 150w, https:\/\/atecordoba.org\/wp-content\/uploads\/2026\/04\/678558150_1389854246497819_4705621689053471111_n-560x560.jpg 560w, https:\/\/atecordoba.org\/wp-content\/uploads\/2026\/04\/678558150_1389854246497819_4705621689053471111_n-75x75.jpg 75w, https:\/\/atecordoba.org\/wp-content\/uploads\/2026\/04\/678558150_1389854246497819_4705621689053471111_n-350x350.jpg 350w\" data-expand=\"700\" \/><\/a>\n                <\/div><\/figure><figure class='gallery-item'>\n                <div class='gallery-icon landscape'>\n                    <a href='https:\/\/atecordoba.org\/wp-content\/uploads\/2026\/04\/678626605_1389843543165556_2096459891915743529_n.jpg'><img loading=\"lazy\" decoding=\"async\" width=\"150\" height=\"150\" src=\"\" class=\"attachment-thumbnail size-thumbnail lazyload\" alt=\"\" data-src=\"https:\/\/atecordoba.org\/wp-content\/uploads\/2026\/04\/678626605_1389843543165556_2096459891915743529_n-150x150.jpg\" data-sizes=\"auto\" data-srcset=\"https:\/\/atecordoba.org\/wp-content\/uploads\/2026\/04\/678626605_1389843543165556_2096459891915743529_n-150x150.jpg 150w, https:\/\/atecordoba.org\/wp-content\/uploads\/2026\/04\/678626605_1389843543165556_2096459891915743529_n-560x560.jpg 560w, https:\/\/atecordoba.org\/wp-content\/uploads\/2026\/04\/678626605_1389843543165556_2096459891915743529_n-75x75.jpg 75w, https:\/\/atecordoba.org\/wp-content\/uploads\/2026\/04\/678626605_1389843543165556_2096459891915743529_n-350x350.jpg 350w\" data-expand=\"700\" \/><\/a>\n                <\/div><\/figure><br style=\"clear: both\" \/><figure class='gallery-item'>\n                <div class='gallery-icon portrait'>\n                    <a href='https:\/\/atecordoba.org\/wp-content\/uploads\/2026\/04\/678906284_1389836856499558_7066482631535976422_n.jpg'><img loading=\"lazy\" decoding=\"async\" width=\"150\" height=\"150\" src=\"\" class=\"attachment-thumbnail size-thumbnail lazyload\" alt=\"\" data-src=\"https:\/\/atecordoba.org\/wp-content\/uploads\/2026\/04\/678906284_1389836856499558_7066482631535976422_n-150x150.jpg\" data-sizes=\"auto\" data-srcset=\"https:\/\/atecordoba.org\/wp-content\/uploads\/2026\/04\/678906284_1389836856499558_7066482631535976422_n-150x150.jpg 150w, https:\/\/atecordoba.org\/wp-content\/uploads\/2026\/04\/678906284_1389836856499558_7066482631535976422_n-560x560.jpg 560w, https:\/\/atecordoba.org\/wp-content\/uploads\/2026\/04\/678906284_1389836856499558_7066482631535976422_n-75x75.jpg 75w, https:\/\/atecordoba.org\/wp-content\/uploads\/2026\/04\/678906284_1389836856499558_7066482631535976422_n-350x350.jpg 350w\" data-expand=\"700\" \/><\/a>\n                <\/div><\/figure><figure class='gallery-item'>\n                <div class='gallery-icon landscape'>\n                    <a href='https:\/\/atecordoba.org\/wp-content\/uploads\/2026\/04\/678963760_1389851429831434_2317555568758548158_n.jpg'><img loading=\"lazy\" decoding=\"async\" width=\"150\" height=\"150\" src=\"\" class=\"attachment-thumbnail size-thumbnail lazyload\" alt=\"\" data-src=\"https:\/\/atecordoba.org\/wp-content\/uploads\/2026\/04\/678963760_1389851429831434_2317555568758548158_n-150x150.jpg\" data-sizes=\"auto\" data-srcset=\"https:\/\/atecordoba.org\/wp-content\/uploads\/2026\/04\/678963760_1389851429831434_2317555568758548158_n-150x150.jpg 150w, https:\/\/atecordoba.org\/wp-content\/uploads\/2026\/04\/678963760_1389851429831434_2317555568758548158_n-560x560.jpg 560w, https:\/\/atecordoba.org\/wp-content\/uploads\/2026\/04\/678963760_1389851429831434_2317555568758548158_n-75x75.jpg 75w, https:\/\/atecordoba.org\/wp-content\/uploads\/2026\/04\/678963760_1389851429831434_2317555568758548158_n-350x350.jpg 350w\" data-expand=\"700\" \/><\/a>\n                <\/div><\/figure><figure class='gallery-item'>\n                <div class='gallery-icon portrait'>\n                    <a href='https:\/\/atecordoba.org\/wp-content\/uploads\/2026\/04\/678968342_1389836379832939_7725777159482242231_n.jpg'><img loading=\"lazy\" decoding=\"async\" width=\"150\" height=\"150\" src=\"\" class=\"attachment-thumbnail size-thumbnail lazyload\" alt=\"\" data-src=\"https:\/\/atecordoba.org\/wp-content\/uploads\/2026\/04\/678968342_1389836379832939_7725777159482242231_n-150x150.jpg\" data-sizes=\"auto\" data-srcset=\"https:\/\/atecordoba.org\/wp-content\/uploads\/2026\/04\/678968342_1389836379832939_7725777159482242231_n-150x150.jpg 150w, https:\/\/atecordoba.org\/wp-content\/uploads\/2026\/04\/678968342_1389836379832939_7725777159482242231_n-560x560.jpg 560w, https:\/\/atecordoba.org\/wp-content\/uploads\/2026\/04\/678968342_1389836379832939_7725777159482242231_n-75x75.jpg 75w, https:\/\/atecordoba.org\/wp-content\/uploads\/2026\/04\/678968342_1389836379832939_7725777159482242231_n-350x350.jpg 350w\" data-expand=\"700\" \/><\/a>\n                <\/div><\/figure><br style=\"clear: both\" \/><figure class='gallery-item'>\n                <div class='gallery-icon landscape'>\n                    <a href='https:\/\/atecordoba.org\/wp-content\/uploads\/2026\/04\/678972244_1389854023164508_7479039724713333918_n.jpg'><img loading=\"lazy\" decoding=\"async\" width=\"150\" height=\"150\" src=\"\" class=\"attachment-thumbnail size-thumbnail lazyload\" alt=\"\" data-src=\"https:\/\/atecordoba.org\/wp-content\/uploads\/2026\/04\/678972244_1389854023164508_7479039724713333918_n-150x150.jpg\" data-sizes=\"auto\" data-srcset=\"https:\/\/atecordoba.org\/wp-content\/uploads\/2026\/04\/678972244_1389854023164508_7479039724713333918_n-150x150.jpg 150w, https:\/\/atecordoba.org\/wp-content\/uploads\/2026\/04\/678972244_1389854023164508_7479039724713333918_n-560x560.jpg 560w, https:\/\/atecordoba.org\/wp-content\/uploads\/2026\/04\/678972244_1389854023164508_7479039724713333918_n-75x75.jpg 75w, https:\/\/atecordoba.org\/wp-content\/uploads\/2026\/04\/678972244_1389854023164508_7479039724713333918_n-350x350.jpg 350w\" data-expand=\"700\" \/><\/a>\n                <\/div><\/figure><figure class='gallery-item'>\n                <div class='gallery-icon portrait'>\n                    <a href='https:\/\/atecordoba.org\/wp-content\/uploads\/2026\/04\/678974700_1389836273166283_9006418082167697767_n.jpg'><img loading=\"lazy\" decoding=\"async\" width=\"150\" height=\"150\" src=\"\" class=\"attachment-thumbnail size-thumbnail lazyload\" alt=\"\" data-src=\"https:\/\/atecordoba.org\/wp-content\/uploads\/2026\/04\/678974700_1389836273166283_9006418082167697767_n-150x150.jpg\" data-sizes=\"auto\" data-srcset=\"https:\/\/atecordoba.org\/wp-content\/uploads\/2026\/04\/678974700_1389836273166283_9006418082167697767_n-150x150.jpg 150w, https:\/\/atecordoba.org\/wp-content\/uploads\/2026\/04\/678974700_1389836273166283_9006418082167697767_n-560x560.jpg 560w, https:\/\/atecordoba.org\/wp-content\/uploads\/2026\/04\/678974700_1389836273166283_9006418082167697767_n-75x75.jpg 75w, https:\/\/atecordoba.org\/wp-content\/uploads\/2026\/04\/678974700_1389836273166283_9006418082167697767_n-350x350.jpg 350w\" data-expand=\"700\" \/><\/a>\n                <\/div><\/figure><figure class='gallery-item'>\n                <div class='gallery-icon portrait'>\n                    <a href='https:\/\/atecordoba.org\/wp-content\/uploads\/2026\/04\/678992973_1389854126497831_4172042867765265048_n.jpg'><img loading=\"lazy\" decoding=\"async\" width=\"150\" height=\"150\" src=\"\" class=\"attachment-thumbnail size-thumbnail lazyload\" alt=\"\" data-src=\"https:\/\/atecordoba.org\/wp-content\/uploads\/2026\/04\/678992973_1389854126497831_4172042867765265048_n-150x150.jpg\" data-sizes=\"auto\" data-srcset=\"https:\/\/atecordoba.org\/wp-content\/uploads\/2026\/04\/678992973_1389854126497831_4172042867765265048_n-150x150.jpg 150w, https:\/\/atecordoba.org\/wp-content\/uploads\/2026\/04\/678992973_1389854126497831_4172042867765265048_n-560x560.jpg 560w, https:\/\/atecordoba.org\/wp-content\/uploads\/2026\/04\/678992973_1389854126497831_4172042867765265048_n-75x75.jpg 75w, https:\/\/atecordoba.org\/wp-content\/uploads\/2026\/04\/678992973_1389854126497831_4172042867765265048_n-350x350.jpg 350w\" data-expand=\"700\" \/><\/a>\n                <\/div><\/figure><br style=\"clear: both\" \/><figure class='gallery-item'>\n                <div class='gallery-icon portrait'>\n                    <a href='https:\/\/atecordoba.org\/wp-content\/uploads\/2026\/04\/679034950_1389835963166314_5598598855118886438_n.jpg'><img loading=\"lazy\" decoding=\"async\" width=\"150\" height=\"150\" src=\"\" class=\"attachment-thumbnail size-thumbnail lazyload\" alt=\"\" data-src=\"https:\/\/atecordoba.org\/wp-content\/uploads\/2026\/04\/679034950_1389835963166314_5598598855118886438_n-150x150.jpg\" data-sizes=\"auto\" data-srcset=\"https:\/\/atecordoba.org\/wp-content\/uploads\/2026\/04\/679034950_1389835963166314_5598598855118886438_n-150x150.jpg 150w, https:\/\/atecordoba.org\/wp-content\/uploads\/2026\/04\/679034950_1389835963166314_5598598855118886438_n-560x560.jpg 560w, https:\/\/atecordoba.org\/wp-content\/uploads\/2026\/04\/679034950_1389835963166314_5598598855118886438_n-75x75.jpg 75w, https:\/\/atecordoba.org\/wp-content\/uploads\/2026\/04\/679034950_1389835963166314_5598598855118886438_n-350x350.jpg 350w\" data-expand=\"700\" \/><\/a>\n                <\/div><\/figure><figure class='gallery-item'>\n                <div class='gallery-icon portrait'>\n                    <a href='https:\/\/atecordoba.org\/wp-content\/uploads\/2026\/04\/679056316_1389835266499717_947708256123180121_n.jpg'><img loading=\"lazy\" decoding=\"async\" width=\"150\" height=\"150\" src=\"\" class=\"attachment-thumbnail size-thumbnail lazyload\" alt=\"\" data-src=\"https:\/\/atecordoba.org\/wp-content\/uploads\/2026\/04\/679056316_1389835266499717_947708256123180121_n-150x150.jpg\" data-sizes=\"auto\" data-srcset=\"https:\/\/atecordoba.org\/wp-content\/uploads\/2026\/04\/679056316_1389835266499717_947708256123180121_n-150x150.jpg 150w, https:\/\/atecordoba.org\/wp-content\/uploads\/2026\/04\/679056316_1389835266499717_947708256123180121_n-560x560.jpg 560w, https:\/\/atecordoba.org\/wp-content\/uploads\/2026\/04\/679056316_1389835266499717_947708256123180121_n-75x75.jpg 75w, https:\/\/atecordoba.org\/wp-content\/uploads\/2026\/04\/679056316_1389835266499717_947708256123180121_n-350x350.jpg 350w\" data-expand=\"700\" \/><\/a>\n                <\/div><\/figure><figure class='gallery-item'>\n                <div class='gallery-icon portrait'>\n                    <a href='https:\/\/atecordoba.org\/wp-content\/uploads\/2026\/04\/679094583_1389836219832955_381917855951603398_n.jpg'><img loading=\"lazy\" decoding=\"async\" width=\"150\" height=\"150\" src=\"\" class=\"attachment-thumbnail size-thumbnail lazyload\" alt=\"\" data-src=\"https:\/\/atecordoba.org\/wp-content\/uploads\/2026\/04\/679094583_1389836219832955_381917855951603398_n-150x150.jpg\" data-sizes=\"auto\" data-srcset=\"https:\/\/atecordoba.org\/wp-content\/uploads\/2026\/04\/679094583_1389836219832955_381917855951603398_n-150x150.jpg 150w, https:\/\/atecordoba.org\/wp-content\/uploads\/2026\/04\/679094583_1389836219832955_381917855951603398_n-560x560.jpg 560w, https:\/\/atecordoba.org\/wp-content\/uploads\/2026\/04\/679094583_1389836219832955_381917855951603398_n-75x75.jpg 75w, https:\/\/atecordoba.org\/wp-content\/uploads\/2026\/04\/679094583_1389836219832955_381917855951603398_n-350x350.jpg 350w\" data-expand=\"700\" \/><\/a>\n                <\/div><\/figure><br style=\"clear: both\" \/>\n            <\/div>\n\n","protected":false},"excerpt":{"rendered":"<p>Una inmensa mayor\u00eda de congresales de toda la provincia aprob\u00f3 el pasado viernes 24 de abril la Memoria de la acci\u00f3n gremial y el Balance financiero de ATE C\u00f3rdoba durante el periodo 2025, en el XXVIII Congreso Provincial Ordinario y Extraordinaria que se desarroll\u00f3 en la sede del Consejo Directivo Provincial (CDP). Encabezado por nuestro [&hellip;]<\/p>\n","protected":false},"author":7,"featured_media":53469,"comment_status":"open","ping_status":"open","sticky":false,"template":"","format":"standard","meta":{"_exactmetrics_skip_tracking":false,"_exactmetrics_sitenote_active":false,"_exactmetrics_sitenote_note":"","_exactmetrics_sitenote_category":0,"jnews-multi-image_gallery":[],"jnews_single_post":{"format":"standard","override":[{"template":"1","parallax":"1","fullscreen":"1","layout":"no-sidebar-narrow","sidebar":"default-sidebar","second_sidebar":"default-sidebar","sticky_sidebar":"1","share_position":"bottom","share_float_style":"share-monocrhome","show_share_counter":"1","show_view_counter":"1","show_post_meta":"1","show_post_author_image":"1","show_post_date":"1","post_date_format":"default","post_date_format_custom":"Y\/m\/d","show_post_category":"1","show_post_reading_time":"0","post_reading_time_wpm":"300","post_calculate_word_method":"str_word_count","show_zoom_button":"0","zoom_button_out_step":"2","zoom_button_in_step":"3","show_post_tag":"1","number_popup_post":"1","show_post_related":"1","show_inline_post_related":"0"}],"image_override":[{"single_post_thumbnail_size":"crop-500","single_post_gallery_size":"crop-500"}],"trending_post_position":"meta","trending_post_label":"Trending","sponsored_post_label":"Sponsored by","disable_ad":"0"},"jnews_primary_category":[],"jnews_social_meta":[],"jnews_review":[],"enable_review":"","type":"percentage","name":"","summary":"","brand":"","sku":"","good":[],"bad":[],"score_override":"","override_value":"","rating":[],"price":[],"jnews_override_counter":{"view_counter_number":"0","share_counter_number":"0","like_counter_number":"0","dislike_counter_number":"0"},"jnews_post_split":{"post_split":[{"template":"1","tag":"h2","numbering":"asc","mode":"normal","first":"0","enable_toc":"0","toc_type":"normal"}]},"footnotes":""},"categories":[341],"tags":[],"class_list":["post-53446","post","type-post","status-publish","format-standard","has-post-thumbnail","hentry","category-cdp"],"jetpack_featured_media_url":"https:\/\/atecordoba.org\/wp-content\/uploads\/2026\/04\/678558150_1389854246497819_4705621689053471111_n-e1777300253559.jpg","_links":{"self":[{"href":"https:\/\/atecordoba.org\/index.php?rest_route=\/wp\/v2\/posts\/53446","targetHints":{"allow":["GET"]}}],"collection":[{"href":"https:\/\/atecordoba.org\/index.php?rest_route=\/wp\/v2\/posts"}],"about":[{"href":"https:\/\/atecordoba.org\/index.php?rest_route=\/wp\/v2\/types\/post"}],"author":[{"embeddable":true,"href":"https:\/\/atecordoba.org\/index.php?rest_route=\/wp\/v2\/users\/7"}],"replies":[{"embeddable":true,"href":"https:\/\/atecordoba.org\/index.php?rest_route=%2Fwp%2Fv2%2Fcomments&post=53446"}],"version-history":[{"count":3,"href":"https:\/\/atecordoba.org\/index.php?rest_route=\/wp\/v2\/posts\/53446\/revisions"}],"predecessor-version":[{"id":53484,"href":"https:\/\/atecordoba.org\/index.php?rest_route=\/wp\/v2\/posts\/53446\/revisions\/53484"}],"wp:featuredmedia":[{"embeddable":true,"href":"https:\/\/atecordoba.org\/index.php?rest_route=\/wp\/v2\/media\/53469"}],"wp:attachment":[{"href":"https:\/\/atecordoba.org\/index.php?rest_route=%2Fwp%2Fv2%2Fmedia&parent=53446"}],"wp:term":[{"taxonomy":"category","embeddable":true,"href":"https:\/\/atecordoba.org\/index.php?rest_route=%2Fwp%2Fv2%2Fcategories&post=53446"},{"taxonomy":"post_tag","embeddable":true,"href":"https:\/\/atecordoba.org\/index.php?rest_route=%2Fwp%2Fv2%2Ftags&post=53446"}],"curies":[{"name":"wp","href":"https:\/\/api.w.org\/{rel}","templated":true}]}}