{"id":5342,"date":"2015-05-28T17:25:10","date_gmt":"2015-05-28T20:25:10","guid":{"rendered":"http:\/\/www.atecordoba.org\/?p=5342"},"modified":"2015-05-28T17:25:10","modified_gmt":"2015-05-28T20:25:10","slug":"se-viene-el-congreso-provincial-de-la-cta","status":"publish","type":"post","link":"https:\/\/atecordoba.org\/?p=5342","title":{"rendered":"Se viene el Congreso Provincial de la CTA"},"content":{"rendered":"<p><em>La Central de Trabajadores de la Argentina (CTA Aut\u00f3noma) de la Provincia de C\u00f3rdoba ha convocado a Congreso Provincial para los d\u00edas 29 y 30 de mayo. La actividad se iniciar\u00e1 el viernes, en consonancia con un nuevo aniversario del Cordobazo con un acto frente a la sede del Cispren, Obispo Trejo 365 de la ciudad capital, a las 18 horas.<\/em><\/p>\n<p>(fuente: www.prensared.org.ar)<\/p>\n<p><a href=\"http:\/\/www.atecordoba.org\/wp-content\/uploads\/2015\/05\/11221217_10206669135953406_976064653_o-e1432844681636.jpg\"><img loading=\"lazy\" decoding=\"async\" class=\"aligncenter size-full wp-image-5343\" src=\"http:\/\/www.atecordoba.org\/wp-content\/uploads\/2015\/05\/11221217_10206669135953406_976064653_o-e1432844681636.jpg\" alt=\"11221217_10206669135953406_976064653_o\" width=\"550\" height=\"782\" \/><\/a><\/p>\n<p>En el documento base de discusi\u00f3n del Congreso se plantea\u00a0que \u201cEl 2015 nos dio la bienvenida con un escenario marcado por la emergencia. Emergencia ambiental, social, pol\u00edtica\u201d.<\/p>\n<p>Esa situaci\u00f3n nos impone \u201cm\u00faltiples formas de la precarizaci\u00f3n. Una precariedad de la existencia que excede los l\u00edmites de la situaci\u00f3n de registro laboral\u201d . Tal contexto, desaf\u00eda a este Congreso a dise\u00f1ar la estrategia, pero tambi\u00e9n a planificar las tareas inmediatas que enfrenten la \u201csituaci\u00f3n que nos pone en peligro, en un escenario moldeado por los grupos hegem\u00f3nicos que nos enfrenta al desastre.\u201d<\/p>\n<p>Para ello, este Congreso aborda como tarea \u201caportar a la unidad de las trabajadoras y trabajadores organizados para avanzar en la elaboraci\u00f3n de un proyecto que nos permita lograr la emancipaci\u00f3n de la clase. La disputa con los grupos de poder econ\u00f3mico y sus gerentes de turno se da en todos los planos: en los lugares de trabajo, en las comunas, en los gobiernos municipales, provinciales, nacional, en los sindicatos.\u201d<\/p>\n<p>La unidad de los trabajadores es el hilo conductor de nuestra estrategia. Por ello, nos proponemos \u201cconstruir poder popular organizado, desde abajo, y a partir de la clase\u201d.<\/p>\n<p>En los pr\u00f3ximos meses, esta construcci\u00f3n deberemos realizarla en el marco planteado por las elecciones nacionales y provinciales, en las cuales emergen alianzas tipo \u201cFrankenstein\u201d fruto de elites gobernantes, que han vaciado de sentido la construcci\u00f3n pol\u00edtica y las instituciones democr\u00e1ticas, tornando la democracia en formal, vac\u00eda, corrupta e insuficiente.<\/p>\n<p>Es en ese contexto en el que abordaremos la discusi\u00f3n de la totalidad del Documento, en cada una de las comisiones de este Congreso, que pretenden ser expresi\u00f3n de los \u00e1mbitos en que los trabajadores, nos expresamos, luchamos y organizamos:<\/p>\n<p><strong>1. Organizaci\u00f3n y lucha de los trabajadores en sus \u00e1mbitos de trabajo<\/strong><\/p>\n<p>Emergencia social: lucha contra la precariedad, la explotaci\u00f3n, tercerizaci\u00f3n, flexibilizaci\u00f3n y por las condiciones y medio ambiente de trabajo. La construcci\u00f3n de un modelo sindical aut\u00f3nomo de los gobiernos, los patrones y los partidos pol\u00edticos. Los trabajadores en el sector privado, estrategias, agrupaciones, nuevos sindicatos. Los trabajadores en el sector estatal de \u00e1mbito nacional, provincial, municipal. Situaci\u00f3n en el sector docente, agrupaciones, nuevas organizaciones.<\/p>\n<p><strong>2. Organizaci\u00f3n y lucha de los trabajadores en el territorio<\/strong><\/p>\n<p>Criminalizaci\u00f3n de la protesta social y la violencia hacia los violentados por la pol\u00edtica econ\u00f3mica: la cuesti\u00f3n policial y los narcos, C\u00f3digo de Faltas y de \u201cconvivencia\u201d, el gatillo f\u00e1cil, trata de personas. Emergencia socioambiental: La disputa por los bienes comunes. Los trabajadores y su organizaci\u00f3n en el territorio para enfrentar el desastre ambiental generado por pol\u00edticas de gobierno a favor de los agronegocios y el negocio inmobiliario. Crisis urbana: altos \u00edndices de inseguridad de la mano de bajos \u00edndices de justicia social. Educaci\u00f3n, justicia y salud precarizadas y precarizantes.<\/p>\n<p><strong>3. Los trabajadores y la construcci\u00f3n de la cultura de la resistencia<\/strong><\/p>\n<p>Los trabajadores en tanto ejercen la disputa pol\u00edtico-cultural construyen una cultura de la resistencia, en pugna por un ordenamiento social, pol\u00edtico y cultural que escape a las l\u00f3gicas perversas del capital. La disputa de sentido en los distintos niveles de las instituciones educativas. Cultura viva comunitaria, expresiones barriales, murgas, espacios de expresi\u00f3n y creativos\u201d, se\u00f1ala la declaraci\u00f3n de la convocatoria al Congreso Provincial de la CTA C\u00f3rdoba.<\/p>\n<p><strong>Cronograma de actividades<\/strong><\/p>\n<p><strong>Viernes 29 de Mayo: Obispo Trejo 365 \u2013 CISPREN<\/strong><\/p>\n<p>18:00 hs. Inicio del Congreso Provincial: ACTO en Conmemoraci\u00f3n del Cordobazo.<\/p>\n<p>Saludos de las Organizaciones Sociales presentes.<\/p>\n<p>20:00 hs. Traslado de los compa\u00f1eros\/as del interior hacia la \u201cCasa del Trabajador de Prensa\u201d. Villa Carlos Paz. Cena y alojamiento.<\/p>\n<p><strong>S\u00e1bado 30 de Mayo: \u201cCasa del Trabajador de Prensa\u201d \u2013 Elpidio Gonz\u00e1lez 307- Villa del Lago-Carlos Paz<\/strong><\/p>\n<p>9:00 hs. Acreditaciones: Congresales e Invitados.<\/p>\n<p>10:00 hs. Saludos de Bienvenida a cargo de Guido Dreizik, Secretario General de la CTA Provincia de C\u00f3rdoba.<\/p>\n<p>10:30 hs. Trabajo en Comisiones.<\/p>\n<p>13:00 hs. Se sirve el almuerzo por las Comisiones.<\/p>\n<p>14:00 hs. Plenario general. Exposici\u00f3n de las Comisiones. Debate y Resoluciones.<\/p>\n<p>16:00 hs. Cierre del Congreso y despedida.<\/p>\n<p>&nbsp;<\/p>\n","protected":false},"excerpt":{"rendered":"<p>La Central de Trabajadores de la Argentina (CTA Aut\u00f3noma) de la Provincia de C\u00f3rdoba ha convocado a Congreso Provincial para los d\u00edas 29 y 30 de mayo. La actividad se iniciar\u00e1 el viernes, en consonancia con un nuevo aniversario del Cordobazo con un acto frente a la sede del Cispren, Obispo Trejo 365 de la [&hellip;]<\/p>\n","protected":false},"author":1,"featured_media":19220,"comment_status":"open","ping_status":"open","sticky":false,"template":"","format":"standard","meta":{"_exactmetrics_skip_tracking":false,"_exactmetrics_sitenote_active":false,"_exactmetrics_sitenote_note":"","_exactmetrics_sitenote_category":0,"jnews-multi-image_gallery":[],"jnews_single_post":[],"jnews_primary_category":[],"jnews_social_meta":[],"jnews_review":[],"enable_review":"","type":"","name":"","summary":"","brand":"","sku":"","good":[],"bad":[],"score_override":"","override_value":"","rating":[],"price":[],"jnews_override_counter":[],"jnews_post_split":[],"footnotes":""},"categories":[92],"tags":[],"class_list":["post-5342","post","type-post","status-publish","format-standard","has-post-thumbnail","hentry","category-cta"],"jetpack_featured_media_url":"https:\/\/atecordoba.org\/wp-content\/uploads\/2020\/05\/logo-nuevochico-e1561581322808.png","_links":{"self":[{"href":"https:\/\/atecordoba.org\/index.php?rest_route=\/wp\/v2\/posts\/5342","targetHints":{"allow":["GET"]}}],"collection":[{"href":"https:\/\/atecordoba.org\/index.php?rest_route=\/wp\/v2\/posts"}],"about":[{"href":"https:\/\/atecordoba.org\/index.php?rest_route=\/wp\/v2\/types\/post"}],"author":[{"embeddable":true,"href":"https:\/\/atecordoba.org\/index.php?rest_route=\/wp\/v2\/users\/1"}],"replies":[{"embeddable":true,"href":"https:\/\/atecordoba.org\/index.php?rest_route=%2Fwp%2Fv2%2Fcomments&post=5342"}],"version-history":[{"count":0,"href":"https:\/\/atecordoba.org\/index.php?rest_route=\/wp\/v2\/posts\/5342\/revisions"}],"wp:featuredmedia":[{"embeddable":true,"href":"https:\/\/atecordoba.org\/index.php?rest_route=\/wp\/v2\/media\/19220"}],"wp:attachment":[{"href":"https:\/\/atecordoba.org\/index.php?rest_route=%2Fwp%2Fv2%2Fmedia&parent=5342"}],"wp:term":[{"taxonomy":"category","embeddable":true,"href":"https:\/\/atecordoba.org\/index.php?rest_route=%2Fwp%2Fv2%2Fcategories&post=5342"},{"taxonomy":"post_tag","embeddable":true,"href":"https:\/\/atecordoba.org\/index.php?rest_route=%2Fwp%2Fv2%2Ftags&post=5342"}],"curies":[{"name":"wp","href":"https:\/\/api.w.org\/{rel}","templated":true}]}}