{"id":5335,"date":"2015-05-28T17:17:44","date_gmt":"2015-05-28T20:17:44","guid":{"rendered":"http:\/\/www.atecordoba.org\/?p=5335"},"modified":"2015-05-28T17:17:44","modified_gmt":"2015-05-28T20:17:44","slug":"fabricaciones-militares-se-movilizo-en-buenos-aires","status":"publish","type":"post","link":"https:\/\/atecordoba.org\/?p=5335","title":{"rendered":"Fabricaciones Militares se moviliz\u00f3 en Buenos Aires"},"content":{"rendered":"<p><em>En el marco del paro general que ATE realiz\u00f3 hoy en todo el pa\u00eds, los trabajadores de las plantas de Villa Mar\u00eda y R\u00edo Tercero de Fabricaciones Militares marcharon en capital federal en reclamo del convenio colectivo sectorial y por el pase a planta permanente de los compa\u00f1eros precarizados. El 80% del plantel de trabajadores est\u00e1 contratado.<\/em><\/p>\n<p><a href=\"http:\/\/www.atecordoba.org\/wp-content\/uploads\/2015\/05\/Mar\u00eda-Teresa-Romero-secretaria-General-de-ATE-encabeza-la-movilizaci\u00f3n-e1432844113534.jpg\"><img loading=\"lazy\" decoding=\"async\" alt=\"Mar\u00eda Teresa Romero - secretaria General de ATE encabeza la movilizaci\u00f3n\" height=\"413\" src=\"http:\/\/www.atecordoba.org\/wp-content\/uploads\/2015\/05\/Mar\u00eda-Teresa-Romero-secretaria-General-de-ATE-encabeza-la-movilizaci\u00f3n-e1432844113534.jpg\" width=\"550\" class=\"aligncenter size-full wp-image-5336\"><\/a><\/p>\n<p>Con columnas que arribaron desde Villa Mar\u00eda y R\u00edo Tercero, los trabajadores de Fabricaciones Militares de C\u00f3rdoba marcharon hoy en la ciudad de Buenos Aires para reclamar que se apruebe el convenio colectivo de trabajo y el pase a planta de los precarizados, que constituyen el 80% del plantel de trabajadores bajo la modalidad de contratados.<\/p>\n<p>La movilizaci\u00f3n se produjo en el marco del paro nacional de ATE en rechazo, por insuficiente, de la pauta salarial del 27.4% para el corriente a\u00f1o que otorg\u00f3 el gobierno nacional. En la oportunidad estuvieron presentes nuestra secretaria General, Mar\u00eda Teresa Romero, y el secretario Adjunto, Oscar Cacho Mengarelli, junto a integrantes del secretariado de ATE C\u00f3rdoba como Mar\u00eda Liliana Salerno, Diego Guerra, Lu\u00eds B\u00e1rcena, Mar\u00eda Palomeque, Estela Corzo, Miriam Martino y V\u00edctor Lecuona.<\/p>\n<p><a href=\"http:\/\/www.atecordoba.org\/wp-content\/uploads\/2015\/05\/idem-anterior-e1432844159787.jpg\"><img loading=\"lazy\" decoding=\"async\" alt=\"idem anterior\" height=\"413\" src=\"http:\/\/www.atecordoba.org\/wp-content\/uploads\/2015\/05\/idem-anterior-e1432844159787.jpg\" width=\"550\" class=\"aligncenter size-full wp-image-5337\"><\/a><\/p>\n<p>Tambi\u00e9n estuvieron, bajo las banderas de sus respectivas seccionales, Walter Secondino, secretario General de Villa Mar\u00eda, y Cristian, Colman, de R\u00edo Tercero.<\/p>\n<p>La movilizaci\u00f3n se realiz\u00f3 desde el Ministerio de Defensa hasta la Secretar\u00eda de la Funci\u00f3n P\u00fablica, donde se alz\u00f3 un palco para que los dirigentes hicieran sus discursos ante la multitud de trabajadores presente.<\/p>\n<p>\u201cFue una marcha muy buena, con mucha cantidad de compa\u00f1eros que est\u00e1n de pie, conscientes de sus derechos y de a d\u00f3nde hay que reclamar\u201d, dijo Mar\u00eda Teresa Romero al finalizar el acto.<\/p>\n<p>Durante su discurso, la dirigente critico a los candidatos a presidente que \u201ccon sus discursos vac\u00edos no hablan de la salud, educaci\u00f3n ni que van a hacer con los trabajadores. Gastan millones en la campa\u00f1a que se podr\u00edan utilizar para otras cosas. Eso es porque est\u00e1n en deuda, &nbsp;si hiciesen las cosas bien no har\u00eda falta tanta propaganda\u201d.<\/p>\n<p><a href=\"http:\/\/www.atecordoba.org\/wp-content\/uploads\/2015\/05\/IMG-20150528-WA0023-e1432844189295.jpg\"><img loading=\"lazy\" decoding=\"async\" alt=\"IMG-20150528-WA0023\" height=\"413\" src=\"http:\/\/www.atecordoba.org\/wp-content\/uploads\/2015\/05\/IMG-20150528-WA0023-e1432844189295.jpg\" width=\"550\" class=\"aligncenter size-full wp-image-5338\"><\/a><\/p>\n<p>\u201cLlama la atenci\u00f3n que el gobierno se niegue a realizar el pase a planta cuando no le va a costar ni un centavo. Los trabajadores ya lograron el blanqueo despu\u00e9s de una larga lucha, as\u00ed que el pase a planta s\u00f3lo es una decisi\u00f3n pol\u00edtica que deben tomar los gobernantes\u201d, agreg\u00f3.<\/p>\n<p>Romero se\u00f1al\u00f3 que ATE est\u00e1 dando una se\u00f1al muy fuerte para el futuro ya que queda claro que \u201cno vamos a aceptar ajustes de ning\u00fan tipo, venga de quien venga\u201d.<\/p>\n<p>Tambi\u00e9n habl\u00f3 Cacho Mengarelli, que record\u00f3 la resistencia en los \u201990 contra las privatizaciones y c\u00f3mo Fabricaciones Militares sufri\u00f3 ese proceso, destacando el papel de nuestro Germ\u00e1n Abdala luchando, como diputado, dentro del Congreso contra aquel despojo que se cobr\u00f3 la existencia de 10 f\u00e1bricas, mientras los trabajadores peleaban afuera. Para finalizar destacando la aprobaci\u00f3n ayer de la ley que quita al sector de la figura de \u2018sujeto a privatizaci\u00f3n\u2019.<\/p>\n<p><a href=\"http:\/\/www.atecordoba.org\/wp-content\/uploads\/2015\/05\/IMG-20150528-WA0048-e1432844239510.jpg\"><img loading=\"lazy\" decoding=\"async\" alt=\"IMG-20150528-WA0048\" height=\"413\" src=\"http:\/\/www.atecordoba.org\/wp-content\/uploads\/2015\/05\/IMG-20150528-WA0048-e1432844239510.jpg\" width=\"550\" class=\"aligncenter size-full wp-image-5339\"><\/a><\/p>\n<p>Posteriormente, se unieron a la movilizaci\u00f3n compa\u00f1eros de otros sectores que tambi\u00e9n se movilizaron por el paro nacional.<\/p>\n","protected":false},"excerpt":{"rendered":"<p>En el marco del paro general que ATE realiz\u00f3 hoy en todo el pa\u00eds, los trabajadores de las plantas de Villa Mar\u00eda y R\u00edo Tercero de Fabricaciones Militares marcharon en capital federal en reclamo del convenio colectivo sectorial y por el pase a planta permanente de los compa\u00f1eros precarizados. El 80% del plantel de trabajadores [&hellip;]<\/p>\n","protected":false},"author":1,"featured_media":19220,"comment_status":"open","ping_status":"open","sticky":false,"template":"","format":"standard","meta":{"_exactmetrics_skip_tracking":false,"_exactmetrics_sitenote_active":false,"_exactmetrics_sitenote_note":"","_exactmetrics_sitenote_category":0,"jnews-multi-image_gallery":[],"jnews_single_post":[],"jnews_primary_category":[],"jnews_social_meta":[],"jnews_review":[],"enable_review":"","type":"","name":"","summary":"","brand":"","sku":"","good":[],"bad":[],"score_override":"","override_value":"","rating":[],"price":[],"jnews_override_counter":[],"jnews_post_split":[],"footnotes":""},"categories":[17,18,13,14],"tags":[],"class_list":["post-5335","post","type-post","status-publish","format-standard","has-post-thumbnail","hentry","category-fabricaciones-militares","category-nacionales","category-rio-tercero","category-villa-maria"],"jetpack_featured_media_url":"https:\/\/atecordoba.org\/wp-content\/uploads\/2020\/05\/logo-nuevochico-e1561581322808.png","_links":{"self":[{"href":"https:\/\/atecordoba.org\/index.php?rest_route=\/wp\/v2\/posts\/5335","targetHints":{"allow":["GET"]}}],"collection":[{"href":"https:\/\/atecordoba.org\/index.php?rest_route=\/wp\/v2\/posts"}],"about":[{"href":"https:\/\/atecordoba.org\/index.php?rest_route=\/wp\/v2\/types\/post"}],"author":[{"embeddable":true,"href":"https:\/\/atecordoba.org\/index.php?rest_route=\/wp\/v2\/users\/1"}],"replies":[{"embeddable":true,"href":"https:\/\/atecordoba.org\/index.php?rest_route=%2Fwp%2Fv2%2Fcomments&post=5335"}],"version-history":[{"count":0,"href":"https:\/\/atecordoba.org\/index.php?rest_route=\/wp\/v2\/posts\/5335\/revisions"}],"wp:featuredmedia":[{"embeddable":true,"href":"https:\/\/atecordoba.org\/index.php?rest_route=\/wp\/v2\/media\/19220"}],"wp:attachment":[{"href":"https:\/\/atecordoba.org\/index.php?rest_route=%2Fwp%2Fv2%2Fmedia&parent=5335"}],"wp:term":[{"taxonomy":"category","embeddable":true,"href":"https:\/\/atecordoba.org\/index.php?rest_route=%2Fwp%2Fv2%2Fcategories&post=5335"},{"taxonomy":"post_tag","embeddable":true,"href":"https:\/\/atecordoba.org\/index.php?rest_route=%2Fwp%2Fv2%2Ftags&post=5335"}],"curies":[{"name":"wp","href":"https:\/\/api.w.org\/{rel}","templated":true}]}}