{"id":5326,"date":"2015-05-27T20:32:39","date_gmt":"2015-05-27T23:32:39","guid":{"rendered":"http:\/\/www.atecordoba.org\/?p=5326"},"modified":"2015-05-27T20:32:39","modified_gmt":"2015-05-27T23:32:39","slug":"historico-por-unanimidad-el-senado-saca-a-fabricaciones-militares-de-la-figura-de-sujeto-a-privatizacion","status":"publish","type":"post","link":"https:\/\/atecordoba.org\/?p=5326","title":{"rendered":"Hist\u00f3rico: por unanimidad, el Senado saca a Fabricaciones Militares de la figura de \u2018sujeto a privatizaci\u00f3n\u2019"},"content":{"rendered":"<p><em>En una jornada que no se olvidar\u00e1 en nuestro gremio, el Senado aprob\u00f3 por unanimidad la ley que quita a la Direcci\u00f3n General de Fabricaciones Militares de la figura que permit\u00eda la privatizaci\u00f3n del sector, que se arrastraba desde los \u201990. La ley fue impulsada por el diputado nacional V\u00edctor de Gennaro y obtuvo media sanci\u00f3n de la c\u00e1mara baja en noviembre pasado. \u201cEstamos muy felices, es un premio a la lucha de los compa\u00f1eros que resistieron durante el menemismo y que generaron las condiciones en estos \u00faltimos a\u00f1os para que cambie esta situaci\u00f3n\u201d, dijo emocionada nuestra secretaria General, Mar\u00eda Teresa Romero.<\/em><\/p>\n<p><a href=\"http:\/\/www.atecordoba.org\/wp-content\/uploads\/2015\/05\/10842054_860822723963833_876966684606754663_o-e1432769051852.jpg\"><img loading=\"lazy\" decoding=\"async\" alt=\"10842054_860822723963833_876966684606754663_o\" height=\"309\" src=\"http:\/\/www.atecordoba.org\/wp-content\/uploads\/2015\/05\/10842054_860822723963833_876966684606754663_o-e1432769051852.jpg\" width=\"550\" class=\"aligncenter size-full wp-image-5327\"><\/a><\/p>\n<p>Cuatro plantas de producci\u00f3n de la Direcci\u00f3n General de Fabricaciones Militares resistieron la envestida neoliberal, otras 10 quedaron en el camino, incluida la joya mayor, Altos Hornos Zapla. Ese fue el saldo la destrucci\u00f3n de la industria nacional en el sector armament\u00edstico. En C\u00f3rdoba, las f\u00e1bricas de Villa Mar\u00eda y R\u00edo Tercero lograron aguantar el temporal gracias a la lucha indeclinable de los trabajadores organizados en ATE, que hoy festejan por concluir una lucha que llev\u00f3 m\u00e1s de 20 a\u00f1os: quitar a Fabricaciones Militares de la mira de los privatizadores.<\/p>\n<p>La alegr\u00eda es inmensa. Los viejos compa\u00f1eros que se negaron a agarrar las indemnizaciones financiadas por el Banco Mundial, hoy pueden descansar tranquilos y en paz. No es la \u00fanica pelea en marcha, pero es un triunfo muy importante que sienta un precedente para todos los estatales del pa\u00eds. \u201cEstamos felices. Esto es el fruto de la lucha denodada de los trabajadores de Fabricaciones, que nunca claudicaron en la defensa irrestricta del papel del Estado en la industria. Si ellos no hubiesen resistido en los \u201990, si no hubiesen insistido durante los \u00faltimos a\u00f1os sobre la necesidad de quitar del sector esa figura nefasta, hoy no estar\u00edamos festejando. Que nadie tenga dudas\u201d, coment\u00f3 nuestra secretaria General, Mar\u00eda Teresa Romero, apenas enterada de la votaci\u00f3n en el Senado.<\/p>\n<figure id=\"attachment_5328\" aria-describedby=\"caption-attachment-5328\" style=\"width: 550px\" class=\"wp-caption aligncenter\"><a href=\"http:\/\/www.atecordoba.org\/wp-content\/uploads\/2015\/05\/1-e1432769090671.jpg\"><img loading=\"lazy\" decoding=\"async\" alt=\"1\" height=\"309\" src=\"http:\/\/www.atecordoba.org\/wp-content\/uploads\/2015\/05\/1-e1432769090671.jpg\" width=\"550\" class=\"wp-image-5328 size-full\"><\/a><figcaption id=\"caption-attachment-5328\" class=\"wp-caption-text\">Movilizaci\u00f3n de la seccional Villa mar\u00eda en el ingreso de la F\u00e1brica de P\u00f3lvora y Explosivos.<\/figcaption><\/figure>\n<p>El camino legal para la aprobaci\u00f3n de la ley se inici\u00f3 el a\u00f1o pasado cuando el diputado nacional de Unidad Popular, V\u00edctor De Gennaro, present\u00f3 el proyecto que en noviembre se aprob\u00f3 en Diputados por 227 a favor y ninguno en contra. Junto con Villa Mar\u00eda y R\u00edo Tercero, festejan tambi\u00e9n los cros de Fray Luis Beltran, en Rosario, y de Azul, en provincia de Buenos Aires.<\/p>\n<p>En sus fundamentos, la ley se\u00f1ala que \u201cel modelo de la d\u00e9cada de los \u00b490 puso de manifiesto que en la Argentina, el gobierno hab\u00eda renunciado a la formulaci\u00f3n de un planeamiento a largo plazo, capaz de coordinar y orientar las inversiones productivas, de generar valor agregado, de transformar un pa\u00eds agroexportador en una pa\u00eds capaz de insertarse al orden mundial con una variedad de productos, bienes e insumos que tienen en el mercado mundial una importancia superlativa\u201d.<\/p>\n<p>Y a\u00f1ade que \u201cel Complejo Industrial de la Direcci\u00f3n General de Fabricaciones Militares, que se distribuy\u00f3 a lo largo y ancho del pa\u00eds, constituy\u00f3 la columna vertebral de un proyecto metalmec\u00e1nico que permiti\u00f3 desde su instalaci\u00f3n y puesta en marcha, modificar las fisonom\u00edas de los lugares y convertir pueblos en verdaderas ciudades\u201d.<\/p>\n<figure id=\"attachment_5329\" aria-describedby=\"caption-attachment-5329\" style=\"width: 550px\" class=\"wp-caption aligncenter\"><a href=\"http:\/\/www.atecordoba.org\/wp-content\/uploads\/2015\/05\/11-e1432769139951.jpg\"><img loading=\"lazy\" decoding=\"async\" alt=\"1\" height=\"309\" src=\"http:\/\/www.atecordoba.org\/wp-content\/uploads\/2015\/05\/11-e1432769139951.jpg\" width=\"550\" class=\"wp-image-5329 size-full\"><\/a><figcaption id=\"caption-attachment-5329\" class=\"wp-caption-text\">Movilizaci\u00f3n de la seccional R\u00edo Tercero.<\/figcaption><\/figure>\n<p>La secretaria Administrativa del Consejo Directivo Provincial y trabajadora de Fabricaciones en R\u00edo Tercero, Mar\u00eda Liliana Salerno, consider\u00f3&nbsp; que \u201cse ha cumplido una gran meta para ATE. Somos es gremio representativo del sector y por eso el papel de ATE fue primordial porque expresamos la bandera de los trabajadores. Con el compa\u00f1ero Walter Secondino (secretario General de la seccional Villa Mar\u00eda) le pedimos a V\u00edctor de Gennaro que presente la ley porque despu\u00e9s de charla con los funcionarios innumerable cantidad de veces no ten\u00edan respuestas concretas. V\u00edctor se comprometi\u00f3 a impulsarlo y le estamos muy agradecidos\u201d.<\/p>\n<figure id=\"attachment_5331\" aria-describedby=\"caption-attachment-5331\" style=\"width: 550px\" class=\"wp-caption aligncenter\"><a href=\"http:\/\/www.atecordoba.org\/wp-content\/uploads\/2015\/05\/victor-e1432769297524.jpg\"><img loading=\"lazy\" decoding=\"async\" alt=\"victor\" height=\"390\" src=\"http:\/\/www.atecordoba.org\/wp-content\/uploads\/2015\/05\/victor-e1432769297524.jpg\" width=\"550\" class=\"wp-image-5331 size-full\"><\/a><figcaption id=\"caption-attachment-5331\" class=\"wp-caption-text\">Victor De Gennaro, ex secretario General de ATE y actual diputado nacional, fue quien present\u00f3 el proyecto de ley.<\/figcaption><\/figure>\n<p>Salerno expres\u00f3 su satisfacci\u00f3n como trabajadora. \u201cSufrimos a\u00f1os para que salga esto, quiz\u00e1s nuestro m\u00e9rito haya sido que somos constantes y aguerridos. Las f\u00e1bricas que m\u00e1s lucharon fueron las que sobrevivieron los \u201890. Recuerdo que fue dur\u00edsimo cuando nos dijeron \u2018se privatiz\u00f3 Altos Hornos Zapla\u2019, &nbsp;nos dimos cuenta que ven\u00edan por todo Tengo presente cuando nos atrincheramos dentro de la f\u00e1brica. Estuvimos como 15 d\u00edas, los compa\u00f1eros dorm\u00edan adentro. Y est\u00e1bamos solos. \u00a1Si hasta la municipalidad, los legisladores provinciales, las fuerzas vivas, firmaron una solicitada en La Voz del Interior para que los privatizaran. Incluso el cura de la ciudad firm\u00f3. &nbsp;Nos mandaban la Gendarmer\u00eda a pedido del intendente de esa \u00e9poca para desalojarnos. Por eso este es un triunfo de la pol\u00edtica de ATE. Fuimos los \u00fanicos que aguantamos en contra del verso de la privatizaci\u00f3n, todos los gremios nos dejaron solos\u201d.<\/p>\n<figure id=\"attachment_5330\" aria-describedby=\"caption-attachment-5330\" style=\"width: 550px\" class=\"wp-caption aligncenter\"><a href=\"http:\/\/www.atecordoba.org\/wp-content\/uploads\/2015\/05\/cabeza-marcha1-e1432769219792.jpg\"><img loading=\"lazy\" decoding=\"async\" alt=\"cabeza marcha\" height=\"309\" src=\"http:\/\/www.atecordoba.org\/wp-content\/uploads\/2015\/05\/cabeza-marcha1-e1432769219792.jpg\" width=\"550\" class=\"wp-image-5330 size-full\"><\/a><figcaption id=\"caption-attachment-5330\" class=\"wp-caption-text\">El reclamo por el pase a planta permanente contin\u00faa vigente.<\/figcaption><\/figure>\n<p>Y agreg\u00f3: \u201cPara nosotros Fabricaciones no es s\u00f3lo la fuente de trabajo sino tambi\u00e9n el sentido de desarrollo del pa\u00eds, lo charlamos con los compa\u00f1eros. Tenemos esa m\u00edstica de la industria nacional y esperamos que esta ley sirva para recuperar esa m\u00edstica\u201d.<\/p>\n<h4>Cuentas pendientes<\/h4>\n<p>La aprobaci\u00f3n de esta ley es uno de los objetivos que ATE se plante\u00f3 en el plan de lucha que viene desarrollando en el sector. A este gran paso adelante, resta agregar el reclamo por la firma del convenio colectivo de trabajo sectorial y el pase a planta permanente de los precarizados, que alcanzan alrededor del 80% del plantel de trabajadores.<\/p>\n<p>Nuestro gremio se viene movilizando por estos reclamos durante las \u00faltimas semanas con el objetivo que el gobierno se avenga a implementar medidas que constituyen parte indeclinable de la agenda de los trabajadores.<\/p>\n<p>&nbsp;<\/p>\n","protected":false},"excerpt":{"rendered":"<p>En una jornada que no se olvidar\u00e1 en nuestro gremio, el Senado aprob\u00f3 por unanimidad la ley que quita a la Direcci\u00f3n General de Fabricaciones Militares de la figura que permit\u00eda la privatizaci\u00f3n del sector, que se arrastraba desde los \u201990. La ley fue impulsada por el diputado nacional V\u00edctor de Gennaro y obtuvo media [&hellip;]<\/p>\n","protected":false},"author":1,"featured_media":19220,"comment_status":"open","ping_status":"open","sticky":false,"template":"","format":"standard","meta":{"_exactmetrics_skip_tracking":false,"_exactmetrics_sitenote_active":false,"_exactmetrics_sitenote_note":"","_exactmetrics_sitenote_category":0,"jnews-multi-image_gallery":[],"jnews_single_post":[],"jnews_primary_category":[],"jnews_social_meta":[],"jnews_review":[],"enable_review":"","type":"","name":"","summary":"","brand":"","sku":"","good":[],"bad":[],"score_override":"","override_value":"","rating":[],"price":[],"jnews_override_counter":[],"jnews_post_split":[],"footnotes":""},"categories":[17,18,13,14],"tags":[],"class_list":["post-5326","post","type-post","status-publish","format-standard","has-post-thumbnail","hentry","category-fabricaciones-militares","category-nacionales","category-rio-tercero","category-villa-maria"],"jetpack_featured_media_url":"https:\/\/atecordoba.org\/wp-content\/uploads\/2020\/05\/logo-nuevochico-e1561581322808.png","_links":{"self":[{"href":"https:\/\/atecordoba.org\/index.php?rest_route=\/wp\/v2\/posts\/5326","targetHints":{"allow":["GET"]}}],"collection":[{"href":"https:\/\/atecordoba.org\/index.php?rest_route=\/wp\/v2\/posts"}],"about":[{"href":"https:\/\/atecordoba.org\/index.php?rest_route=\/wp\/v2\/types\/post"}],"author":[{"embeddable":true,"href":"https:\/\/atecordoba.org\/index.php?rest_route=\/wp\/v2\/users\/1"}],"replies":[{"embeddable":true,"href":"https:\/\/atecordoba.org\/index.php?rest_route=%2Fwp%2Fv2%2Fcomments&post=5326"}],"version-history":[{"count":0,"href":"https:\/\/atecordoba.org\/index.php?rest_route=\/wp\/v2\/posts\/5326\/revisions"}],"wp:featuredmedia":[{"embeddable":true,"href":"https:\/\/atecordoba.org\/index.php?rest_route=\/wp\/v2\/media\/19220"}],"wp:attachment":[{"href":"https:\/\/atecordoba.org\/index.php?rest_route=%2Fwp%2Fv2%2Fmedia&parent=5326"}],"wp:term":[{"taxonomy":"category","embeddable":true,"href":"https:\/\/atecordoba.org\/index.php?rest_route=%2Fwp%2Fv2%2Fcategories&post=5326"},{"taxonomy":"post_tag","embeddable":true,"href":"https:\/\/atecordoba.org\/index.php?rest_route=%2Fwp%2Fv2%2Ftags&post=5326"}],"curies":[{"name":"wp","href":"https:\/\/api.w.org\/{rel}","templated":true}]}}