{"id":5322,"date":"2015-05-26T19:54:24","date_gmt":"2015-05-26T22:54:24","guid":{"rendered":"http:\/\/www.atecordoba.org\/?p=5322"},"modified":"2015-05-26T19:54:24","modified_gmt":"2015-05-26T22:54:24","slug":"trabajadores-civiles-de-las-ff-aa-van-esta-semana-por-48-horas-de-paro","status":"publish","type":"post","link":"https:\/\/atecordoba.org\/?p=5322","title":{"rendered":"Trabajadores civiles de las FF.AA. van esta semana por 48 horas de paro"},"content":{"rendered":"<p><em>A la huelga del 28 de mayo, en sinton\u00eda con la medida de fuerza que ATE realizar\u00e1 a nivel nacional, sumar\u00e1n otro d\u00eda m\u00e1s el viernes 29 a nivel provincial, en reclamo de aumento salarial y puesta en marcha del convenio colectivo sectorial.<\/em><\/p>\n<figure id=\"attachment_5323\" aria-describedby=\"caption-attachment-5323\" style=\"width: 550px\" class=\"wp-caption aligncenter\"><a href=\"http:\/\/www.atecordoba.org\/wp-content\/uploads\/2015\/05\/plenario-personal-civil-e1432680537212.jpg\"><img loading=\"lazy\" decoding=\"async\" class=\"wp-image-5323 size-full\" src=\"http:\/\/www.atecordoba.org\/wp-content\/uploads\/2015\/05\/plenario-personal-civil-e1432680537212.jpg\" alt=\"plenario personal civil\" width=\"550\" height=\"413\" \/><\/a><figcaption id=\"caption-attachment-5323\" class=\"wp-caption-text\">Reuni\u00f3n plenario de los trabajadores civiles de las FF.AA.<\/figcaption><\/figure>\n<p>Lo resolvi\u00f3 el plenario de delegados que se llev\u00f3 a cabo hoy en la sede de nuestro gremio, con la presencia de nuestra secretaria General, Mar\u00eda Teresa Romero, el secretario de Organizaci\u00f3n, Alejandro Charra, y delegados de todas las reparticiones que integran el sectorial.<\/p>\n<p>Los trabajadores reclaman una recomposici\u00f3n salarial urgente del 40%. Se trata de los trabajadores peor pagos de la administraci\u00f3n p\u00fablica nacional, con un promedio salarial que apenas supera los 4000 pesos.<\/p>\n<p>Adem\u00e1s, dando cuenta de la postergaci\u00f3n de estos trabajadores, ATE y otros gremios vienen negociando hace a\u00f1os un convenio colectivo de trabajo que nunca se puso en marcha por las trabas que impone la patronal, con dilaciones y excusas para no afrontar una verdadera soluci\u00f3n salarial y de las condiciones de trabajo.<\/p>\n<figure id=\"attachment_5270\" aria-describedby=\"caption-attachment-5270\" style=\"width: 550px\" class=\"wp-caption aligncenter\"><a href=\"http:\/\/www.atecordoba.org\/wp-content\/uploads\/2015\/05\/IMG-20150514-WA0020-e1431649105883.jpg\"><img loading=\"lazy\" decoding=\"async\" class=\"wp-image-5270 size-full\" src=\"http:\/\/www.atecordoba.org\/wp-content\/uploads\/2015\/05\/IMG-20150514-WA0020-e1431649105883.jpg\" alt=\"IMG-20150514-WA0020\" width=\"550\" height=\"413\" \/><\/a><figcaption id=\"caption-attachment-5270\" class=\"wp-caption-text\">Movilizaci\u00f3n de la semana pasada en Buenos Aires.<\/figcaption><\/figure>\n<p>La semana pasada los trabajadores civiles realizaron una multitudinaria movilizaci\u00f3n en la ciudad de Buenos Aires, medida que no logr\u00f3 que las autoridades, insensibles a la situaci\u00f3n, aporten respuestas a los hist\u00f3ricos reclamos del sector.<\/p>\n<p>A su vez, el plenario \u00a0resolvi\u00f3 proponer a la Mesa Coordinadora Nacional la continuidad del plan de lucha en el mes de junio, en funci\u00f3n del siguiente cronograma: primera y segunda semana, paro los d\u00edas mi\u00e9rcoles, jueves, viernes y s\u00e1bado; tercera y cuarta semana, paro los d\u00edas domingo, lunes, martes y mi\u00e9rcoles.<\/p>\n","protected":false},"excerpt":{"rendered":"<p>A la huelga del 28 de mayo, en sinton\u00eda con la medida de fuerza que ATE realizar\u00e1 a nivel nacional, sumar\u00e1n otro d\u00eda m\u00e1s el viernes 29 a nivel provincial, en reclamo de aumento salarial y puesta en marcha del convenio colectivo sectorial. Lo resolvi\u00f3 el plenario de delegados que se llev\u00f3 a cabo hoy [&hellip;]<\/p>\n","protected":false},"author":1,"featured_media":19220,"comment_status":"open","ping_status":"open","sticky":false,"template":"","format":"standard","meta":{"_exactmetrics_skip_tracking":false,"_exactmetrics_sitenote_active":false,"_exactmetrics_sitenote_note":"","_exactmetrics_sitenote_category":0,"jnews-multi-image_gallery":[],"jnews_single_post":[],"jnews_primary_category":[],"jnews_social_meta":[],"jnews_review":[],"enable_review":"","type":"","name":"","summary":"","brand":"","sku":"","good":[],"bad":[],"score_override":"","override_value":"","rating":[],"price":[],"jnews_override_counter":[],"jnews_post_split":[],"footnotes":""},"categories":[18,9],"tags":[],"class_list":["post-5322","post","type-post","status-publish","format-standard","has-post-thumbnail","hentry","category-nacionales","category-trabajadores-civiles-ff-aa"],"jetpack_featured_media_url":"https:\/\/atecordoba.org\/wp-content\/uploads\/2020\/05\/logo-nuevochico-e1561581322808.png","_links":{"self":[{"href":"https:\/\/atecordoba.org\/index.php?rest_route=\/wp\/v2\/posts\/5322","targetHints":{"allow":["GET"]}}],"collection":[{"href":"https:\/\/atecordoba.org\/index.php?rest_route=\/wp\/v2\/posts"}],"about":[{"href":"https:\/\/atecordoba.org\/index.php?rest_route=\/wp\/v2\/types\/post"}],"author":[{"embeddable":true,"href":"https:\/\/atecordoba.org\/index.php?rest_route=\/wp\/v2\/users\/1"}],"replies":[{"embeddable":true,"href":"https:\/\/atecordoba.org\/index.php?rest_route=%2Fwp%2Fv2%2Fcomments&post=5322"}],"version-history":[{"count":0,"href":"https:\/\/atecordoba.org\/index.php?rest_route=\/wp\/v2\/posts\/5322\/revisions"}],"wp:featuredmedia":[{"embeddable":true,"href":"https:\/\/atecordoba.org\/index.php?rest_route=\/wp\/v2\/media\/19220"}],"wp:attachment":[{"href":"https:\/\/atecordoba.org\/index.php?rest_route=%2Fwp%2Fv2%2Fmedia&parent=5322"}],"wp:term":[{"taxonomy":"category","embeddable":true,"href":"https:\/\/atecordoba.org\/index.php?rest_route=%2Fwp%2Fv2%2Fcategories&post=5322"},{"taxonomy":"post_tag","embeddable":true,"href":"https:\/\/atecordoba.org\/index.php?rest_route=%2Fwp%2Fv2%2Ftags&post=5322"}],"curies":[{"name":"wp","href":"https:\/\/api.w.org\/{rel}","templated":true}]}}