{"id":5313,"date":"2015-05-26T19:02:58","date_gmt":"2015-05-26T22:02:58","guid":{"rendered":"http:\/\/www.atecordoba.org\/?p=5313"},"modified":"2015-05-26T19:02:58","modified_gmt":"2015-05-26T22:02:58","slug":"carta-abierta-a-las-autoridades-de-desarrollo-social-de-la-nacion","status":"publish","type":"post","link":"https:\/\/atecordoba.org\/?p=5313","title":{"rendered":"Carta abierta a las autoridades de Desarrollo Social de la Naci\u00f3n"},"content":{"rendered":"<p><em>Desarrollo Social de la Naci\u00f3n en la provincia, el cro Ricardo Reyna, vocal del CDP y delegado del Centro de Referencia C\u00f3rdoba, envi\u00f3 una carta abierta a los funcionarios del sector que se niegan a atender la demanda del pase a planta permanente de los contratados y precarizados.<\/em><\/p>\n<figure id=\"attachment_5314\" aria-describedby=\"caption-attachment-5314\" style=\"width: 300px\" class=\"wp-caption aligncenter\"><a href=\"http:\/\/www.atecordoba.org\/wp-content\/uploads\/2015\/05\/reyna.jpg\"><img loading=\"lazy\" decoding=\"async\" class=\"wp-image-5314 size-full\" src=\"http:\/\/www.atecordoba.org\/wp-content\/uploads\/2015\/05\/reyna.jpg\" alt=\"reyna\" width=\"300\" height=\"168\" \/><\/a><figcaption id=\"caption-attachment-5314\" class=\"wp-caption-text\">El cro. Ricardo Reyna, primero a la izquierda.<\/figcaption><\/figure>\n<p>&nbsp;<\/p>\n<p>&#8220;Desde hace m\u00e1s de diez a\u00f1os venimos trabajando en el Ministerio de Desarrollo Social de la Naci\u00f3n, dedicando toda nuestra labor a implementar las pol\u00edticas sociales desde una perspectiva de derechos e integralidad en los distintos territorios de la provincia, fortaleciendo el tejido social destruido en el neoliberalismo.<\/p>\n<p>Como trabajadores del Estado Nacional, comprometidos con el desarrollo social, llevamos adelante diversas l\u00edneas de acci\u00f3n, desde diferentes \u00e1reas del Ministerio y en articulaci\u00f3n con otros Ministerios y\/o instituciones gubernamentales o civiles tanto Municipales, Provinciales y Nacionales, en zonas de alta vulnerabilidad de la Ciudad de C\u00f3rdoba y del interior de la Provincia. En muchas de estas ocasiones, ingresamos a zonas en donde ponemos en riesgo nuestra propia integralidad, sosteniendo y gestionando desde y con las pol\u00edticas p\u00fablicas de este gobierno. Asimismo, no hemos abandonado nunca nuestros compromisos con las comunidades y con las pol\u00edticas sociales desplegadas.<\/p>\n<p><a href=\"http:\/\/www.atecordoba.org\/wp-content\/uploads\/2015\/05\/10454231_985294944836425_4793141112247464281_o-e1432677631435.jpg\"><img loading=\"lazy\" decoding=\"async\" class=\"aligncenter size-full wp-image-5315\" src=\"http:\/\/www.atecordoba.org\/wp-content\/uploads\/2015\/05\/10454231_985294944836425_4793141112247464281_o-e1432677631435.jpg\" alt=\"10454231_985294944836425_4793141112247464281_o\" width=\"550\" height=\"309\" \/><\/a><\/p>\n<p>Los recursos con los que contamos para llevar a cabo nuestras tareas, siempre han sido escas\u00edsimos, lo que hace que cotidianamente debamos disponer de recursos personales (autom\u00f3viles, tel\u00e9fono, lugar de trabajo, etc.) para abordar y llevar adelante dichas tareas.<\/p>\n<p>Todo esto que se ha mencionado, y la precariedad de nuestros contratos (contratados 048, monotributistas), hacen a que nuestra situaci\u00f3n laboral sea inestable e injusta.<\/p>\n<p>Por esto rechazamos rotundamente los dichos del Secretario Nacional de Ni\u00f1ez, Adolescencia y Familia, recientemente saliente, quien expres\u00f3 con total ligereza \u201cno poder garantizar ni concursos, ni continuidad en nuestros cargos en la pr\u00f3xima gesti\u00f3n\u201d.<\/p>\n<p><a href=\"http:\/\/www.atecordoba.org\/wp-content\/uploads\/2015\/05\/10960476_985294984836421_3952665119350256139_o-e1432677659195.jpg\"><img loading=\"lazy\" decoding=\"async\" class=\"aligncenter size-full wp-image-5316\" src=\"http:\/\/www.atecordoba.org\/wp-content\/uploads\/2015\/05\/10960476_985294984836421_3952665119350256139_o-e1432677659195.jpg\" alt=\"10960476_985294984836421_3952665119350256139_o\" width=\"550\" height=\"309\" \/><\/a><\/p>\n<p>Porque queremos defender eficazmente nuestros derechos y reivindicar espec\u00edficamente nuestras tareas, consideramos que es necesario que los trabajadores del estado nacional con que cuenta este ministerio de desarrollo social de la naci\u00f3n, pertenezcamos a la planta permanente del mismo. Es un reclamo justo ya que corresponde que nuestra situaci\u00f3n laboral sea continua y estable.<\/p>\n<p>Resaltamos la importancia de que el pr\u00f3ximo cambio de gesti\u00f3n nos encuentre a trabajadores que hemos sido capacitados y formados en la pol\u00edtica social actual, con posibilidades de continuar nuestro trabajo de manera estable y tambi\u00e9n, que la labor realizada permanezca m\u00e1s all\u00e1 de quien asuma un nuevo gobierno.<\/p>\n<p>Solicitamos el pase a planta permanente, como un reclamo laboral leg\u00edtimo y justo, y porque sostenemos que nuestro trabajo es un derecho que se debe garantizar&#8221;.<\/p>\n<h4>Movilizaci\u00f3n<\/h4>\n<p>El pasado jueves 21 de mayo, alrededor de las 11\u00a0horas,\u00a0los trabajadores del Centro de Referencia C\u00f3rdoba, dependiente de la cartera de Desarrollo Social, a cargo en la provincia de \u00a0Jos\u00e9 Luis Bianchi, realizaron asamblea en la v\u00eda p\u00fablica frente a la sede organismo, Fragueiro 371.<\/p>\n<p><a href=\"http:\/\/www.atecordoba.org\/wp-content\/uploads\/2015\/05\/11143561_10204190328937963_6514368712647670925_n-e1432677688420.jpg\"><img loading=\"lazy\" decoding=\"async\" class=\"aligncenter size-full wp-image-5317\" src=\"http:\/\/www.atecordoba.org\/wp-content\/uploads\/2015\/05\/11143561_10204190328937963_6514368712647670925_n-e1432677688420.jpg\" alt=\"11143561_10204190328937963_6514368712647670925_n\" width=\"330\" height=\"550\" \/><\/a><\/p>\n<p>Los compa\u00f1eros reclamaron \u00a0el pase a planta permanente de los monotributistas y contratados, como as\u00ed tambi\u00e9n por las inclementes condiciones de trabajo (falta de espacio f\u00edsico, insumos, mobiliario y medidas seguridad). La medida cont\u00f3 con el apoyo de un gran n\u00famero de afiliados dispuestos a tomar la calle, convalidando as\u00ed los derechos como trabajadores.<\/p>\n<p><a href=\"http:\/\/www.atecordoba.org\/wp-content\/uploads\/2015\/05\/11150730_10204190179174219_3439855270011556682_n-e1432677716174.jpg\"><img loading=\"lazy\" decoding=\"async\" class=\"aligncenter size-full wp-image-5318\" src=\"http:\/\/www.atecordoba.org\/wp-content\/uploads\/2015\/05\/11150730_10204190179174219_3439855270011556682_n-e1432677716174.jpg\" alt=\"11150730_10204190179174219_3439855270011556682_n\" width=\"330\" height=\"550\" \/><\/a><\/p>\n<p>Esta situaci\u00f3n de precariedad laboral supone un total incumplimiento al convenio colectivo de trabajo y a los derechos laborales resguardados en nuestra Constituci\u00f3n Nacional, en consecuencia los Trabajadores consideran que su reclamo es justo y leg\u00edtimo, en oposici\u00f3n a los comentarios vertidos por autoridades nacionales que desataron fuertes presiones para abortar la protesta, sin resultado alguno.<\/p>\n<p><a href=\"http:\/\/www.atecordoba.org\/wp-content\/uploads\/2015\/05\/11180610_10204190153613580_825201207807421549_n-e1432677738332.jpg\"><img loading=\"lazy\" decoding=\"async\" class=\"aligncenter size-full wp-image-5319\" src=\"http:\/\/www.atecordoba.org\/wp-content\/uploads\/2015\/05\/11180610_10204190153613580_825201207807421549_n-e1432677738332.jpg\" alt=\"11180610_10204190153613580_825201207807421549_n\" width=\"330\" height=\"550\" \/><\/a><\/p>\n<p>A falta de respuestas de las autoridades ante este reclamo casi hist\u00f3rico, los trabajadores resolvieron\u00a0continuar con el plan de lucha, en estado de alerta y movilizaci\u00f3n, con asamblea el pr\u00f3ximo viernes 29 de mayo a las 10 horas en la sede del organismo.<\/p>\n<p>&nbsp;<\/p>\n<p>&nbsp;<\/p>\n","protected":false},"excerpt":{"rendered":"<p>Desarrollo Social de la Naci\u00f3n en la provincia, el cro Ricardo Reyna, vocal del CDP y delegado del Centro de Referencia C\u00f3rdoba, envi\u00f3 una carta abierta a los funcionarios del sector que se niegan a atender la demanda del pase a planta permanente de los contratados y precarizados. &nbsp; &#8220;Desde hace m\u00e1s de diez a\u00f1os [&hellip;]<\/p>\n","protected":false},"author":1,"featured_media":19220,"comment_status":"open","ping_status":"open","sticky":false,"template":"","format":"standard","meta":{"_exactmetrics_skip_tracking":false,"_exactmetrics_sitenote_active":false,"_exactmetrics_sitenote_note":"","_exactmetrics_sitenote_category":0,"jnews-multi-image_gallery":[],"jnews_single_post":[],"jnews_primary_category":[],"jnews_social_meta":[],"jnews_review":[],"enable_review":"","type":"","name":"","summary":"","brand":"","sku":"","good":[],"bad":[],"score_override":"","override_value":"","rating":[],"price":[],"jnews_override_counter":[],"jnews_post_split":[],"footnotes":""},"categories":[113,18],"tags":[],"class_list":["post-5313","post","type-post","status-publish","format-standard","has-post-thumbnail","hentry","category-desarrollo-social-nacion","category-nacionales"],"jetpack_featured_media_url":"https:\/\/atecordoba.org\/wp-content\/uploads\/2020\/05\/logo-nuevochico-e1561581322808.png","_links":{"self":[{"href":"https:\/\/atecordoba.org\/index.php?rest_route=\/wp\/v2\/posts\/5313","targetHints":{"allow":["GET"]}}],"collection":[{"href":"https:\/\/atecordoba.org\/index.php?rest_route=\/wp\/v2\/posts"}],"about":[{"href":"https:\/\/atecordoba.org\/index.php?rest_route=\/wp\/v2\/types\/post"}],"author":[{"embeddable":true,"href":"https:\/\/atecordoba.org\/index.php?rest_route=\/wp\/v2\/users\/1"}],"replies":[{"embeddable":true,"href":"https:\/\/atecordoba.org\/index.php?rest_route=%2Fwp%2Fv2%2Fcomments&post=5313"}],"version-history":[{"count":0,"href":"https:\/\/atecordoba.org\/index.php?rest_route=\/wp\/v2\/posts\/5313\/revisions"}],"wp:featuredmedia":[{"embeddable":true,"href":"https:\/\/atecordoba.org\/index.php?rest_route=\/wp\/v2\/media\/19220"}],"wp:attachment":[{"href":"https:\/\/atecordoba.org\/index.php?rest_route=%2Fwp%2Fv2%2Fmedia&parent=5313"}],"wp:term":[{"taxonomy":"category","embeddable":true,"href":"https:\/\/atecordoba.org\/index.php?rest_route=%2Fwp%2Fv2%2Fcategories&post=5313"},{"taxonomy":"post_tag","embeddable":true,"href":"https:\/\/atecordoba.org\/index.php?rest_route=%2Fwp%2Fv2%2Ftags&post=5313"}],"curies":[{"name":"wp","href":"https:\/\/api.w.org\/{rel}","templated":true}]}}