{"id":5311,"date":"2015-05-26T18:03:10","date_gmt":"2015-05-26T21:03:10","guid":{"rendered":"http:\/\/www.atecordoba.org\/?p=5311"},"modified":"2015-05-26T18:03:10","modified_gmt":"2015-05-26T21:03:10","slug":"ate-realizara-un-paro-nacional-el-28-de-mayo","status":"publish","type":"post","link":"https:\/\/atecordoba.org\/?p=5311","title":{"rendered":"ATE realizar\u00e1 un paro nacional el 28 de mayo"},"content":{"rendered":"<p><em>En reclamo del fin de la precariedad laboral en el Estado, por aumento salarial y por paritarias libres, ATE llevar\u00e1 a cabo una medida de fuerza en todo el pa\u00eds el pr\u00f3ximo 28 de mayo. La modalidad ser\u00e1 sin asistencia a los lugares de trabajo.<\/em><\/p>\n<p><a href=\"http:\/\/www.atecordoba.org\/wp-content\/uploads\/2015\/04\/ate-bombo.jpg\"><img loading=\"lazy\" decoding=\"async\" class=\"aligncenter size-full wp-image-5156\" src=\"http:\/\/www.atecordoba.org\/wp-content\/uploads\/2015\/04\/ate-bombo.jpg\" alt=\"ate bombo\" width=\"300\" height=\"204\" \/><\/a><\/p>\n<p>El paro se realizar\u00e1 en rechazo por insuficiente de la pauta del 27.4% acordada por el gobierno nacional con los gremios afines a sus pol\u00edticas de ajuste. De esta forma, ATE lleva a todo el pa\u00eds de forma unificada la suma de conflictos que se vienen produciendo desde hace tiempo en todos los sectores de trabajo, ante la evidente p\u00e9rdida del poder adquisitivo de los estatales que plantea la actual gesti\u00f3n, atento a los niveles inflacionarios que los trabajadores sufrimos el a\u00f1o pasado.<\/p>\n<p>Adem\u00e1s, la pauta salarial ni siquiera alcanza a compensar las estimaciones para el corriente a\u00f1o. As\u00ed se enmarca la negativa oficial del gobierno para que participen en las paritarias nacionales los representantes de ATE, necesitado que las \u00f3rdenes emanadas desde la Casa Rosada se aprueben sin cuestionamiento.<\/p>\n<p>En contrapartida, ATE reclama una recomposici\u00f3n de haberes de alrededor del 40 al 45% y un monto inicial de los salarios de 12 mil pesos, que se acerque al menos a la canasta familiar.<\/p>\n<p>En C\u00f3rdoba, diversos sectores de trabajo del Estado nacional se vienen manifestando en reclamo de un aumento sustancial de los salarios por lo que esta medida de fuerza unifica las luchas en pos de un objetivo com\u00fan.<\/p>\n<p>En esa l\u00ednea, el paro tambi\u00e9n se realizar\u00e1 para reclamar el pase a planta de los trabajadores precarizados. Seg\u00fan estima nuestra conducci\u00f3n nacional, 600 mil trabajadores estatales vencen su contrato a fin de a\u00f1o y est\u00e1n pendientes de conseguir o no su continuidad laboral, sujetos a la discrecionalidad de la patronal y en abierta contradicci\u00f3n con la Constituci\u00f3n Nacional que garantiza la estabilidad del trabajador del Estado.<\/p>\n<p>Ante el autoritarismo del gobierno, que convierte a la Constituci\u00f3n en papel mojado, los trabajadores no expresamos con una contundente medida de acci\u00f3n directa en defensa de los derechos constitucionales y por la recuperaci\u00f3n del salario real.<\/p>\n<p>Mar\u00eda Teresa Romero<\/p>\n<p>Secretaria General<\/p>\n<p>&nbsp;<\/p>\n","protected":false},"excerpt":{"rendered":"<p>En reclamo del fin de la precariedad laboral en el Estado, por aumento salarial y por paritarias libres, ATE llevar\u00e1 a cabo una medida de fuerza en todo el pa\u00eds el pr\u00f3ximo 28 de mayo. La modalidad ser\u00e1 sin asistencia a los lugares de trabajo. El paro se realizar\u00e1 en rechazo por insuficiente de la [&hellip;]<\/p>\n","protected":false},"author":1,"featured_media":19220,"comment_status":"open","ping_status":"open","sticky":false,"template":"","format":"standard","meta":{"_exactmetrics_skip_tracking":false,"_exactmetrics_sitenote_active":false,"_exactmetrics_sitenote_note":"","_exactmetrics_sitenote_category":0,"jnews-multi-image_gallery":[],"jnews_single_post":[],"jnews_primary_category":[],"jnews_social_meta":[],"jnews_review":[],"enable_review":"","type":"","name":"","summary":"","brand":"","sku":"","good":[],"bad":[],"score_override":"","override_value":"","rating":[],"price":[],"jnews_override_counter":[],"jnews_post_split":[],"footnotes":""},"categories":[18],"tags":[],"class_list":["post-5311","post","type-post","status-publish","format-standard","has-post-thumbnail","hentry","category-nacionales"],"jetpack_featured_media_url":"https:\/\/atecordoba.org\/wp-content\/uploads\/2020\/05\/logo-nuevochico-e1561581322808.png","_links":{"self":[{"href":"https:\/\/atecordoba.org\/index.php?rest_route=\/wp\/v2\/posts\/5311","targetHints":{"allow":["GET"]}}],"collection":[{"href":"https:\/\/atecordoba.org\/index.php?rest_route=\/wp\/v2\/posts"}],"about":[{"href":"https:\/\/atecordoba.org\/index.php?rest_route=\/wp\/v2\/types\/post"}],"author":[{"embeddable":true,"href":"https:\/\/atecordoba.org\/index.php?rest_route=\/wp\/v2\/users\/1"}],"replies":[{"embeddable":true,"href":"https:\/\/atecordoba.org\/index.php?rest_route=%2Fwp%2Fv2%2Fcomments&post=5311"}],"version-history":[{"count":0,"href":"https:\/\/atecordoba.org\/index.php?rest_route=\/wp\/v2\/posts\/5311\/revisions"}],"wp:featuredmedia":[{"embeddable":true,"href":"https:\/\/atecordoba.org\/index.php?rest_route=\/wp\/v2\/media\/19220"}],"wp:attachment":[{"href":"https:\/\/atecordoba.org\/index.php?rest_route=%2Fwp%2Fv2%2Fmedia&parent=5311"}],"wp:term":[{"taxonomy":"category","embeddable":true,"href":"https:\/\/atecordoba.org\/index.php?rest_route=%2Fwp%2Fv2%2Fcategories&post=5311"},{"taxonomy":"post_tag","embeddable":true,"href":"https:\/\/atecordoba.org\/index.php?rest_route=%2Fwp%2Fv2%2Ftags&post=5311"}],"curies":[{"name":"wp","href":"https:\/\/api.w.org\/{rel}","templated":true}]}}