{"id":5308,"date":"2015-05-26T16:13:17","date_gmt":"2015-05-26T19:13:17","guid":{"rendered":"http:\/\/www.atecordoba.org\/?p=5308"},"modified":"2020-06-09T15:43:04","modified_gmt":"2020-06-09T18:43:04","slug":"ate-participara-de-la-marcha-contra-los-feminicidios-niunamenos","status":"publish","type":"post","link":"https:\/\/atecordoba.org\/?p=5308","title":{"rendered":"ATE participar\u00e1 de la marcha contra los feminicidios #Niunamenos"},"content":{"rendered":"<p style=\"text-align: justify; line-height: 150%;\"><em><span lang=\"ES-AR\">ATE C\u00f3rdoba convocas a todas las compa\u00f1eras y a todos los compa\u00f1eros a participar de la marcha \u201cNi una menos\u201d que partir\u00e1 el d\u00eda 3 de junio, a las 17 hs., desde Col\u00f3n y Ca\u00f1ada en la Ciudad de C\u00f3rdoba.<\/span><\/em><\/p>\n<p style=\"text-align: justify; line-height: 150%;\"><a href=\"http:\/\/atecordoba.org\/wp-content\/uploads\/2020\/06\/ni-una-menos-e1432667546220.jpg\"><img loading=\"lazy\" decoding=\"async\" class=\"aligncenter size-full wp-image-5309\" src=\"http:\/\/atecordoba.org\/wp-content\/uploads\/2020\/06\/ni-una-menos-e1432667546220.jpg\" alt=\"ni-una menos\" width=\"550\" height=\"269\" \/><\/a><\/p>\n<p style=\"text-align: justify; line-height: 150%;\"><span lang=\"ES-AR\">Nos manifestamos porque queremos decir Basta de Violencia hacia las mujeres, porque el machismo no s\u00f3lo discrimina, violenta y acosa, sino que mata a las mujeres. En nuestro pa\u00eds, una mujer muere cada treinta horas a causa de la violencia machista, impresa en una concepci\u00f3n que pone a la mujer en un rol inferior frente al hombre. En 2014, 330 ni\u00f1os quedaron hu\u00e9rfanos de madre a causa de la violencia de g\u00e9nero m\u00e1s extremo.<\/span><\/p>\n<p style=\"text-align: justify; line-height: 150%;\"><span lang=\"ES-AR\">Nos manifestamos para que en nuestro pa\u00eds se determine la emergencia nacional contra la violencia de g\u00e9nero y para que se implemente, con presupuesto suficiente, la Ley 26.485 de Protecci\u00f3n Integral contra la Violencia hacia las Mujeres, que obliga al Estado a llevar adelante un Plan Nacional de Acci\u00f3n para la Prevenci\u00f3n, la Asistencia y la Erradicaci\u00f3n de la Violencia contra las Mujeres.<\/span><\/p>\n<p style=\"text-align: justify; line-height: 150%;\"><span lang=\"ES-AR\">Nos manifestamos porque queremos una sociedad donde las mujeres no sean maltratadas, discriminadas ni acosadas. Nos manifestamos porque queremos que las mujeres puedan vivir en libertad y en igualdad.<\/span><\/p>\n<p style=\"line-height: 150%; text-align: right;\">Mar\u00eda Teresa Romero<\/p>\n<p style=\"line-height: 150%; text-align: right;\">Secretaria General<\/p>\n","protected":false},"excerpt":{"rendered":"<p>ATE C\u00f3rdoba convocas a todas las compa\u00f1eras y a todos los compa\u00f1eros a participar de la marcha \u201cNi una menos\u201d que partir\u00e1 el d\u00eda 3 de junio, a las 17 hs., desde Col\u00f3n y Ca\u00f1ada en la Ciudad de C\u00f3rdoba. Nos manifestamos porque queremos decir Basta de Violencia hacia las mujeres, porque el machismo no [&hellip;]<\/p>\n","protected":false},"author":1,"featured_media":19220,"comment_status":"open","ping_status":"open","sticky":false,"template":"","format":"standard","meta":{"_exactmetrics_skip_tracking":false,"_exactmetrics_sitenote_active":false,"_exactmetrics_sitenote_note":"","_exactmetrics_sitenote_category":0,"jnews-multi-image_gallery":[],"jnews_single_post":[],"jnews_primary_category":[],"jnews_social_meta":[],"jnews_review":[],"enable_review":"","type":"","name":"","summary":"","brand":"","sku":"","good":[],"bad":[],"score_override":"","override_value":"","rating":[],"price":[],"jnews_override_counter":[],"jnews_post_split":[],"footnotes":""},"categories":[325,18],"tags":[],"class_list":["post-5308","post","type-post","status-publish","format-standard","has-post-thumbnail","hentry","category-generos-y-diversidades","category-nacionales"],"jetpack_featured_media_url":"https:\/\/atecordoba.org\/wp-content\/uploads\/2020\/05\/logo-nuevochico-e1561581322808.png","_links":{"self":[{"href":"https:\/\/atecordoba.org\/index.php?rest_route=\/wp\/v2\/posts\/5308","targetHints":{"allow":["GET"]}}],"collection":[{"href":"https:\/\/atecordoba.org\/index.php?rest_route=\/wp\/v2\/posts"}],"about":[{"href":"https:\/\/atecordoba.org\/index.php?rest_route=\/wp\/v2\/types\/post"}],"author":[{"embeddable":true,"href":"https:\/\/atecordoba.org\/index.php?rest_route=\/wp\/v2\/users\/1"}],"replies":[{"embeddable":true,"href":"https:\/\/atecordoba.org\/index.php?rest_route=%2Fwp%2Fv2%2Fcomments&post=5308"}],"version-history":[{"count":1,"href":"https:\/\/atecordoba.org\/index.php?rest_route=\/wp\/v2\/posts\/5308\/revisions"}],"predecessor-version":[{"id":20041,"href":"https:\/\/atecordoba.org\/index.php?rest_route=\/wp\/v2\/posts\/5308\/revisions\/20041"}],"wp:featuredmedia":[{"embeddable":true,"href":"https:\/\/atecordoba.org\/index.php?rest_route=\/wp\/v2\/media\/19220"}],"wp:attachment":[{"href":"https:\/\/atecordoba.org\/index.php?rest_route=%2Fwp%2Fv2%2Fmedia&parent=5308"}],"wp:term":[{"taxonomy":"category","embeddable":true,"href":"https:\/\/atecordoba.org\/index.php?rest_route=%2Fwp%2Fv2%2Fcategories&post=5308"},{"taxonomy":"post_tag","embeddable":true,"href":"https:\/\/atecordoba.org\/index.php?rest_route=%2Fwp%2Fv2%2Ftags&post=5308"}],"curies":[{"name":"wp","href":"https:\/\/api.w.org\/{rel}","templated":true}]}}