{"id":5301,"date":"2015-05-20T17:45:06","date_gmt":"2015-05-20T20:45:06","guid":{"rendered":"http:\/\/www.atecordoba.org\/?p=5301"},"modified":"2020-05-27T11:28:54","modified_gmt":"2020-05-27T14:28:54","slug":"trabajadores-realizaron-la-primera-asamblea-en-el-nuevo-hospital-pasteur","status":"publish","type":"post","link":"https:\/\/atecordoba.org\/?p=5301","title":{"rendered":"Trabajadores realizaron la primera asamblea en el nuevo Hospital Pasteur"},"content":{"rendered":"<div><em>Impulsada por ATE y otras organizaciones gremiales, se llev\u00f3 a cabo ayer una asamblea de trabajadores del Hospital Pasteur, en la que analizaron los problemas que se plantean en el nuevo edificio, sumados a los que arrastran desde la antigua sede.<\/em><\/div>\n<div><a href=\"http:\/\/atecordoba.org\/wp-content\/uploads\/2020\/05\/villa-maria_-asamblea-hospital-pasteur_-19-5-e1432154530665.jpg\"><img loading=\"lazy\" decoding=\"async\" class=\"aligncenter size-full wp-image-5302\" src=\"http:\/\/atecordoba.org\/wp-content\/uploads\/2020\/05\/villa-maria_-asamblea-hospital-pasteur_-19-5-e1432154530665.jpg\" alt=\"villa maria_ asamblea hospital pasteur_ 19-5\" width=\"550\" height=\"309\" \/><\/a><\/div>\n<div>Arnaldo Molina, de ATE, dijo que coincidieron en reclamar principalmente por cuatro puntos, que son los siguientes:<\/div>\n<div>-Pase a planta permanente de los contratados, muchos de los cuales llevan entre siete y ocho a\u00f1os de antig\u00fcedad sin lograr la estabilidad.<\/div>\n<div>-La urgente contrataci\u00f3n de enfermeros. \u201cDe los 200 nuevos empleados que dice el ministro que contrataron, en enfermer\u00eda, el sector m\u00e1s desprotegido, llegaron s\u00f3lo ocho. Es muy linda la alta complejidad, pero sin gente los problemas siguen\u201d, remarc\u00f3.<\/div>\n<div>-La falta de camilleros, dado que hay dos por turno los d\u00edas de semana y no est\u00e1n previstos los remplazos.<\/div>\n<div>-Falencias en seguridad, dado que hay cuatro personas de un servicio privado, que no alcanzan a cubrir todo el per\u00edmetro del nuevo edificio.<\/div>\n<div>\u201cAdem\u00e1s, el tema de que no funcione el tom\u00f3grafo es algo serio. Lo mismo con el servicio de anatomopatolog\u00eda, que sigue en el viejo Hospital porque no previeron un espacio f\u00edsico en el nuevo\u201d, agreg\u00f3.<\/div>\n<div>Elevar\u00e1n el reclamo a las autoridades y acordaron volverse a reunir en asamblea la semana pr\u00f3xima.<\/div>\n","protected":false},"excerpt":{"rendered":"<p>Impulsada por ATE y otras organizaciones gremiales, se llev\u00f3 a cabo ayer una asamblea de trabajadores del Hospital Pasteur, en la que analizaron los problemas que se plantean en el nuevo edificio, sumados a los que arrastran desde la antigua sede. Arnaldo Molina, de ATE, dijo que coincidieron en reclamar principalmente por cuatro puntos, que [&hellip;]<\/p>\n","protected":false},"author":1,"featured_media":17528,"comment_status":"open","ping_status":"open","sticky":false,"template":"","format":"standard","meta":{"_exactmetrics_skip_tracking":false,"_exactmetrics_sitenote_active":false,"_exactmetrics_sitenote_note":"","_exactmetrics_sitenote_category":0,"jnews-multi-image_gallery":[],"jnews_single_post":{"subtitle":"","format":"standard","video":"","gallery":"","source_name":"","source_url":"","via_name":"","via_url":"","override_template":"0","override":[{"template":"1","single_blog_custom":"","parallax":"1","fullscreen":"0","layout":"right-sidebar","sidebar":"default-sidebar","second_sidebar":"default-sidebar","sticky_sidebar":"1","share_position":"top","share_float_style":"share-monocrhome","show_share_counter":"1","show_view_counter":"1","show_featured":"1","show_post_meta":"1","show_post_author":"1","show_post_author_image":"1","show_post_date":"1","post_date_format":"default","post_date_format_custom":"Y\/m\/d","show_post_category":"1","show_post_reading_time":"0","post_reading_time_wpm":"300","show_zoom_button":"0","zoom_button_out_step":"2","zoom_button_in_step":"3","show_post_tag":"1","show_prev_next_post":"1","show_popup_post":"1","number_popup_post":"1","show_author_box":"0","show_post_related":"0","show_inline_post_related":"0"}],"override_image_size":"0","image_override":[{"single_post_thumbnail_size":"crop-500","single_post_gallery_size":"crop-500"}],"trending_post":"0","trending_post_position":"meta","trending_post_label":"Trending","sponsored_post":"0","sponsored_post_label":"Sponsored by","sponsored_post_name":"","sponsored_post_url":"","sponsored_post_logo_enable":"0","sponsored_post_logo":"","sponsored_post_desc":""},"jnews_primary_category":{"id":""},"jnews_social_meta":{"fb_title":"","fb_description":"","fb_image":"","twitter_title":"","twitter_description":"","twitter_image":""},"jnews_review":[],"enable_review":"0","type":"percentage","name":"","summary":"","brand":"","sku":"","good":[{"good_text":""}],"bad":[{"bad_text":""}],"score_override":"","override_value":"","rating":[{"rating_text":"","rating_number":"10"}],"price":[{"shop":"","price":"","link":"","icon":""}],"jnews_override_counter":{"override_view_counter":"0","view_counter_number":"0","override_share_counter":"0","share_counter_number":"0","override_like_counter":"0","like_counter_number":"0","override_dislike_counter":"0","dislike_counter_number":"0"},"jnews_post_split":{"enable_post_split":"0","post_split":[{"template":"1","tag":"h2","numbering":"asc","mode":"normal"}]},"footnotes":""},"categories":[7,8,34,14],"tags":[],"class_list":["post-5301","post","type-post","status-publish","format-standard","has-post-thumbnail","hentry","category-hospitales","category-provinciales","category-seccionales","category-villa-maria"],"jetpack_featured_media_url":"https:\/\/atecordoba.org\/wp-content\/uploads\/2020\/05\/villa-maria_-asamblea-hospital-pasteur_-19-5-e1432154530665.jpg","_links":{"self":[{"href":"https:\/\/atecordoba.org\/index.php?rest_route=\/wp\/v2\/posts\/5301","targetHints":{"allow":["GET"]}}],"collection":[{"href":"https:\/\/atecordoba.org\/index.php?rest_route=\/wp\/v2\/posts"}],"about":[{"href":"https:\/\/atecordoba.org\/index.php?rest_route=\/wp\/v2\/types\/post"}],"author":[{"embeddable":true,"href":"https:\/\/atecordoba.org\/index.php?rest_route=\/wp\/v2\/users\/1"}],"replies":[{"embeddable":true,"href":"https:\/\/atecordoba.org\/index.php?rest_route=%2Fwp%2Fv2%2Fcomments&post=5301"}],"version-history":[{"count":1,"href":"https:\/\/atecordoba.org\/index.php?rest_route=\/wp\/v2\/posts\/5301\/revisions"}],"predecessor-version":[{"id":19488,"href":"https:\/\/atecordoba.org\/index.php?rest_route=\/wp\/v2\/posts\/5301\/revisions\/19488"}],"wp:featuredmedia":[{"embeddable":true,"href":"https:\/\/atecordoba.org\/index.php?rest_route=\/wp\/v2\/media\/17528"}],"wp:attachment":[{"href":"https:\/\/atecordoba.org\/index.php?rest_route=%2Fwp%2Fv2%2Fmedia&parent=5301"}],"wp:term":[{"taxonomy":"category","embeddable":true,"href":"https:\/\/atecordoba.org\/index.php?rest_route=%2Fwp%2Fv2%2Fcategories&post=5301"},{"taxonomy":"post_tag","embeddable":true,"href":"https:\/\/atecordoba.org\/index.php?rest_route=%2Fwp%2Fv2%2Ftags&post=5301"}],"curies":[{"name":"wp","href":"https:\/\/api.w.org\/{rel}","templated":true}]}}