{"id":5298,"date":"2015-05-20T17:31:22","date_gmt":"2015-05-20T20:31:22","guid":{"rendered":"http:\/\/www.atecordoba.org\/?p=5298"},"modified":"2015-05-20T17:31:22","modified_gmt":"2015-05-20T20:31:22","slug":"rechazo-a-la-pauta-salarial-nacional-paro-por-48-horas-de-los-trabajadores-civiles-de-las-ff-aa","status":"publish","type":"post","link":"https:\/\/atecordoba.org\/?p=5298","title":{"rendered":"Rechazo a la pauta salarial nacional: paro por 48 horas de los Trabajadores Civiles de las FF.AA.\u00a0"},"content":{"rendered":"<div><\/div>\n<div><em>En rechazo a la pauta salarial nacional, los trabajadores civiles de las FF.AA. resolvieron hoy en asamblea realizar un paro de 48 horas sin concurrencia a los lugares de trabajo. La medida dar\u00e1 inici\u00f3 ma\u00f1ana jueves 21 de mayo a las 0.00 horas y finalizar\u00e1 a las 24 horas del 22 de mayo.\u00a0<\/em><\/div>\n<div><a href=\"http:\/\/www.atecordoba.org\/wp-content\/uploads\/2015\/05\/IMG_1881-e1432153851657.jpg\"><img loading=\"lazy\" decoding=\"async\" class=\"aligncenter size-full wp-image-5299\" src=\"http:\/\/www.atecordoba.org\/wp-content\/uploads\/2015\/05\/IMG_1881-e1432153851657.jpg\" alt=\"IMG_1881\" width=\"550\" height=\"413\" \/><\/a><\/div>\n<div>Los trabajadores resolvieron llevar adelante este paro ya que el 27.4%, otrogado por la administraci\u00f3n nacional a espaldas delos reclamos del sector, se encuentra muy lejos del 40% reclamado en consonancia con la inflaci\u00f3n del a\u00f1o pasado que signific\u00f3 una p\u00e9rdida muy importante del poder adquisitivo de los haberes. M\u00e1s aun, teniendo en cuenta que los trabajadores civiles de las FF.AA. constituyen el sector m\u00e1s pauperizado a cargo del gobierno nacional, con salarios que parte -en su nivel inicial- de alrededor de 4000 pesos.<\/div>\n<div>En consecuencia, tanto la obra social de las FF.AA, los docentes civiles de las FF.AA. y de seguridad y el resto de los sectores comprendidos realizar\u00e1n una huelga sin concurrencia a los lugares de trabajo.<\/div>\n","protected":false},"excerpt":{"rendered":"<p>En rechazo a la pauta salarial nacional, los trabajadores civiles de las FF.AA. resolvieron hoy en asamblea realizar un paro de 48 horas sin concurrencia a los lugares de trabajo. La medida dar\u00e1 inici\u00f3 ma\u00f1ana jueves 21 de mayo a las 0.00 horas y finalizar\u00e1 a las 24 horas del 22 de mayo.\u00a0 Los trabajadores [&hellip;]<\/p>\n","protected":false},"author":1,"featured_media":19220,"comment_status":"open","ping_status":"open","sticky":false,"template":"","format":"standard","meta":{"_exactmetrics_skip_tracking":false,"_exactmetrics_sitenote_active":false,"_exactmetrics_sitenote_note":"","_exactmetrics_sitenote_category":0,"jnews-multi-image_gallery":[],"jnews_single_post":[],"jnews_primary_category":[],"jnews_social_meta":[],"jnews_review":[],"enable_review":"","type":"","name":"","summary":"","brand":"","sku":"","good":[],"bad":[],"score_override":"","override_value":"","rating":[],"price":[],"jnews_override_counter":[],"jnews_post_split":[],"footnotes":""},"categories":[18,9],"tags":[],"class_list":["post-5298","post","type-post","status-publish","format-standard","has-post-thumbnail","hentry","category-nacionales","category-trabajadores-civiles-ff-aa"],"jetpack_featured_media_url":"https:\/\/atecordoba.org\/wp-content\/uploads\/2020\/05\/logo-nuevochico-e1561581322808.png","_links":{"self":[{"href":"https:\/\/atecordoba.org\/index.php?rest_route=\/wp\/v2\/posts\/5298","targetHints":{"allow":["GET"]}}],"collection":[{"href":"https:\/\/atecordoba.org\/index.php?rest_route=\/wp\/v2\/posts"}],"about":[{"href":"https:\/\/atecordoba.org\/index.php?rest_route=\/wp\/v2\/types\/post"}],"author":[{"embeddable":true,"href":"https:\/\/atecordoba.org\/index.php?rest_route=\/wp\/v2\/users\/1"}],"replies":[{"embeddable":true,"href":"https:\/\/atecordoba.org\/index.php?rest_route=%2Fwp%2Fv2%2Fcomments&post=5298"}],"version-history":[{"count":0,"href":"https:\/\/atecordoba.org\/index.php?rest_route=\/wp\/v2\/posts\/5298\/revisions"}],"wp:featuredmedia":[{"embeddable":true,"href":"https:\/\/atecordoba.org\/index.php?rest_route=\/wp\/v2\/media\/19220"}],"wp:attachment":[{"href":"https:\/\/atecordoba.org\/index.php?rest_route=%2Fwp%2Fv2%2Fmedia&parent=5298"}],"wp:term":[{"taxonomy":"category","embeddable":true,"href":"https:\/\/atecordoba.org\/index.php?rest_route=%2Fwp%2Fv2%2Fcategories&post=5298"},{"taxonomy":"post_tag","embeddable":true,"href":"https:\/\/atecordoba.org\/index.php?rest_route=%2Fwp%2Fv2%2Ftags&post=5298"}],"curies":[{"name":"wp","href":"https:\/\/api.w.org\/{rel}","templated":true}]}}