{"id":52943,"date":"2026-03-18T14:37:12","date_gmt":"2026-03-18T17:37:12","guid":{"rendered":"https:\/\/atecordoba.org\/?p=52943"},"modified":"2026-03-18T14:45:17","modified_gmt":"2026-03-18T17:45:17","slug":"ate-y-ctaa-repudiaron-la-finalizacion-del-programa-volver-al-trabajo-frente-a-la-agencia-territorial-y-rechazaron-el-cierre-de-la-dependencia","status":"publish","type":"post","link":"https:\/\/atecordoba.org\/?p=52943","title":{"rendered":"ATE y CTAA repudiaron la finalizaci\u00f3n del programa &#8220;Volver al Trabajo&#8221; frente a la Agencia Territorial y rechazaron el cierre de la dependencia"},"content":{"rendered":"<p><img loading=\"lazy\" decoding=\"async\" class=\"aligncenter wp-image-52944 \" src=\"https:\/\/atecordoba.org\/wp-content\/uploads\/2026\/03\/WhatsApp-Image-2026-03-18-at-12.29.34-2-1024x576.jpeg\" alt=\"\" width=\"624\" height=\"351\" srcset=\"https:\/\/atecordoba.org\/wp-content\/uploads\/2026\/03\/WhatsApp-Image-2026-03-18-at-12.29.34-2-1024x576.jpeg 1024w, https:\/\/atecordoba.org\/wp-content\/uploads\/2026\/03\/WhatsApp-Image-2026-03-18-at-12.29.34-2-300x169.jpeg 300w, https:\/\/atecordoba.org\/wp-content\/uploads\/2026\/03\/WhatsApp-Image-2026-03-18-at-12.29.34-2-768x432.jpeg 768w, https:\/\/atecordoba.org\/wp-content\/uploads\/2026\/03\/WhatsApp-Image-2026-03-18-at-12.29.34-2-750x422.jpeg 750w, https:\/\/atecordoba.org\/wp-content\/uploads\/2026\/03\/WhatsApp-Image-2026-03-18-at-12.29.34-2-1140x641.jpeg 1140w, https:\/\/atecordoba.org\/wp-content\/uploads\/2026\/03\/WhatsApp-Image-2026-03-18-at-12.29.34-2.jpeg 1280w\" sizes=\"auto, (max-width: 624px) 100vw, 624px\" \/>Frente al ajuste de la motosierra de Milei, que arrasa con los programas de empleo, y ante las amenazas del cierre de las agencias territoriales de la Secretar\u00eda de Trabajo de la Naci\u00f3n en las provincias, ATE y la CTA Aut\u00f3noma se concentraron en las oficinas de cartera laboral en C\u00f3rdoba, para repudiar las pol\u00edticas libertarias y reafirmar el plan de lucha en defensa del Estado y las pol\u00edticas destinadas a los sectores m\u00e1s vulnerables.<\/p>\n<p>El Ministerio de Capital Humano adelant\u00f3 que abril ser\u00e1 el \u00faltimo mes de cobro del Programa Volver al Trabajo, en una medida que afecta a alrededor de 900 mil trabajadores y trabajadoras argentinos, en un recorte que quitar\u00e1 a los bolsillos de cada familia ingresos que, aunque m\u00ednimos, suman para organizar los merenderos en los barrios m\u00e1s golpeados por la crisis econ\u00f3mica que genera Milei y su programa de gobierno de hambre. <img loading=\"lazy\" decoding=\"async\" class=\"aligncenter wp-image-52945 \" src=\"https:\/\/atecordoba.org\/wp-content\/uploads\/2026\/03\/WhatsApp-Image-2026-03-18-at-12.29.34-1024x576.jpeg\" alt=\"\" width=\"617\" height=\"347\" srcset=\"https:\/\/atecordoba.org\/wp-content\/uploads\/2026\/03\/WhatsApp-Image-2026-03-18-at-12.29.34-1024x576.jpeg 1024w, https:\/\/atecordoba.org\/wp-content\/uploads\/2026\/03\/WhatsApp-Image-2026-03-18-at-12.29.34-300x169.jpeg 300w, https:\/\/atecordoba.org\/wp-content\/uploads\/2026\/03\/WhatsApp-Image-2026-03-18-at-12.29.34-768x432.jpeg 768w, https:\/\/atecordoba.org\/wp-content\/uploads\/2026\/03\/WhatsApp-Image-2026-03-18-at-12.29.34-750x422.jpeg 750w, https:\/\/atecordoba.org\/wp-content\/uploads\/2026\/03\/WhatsApp-Image-2026-03-18-at-12.29.34-1140x641.jpeg 1140w, https:\/\/atecordoba.org\/wp-content\/uploads\/2026\/03\/WhatsApp-Image-2026-03-18-at-12.29.34.jpeg 1280w\" sizes=\"auto, (max-width: 617px) 100vw, 617px\" \/><\/p>\n<p>Con una ruidosa batucada, compa\u00f1eros y compa\u00f1eros de la Federaci\u00f3n Nacional Territorial (FENAT-CTAA) y trabajadores y trabajadoras de la Secretar\u00eda de Trabajo cortaron media calzada en 27 de abril 351, gritando que ninguna amenaza represiva nos va a sacar de la calle, ante la mirada de la polic\u00eda provincial que estaba presente en el lugar.<img loading=\"lazy\" decoding=\"async\" class=\"alignright wp-image-52948 size-full\" src=\"https:\/\/atecordoba.org\/wp-content\/uploads\/2026\/03\/Captura-de-pantalla-2026-03-18-143324.png\" alt=\"\" width=\"264\" height=\"518\" srcset=\"https:\/\/atecordoba.org\/wp-content\/uploads\/2026\/03\/Captura-de-pantalla-2026-03-18-143324.png 264w, https:\/\/atecordoba.org\/wp-content\/uploads\/2026\/03\/Captura-de-pantalla-2026-03-18-143324-153x300.png 153w\" sizes=\"auto, (max-width: 264px) 100vw, 264px\" \/><\/p>\n<p>En ese marco, el secretario General de ATE C\u00f3rdoba y la CTAA Provincia de C\u00f3rdoba, Federico Giuliani, destac\u00f3 &#8220;esta iniciativa de lucha entre quienes sostienen la estructura del Estado Nacional ac\u00e1 adentro e la Agencia Territorial de la Secretaria de Trabajo, que hoy tienen en riesgo sus puestos de laburo por las pol\u00edticas de la motosierra de Javier Milei, y la unidad con los que no tienen nada y pueden perder el programa Volver al Trabajo&#8221;.<\/p>\n<p>&#8220;Por eso, ante muchos sindicatos y la central obrera, que se esconden, que transan, que acuerdan, que salen tarde, nuestra ATE y nuestra CTA Aut\u00f3noma estamos dando la pelea&#8221;, agreg\u00f3. Y dijo: &#8220;la reforma laboral ha sido un golpe muy grande para el campo popular en su conjunto, pero tambi\u00e9n es la oportunidad del nacimiento de un nuevo tiempo pol\u00edtico de unidad sindical y combativa en la Argentina. Nosotros creemos que construyendo de verdad la unidad con la que luchan los sindicatos combativos y las organizaciones sociales que no transan, vamos a poder enfrentar este gobierno para lo que queda de mandato. No somos como los legalistas que dicen &#8216;hay que esperar hasta el 2027&#8217;. Vamos a construir las condiciones necesarias para que este gobierno se vaya cuanto antes de la Argentina y deje de hambrear a nuestro pueblo&#8221;.<\/p>\n<p>Antes, expresiones de distintos sectores del Estado, provinciales, nacionales y municipales se dirigieron a las y los presentes, dando su solidaridad con la lucha.<\/p>\n<p>A su turno, la secretaria Adjunta de la CTAA Provincia, Silvia Alcoba, explic\u00f3 que &#8220;el 5 de abril 900 mil compa\u00f1eros dejan de percibir su salario, un derecho conquistado que hab\u00edamos ganado con la lucha&#8221;.<\/p>\n<p>La dirigente fustig\u00f3 tambi\u00e9n al gobierno de Alberto Fernandez porque &#8220;anterior nos dej\u00f3 en manos de Milei, sabiendo lo que se ven\u00eda, al no regularizar el programa&#8221;. El padr\u00f3n provincial de beneficiarios es de 30330 personas, que dejar\u00e1n de recibir 78 mil pesos mensuales<img loading=\"lazy\" decoding=\"async\" class=\"alignleft wp-image-52947 \" src=\"https:\/\/atecordoba.org\/wp-content\/uploads\/2026\/03\/WhatsApp-Image-2026-03-18-at-12.29.27-1-e1773855033885-256x300.jpeg\" alt=\"\" width=\"303\" height=\"355\" srcset=\"https:\/\/atecordoba.org\/wp-content\/uploads\/2026\/03\/WhatsApp-Image-2026-03-18-at-12.29.27-1-e1773855033885-256x300.jpeg 256w, https:\/\/atecordoba.org\/wp-content\/uploads\/2026\/03\/WhatsApp-Image-2026-03-18-at-12.29.27-1-e1773855033885.jpeg 720w\" sizes=\"auto, (max-width: 303px) 100vw, 303px\" \/><\/p>\n<p>&#8220;Si bien es poquita plata, Volver al Trabajo es un sustento que nos suma y es necesario que se mantenga esa contenci\u00f3n. Es mentira que baj\u00f3 la pobreza, que bajo la inflaci\u00f3n&#8221;.<\/p>\n<p>Respecto a las amenazas de cierre de la Agencia Territorial, Alcoba dijo que &#8220;para nosotras es grave porque ya no podremos acudir m\u00e1s a una dependencia para hacer efectivos los derechos que nos corresponden, de la misma manera que cuando cerraron las oficinas de Desarrollo Social&#8221;.<\/p>\n<p>Y concluy\u00f3: &#8220;si, al mismo tiempo, el gobierno provincial nos enjuicia por reclamar el hambre que ocurre en los barrios de C\u00f3rdoba, el panorama es mucho m\u00e1s grave aun&#8221;.<\/p>\n<h5>Convocatoria para el 24 de marzo<\/h5>\n<p>Federico Giuliani envi\u00f3 un mensaje a todas y todos los estatales y las organizaciones de la CTAA de cara a la gran marcha que se realizar\u00e1 el pr\u00f3ximo 24 de marzo, cuando se cumplir\u00e1n 50 a\u00f1os del fat\u00eddico golpe de Estado de la \u00faltima dictadura c\u00edvico militar y eclesi\u00e1stica en Argentina. <img loading=\"lazy\" decoding=\"async\" class=\"alignright wp-image-52946 size-medium\" src=\"https:\/\/atecordoba.org\/wp-content\/uploads\/2026\/03\/WhatsApp-Image-2026-03-18-at-12.29.31-e1773854982884-232x300.jpeg\" alt=\"\" width=\"232\" height=\"300\" srcset=\"https:\/\/atecordoba.org\/wp-content\/uploads\/2026\/03\/WhatsApp-Image-2026-03-18-at-12.29.31-e1773854982884-232x300.jpeg 232w, https:\/\/atecordoba.org\/wp-content\/uploads\/2026\/03\/WhatsApp-Image-2026-03-18-at-12.29.31-e1773854982884.jpeg 720w\" sizes=\"auto, (max-width: 232px) 100vw, 232px\" \/><\/p>\n<p>&#8220;Estamos pr\u00f3ximos a cumplir 50 a\u00f1os de la dictadura, genocida, temeraria y sangrienta, que no solamente vino a acabar con los sue\u00f1os de la mejor generaci\u00f3n que tuvimos, en la perspectiva de construir una patria libre, justa y soberana, sino que vino a instalar el modelo neoliberal que hoy tenemos, un programa de saqueo, de avance sobre los derechos de la clase trabajadora&#8221;, dijo Giuliani.<\/p>\n<p>El dirigente remarc\u00f3 que &#8220;nosotros los 24 tenemos que movilizar, tenemos que demostrarle a este gobierno negacionista que fueron, que son y que ser\u00e1n 30.000 compa\u00f1eras y compa\u00f1eros, presentes, hoy y siempre, por\u00a0 memoria, verdad y justicia. Porque, como dec\u00eda un militante vasco &#8216;si ellos no nos dejan so\u00f1ar con construir una sociedad justa para todas y todos no nos dejemos dormir&#8217;. Vayamos a buscarlos y construyamos que nuestros salvos sean las pesadillas de lo que mandan&#8221;, concluy\u00f3, ante el aplauso general.<\/p>\n<div id='gallery_1' class='gallery galleryid-52943 gallery-columns-3 gallery-size-thumbnail'><figure class='gallery-item'>\n                <div class='gallery-icon portrait'>\n                    <a href='https:\/\/atecordoba.org\/wp-content\/uploads\/2026\/03\/WhatsApp-Image-2026-03-18-at-12.29.35.jpeg'><img loading=\"lazy\" decoding=\"async\" width=\"150\" height=\"150\" src=\"\" class=\"attachment-thumbnail size-thumbnail lazyload\" alt=\"\" data-src=\"https:\/\/atecordoba.org\/wp-content\/uploads\/2026\/03\/WhatsApp-Image-2026-03-18-at-12.29.35-150x150.jpeg\" data-sizes=\"auto\" data-srcset=\"https:\/\/atecordoba.org\/wp-content\/uploads\/2026\/03\/WhatsApp-Image-2026-03-18-at-12.29.35-150x150.jpeg 150w, https:\/\/atecordoba.org\/wp-content\/uploads\/2026\/03\/WhatsApp-Image-2026-03-18-at-12.29.35-560x560.jpeg 560w, https:\/\/atecordoba.org\/wp-content\/uploads\/2026\/03\/WhatsApp-Image-2026-03-18-at-12.29.35-75x75.jpeg 75w, https:\/\/atecordoba.org\/wp-content\/uploads\/2026\/03\/WhatsApp-Image-2026-03-18-at-12.29.35-350x350.jpeg 350w\" data-expand=\"700\" \/><\/a>\n                <\/div><\/figure><figure class='gallery-item'>\n                <div class='gallery-icon portrait'>\n                    <a href='https:\/\/atecordoba.org\/wp-content\/uploads\/2026\/03\/WhatsApp-Image-2026-03-18-at-12.29.24.jpeg'><img loading=\"lazy\" decoding=\"async\" width=\"150\" height=\"150\" src=\"\" class=\"attachment-thumbnail size-thumbnail lazyload\" alt=\"\" data-src=\"https:\/\/atecordoba.org\/wp-content\/uploads\/2026\/03\/WhatsApp-Image-2026-03-18-at-12.29.24-150x150.jpeg\" data-sizes=\"auto\" data-srcset=\"https:\/\/atecordoba.org\/wp-content\/uploads\/2026\/03\/WhatsApp-Image-2026-03-18-at-12.29.24-150x150.jpeg 150w, https:\/\/atecordoba.org\/wp-content\/uploads\/2026\/03\/WhatsApp-Image-2026-03-18-at-12.29.24-560x560.jpeg 560w, https:\/\/atecordoba.org\/wp-content\/uploads\/2026\/03\/WhatsApp-Image-2026-03-18-at-12.29.24-75x75.jpeg 75w, https:\/\/atecordoba.org\/wp-content\/uploads\/2026\/03\/WhatsApp-Image-2026-03-18-at-12.29.24-350x350.jpeg 350w\" data-expand=\"700\" \/><\/a>\n                <\/div><\/figure><figure class='gallery-item'>\n                <div class='gallery-icon landscape'>\n                    <a href='https:\/\/atecordoba.org\/wp-content\/uploads\/2026\/03\/WhatsApp-Image-2026-03-18-at-12.29.25-1.jpeg'><img loading=\"lazy\" decoding=\"async\" width=\"150\" height=\"150\" src=\"\" class=\"attachment-thumbnail size-thumbnail lazyload\" alt=\"\" data-src=\"https:\/\/atecordoba.org\/wp-content\/uploads\/2026\/03\/WhatsApp-Image-2026-03-18-at-12.29.25-1-150x150.jpeg\" data-sizes=\"auto\" data-srcset=\"https:\/\/atecordoba.org\/wp-content\/uploads\/2026\/03\/WhatsApp-Image-2026-03-18-at-12.29.25-1-150x150.jpeg 150w, https:\/\/atecordoba.org\/wp-content\/uploads\/2026\/03\/WhatsApp-Image-2026-03-18-at-12.29.25-1-560x560.jpeg 560w, https:\/\/atecordoba.org\/wp-content\/uploads\/2026\/03\/WhatsApp-Image-2026-03-18-at-12.29.25-1-75x75.jpeg 75w, https:\/\/atecordoba.org\/wp-content\/uploads\/2026\/03\/WhatsApp-Image-2026-03-18-at-12.29.25-1-350x350.jpeg 350w\" data-expand=\"700\" \/><\/a>\n                <\/div><\/figure><br style=\"clear: both\" \/><figure class='gallery-item'>\n                <div class='gallery-icon landscape'>\n                    <a href='https:\/\/atecordoba.org\/wp-content\/uploads\/2026\/03\/WhatsApp-Image-2026-03-18-at-12.29.26-1.jpeg'><img loading=\"lazy\" decoding=\"async\" width=\"150\" height=\"150\" src=\"\" class=\"attachment-thumbnail size-thumbnail lazyload\" alt=\"\" data-src=\"https:\/\/atecordoba.org\/wp-content\/uploads\/2026\/03\/WhatsApp-Image-2026-03-18-at-12.29.26-1-150x150.jpeg\" data-sizes=\"auto\" data-srcset=\"https:\/\/atecordoba.org\/wp-content\/uploads\/2026\/03\/WhatsApp-Image-2026-03-18-at-12.29.26-1-150x150.jpeg 150w, https:\/\/atecordoba.org\/wp-content\/uploads\/2026\/03\/WhatsApp-Image-2026-03-18-at-12.29.26-1-560x560.jpeg 560w, https:\/\/atecordoba.org\/wp-content\/uploads\/2026\/03\/WhatsApp-Image-2026-03-18-at-12.29.26-1-75x75.jpeg 75w, https:\/\/atecordoba.org\/wp-content\/uploads\/2026\/03\/WhatsApp-Image-2026-03-18-at-12.29.26-1-350x350.jpeg 350w\" data-expand=\"700\" \/><\/a>\n                <\/div><\/figure><figure class='gallery-item'>\n                <div class='gallery-icon portrait'>\n                    <a href='https:\/\/atecordoba.org\/wp-content\/uploads\/2026\/03\/WhatsApp-Image-2026-03-18-at-12.29.28.jpeg'><img loading=\"lazy\" decoding=\"async\" width=\"150\" height=\"150\" src=\"\" class=\"attachment-thumbnail size-thumbnail lazyload\" alt=\"\" data-src=\"https:\/\/atecordoba.org\/wp-content\/uploads\/2026\/03\/WhatsApp-Image-2026-03-18-at-12.29.28-150x150.jpeg\" data-sizes=\"auto\" data-srcset=\"https:\/\/atecordoba.org\/wp-content\/uploads\/2026\/03\/WhatsApp-Image-2026-03-18-at-12.29.28-150x150.jpeg 150w, https:\/\/atecordoba.org\/wp-content\/uploads\/2026\/03\/WhatsApp-Image-2026-03-18-at-12.29.28-560x560.jpeg 560w, https:\/\/atecordoba.org\/wp-content\/uploads\/2026\/03\/WhatsApp-Image-2026-03-18-at-12.29.28-75x75.jpeg 75w, https:\/\/atecordoba.org\/wp-content\/uploads\/2026\/03\/WhatsApp-Image-2026-03-18-at-12.29.28-350x350.jpeg 350w\" data-expand=\"700\" \/><\/a>\n                <\/div><\/figure><figure class='gallery-item'>\n                <div class='gallery-icon portrait'>\n                    <a href='https:\/\/atecordoba.org\/wp-content\/uploads\/2026\/03\/WhatsApp-Image-2026-03-18-at-12.29.29-1.jpeg'><img loading=\"lazy\" decoding=\"async\" width=\"150\" height=\"150\" src=\"\" class=\"attachment-thumbnail size-thumbnail lazyload\" alt=\"\" data-src=\"https:\/\/atecordoba.org\/wp-content\/uploads\/2026\/03\/WhatsApp-Image-2026-03-18-at-12.29.29-1-150x150.jpeg\" data-sizes=\"auto\" data-srcset=\"https:\/\/atecordoba.org\/wp-content\/uploads\/2026\/03\/WhatsApp-Image-2026-03-18-at-12.29.29-1-150x150.jpeg 150w, https:\/\/atecordoba.org\/wp-content\/uploads\/2026\/03\/WhatsApp-Image-2026-03-18-at-12.29.29-1-560x560.jpeg 560w, https:\/\/atecordoba.org\/wp-content\/uploads\/2026\/03\/WhatsApp-Image-2026-03-18-at-12.29.29-1-75x75.jpeg 75w, https:\/\/atecordoba.org\/wp-content\/uploads\/2026\/03\/WhatsApp-Image-2026-03-18-at-12.29.29-1-350x350.jpeg 350w\" data-expand=\"700\" \/><\/a>\n                <\/div><\/figure><br style=\"clear: both\" \/><figure class='gallery-item'>\n                <div class='gallery-icon portrait'>\n                    <a href='https:\/\/atecordoba.org\/wp-content\/uploads\/2026\/03\/WhatsApp-Image-2026-03-18-at-12.29.29-2.jpeg'><img loading=\"lazy\" decoding=\"async\" width=\"150\" height=\"150\" src=\"\" class=\"attachment-thumbnail size-thumbnail lazyload\" alt=\"\" data-src=\"https:\/\/atecordoba.org\/wp-content\/uploads\/2026\/03\/WhatsApp-Image-2026-03-18-at-12.29.29-2-150x150.jpeg\" data-sizes=\"auto\" data-srcset=\"https:\/\/atecordoba.org\/wp-content\/uploads\/2026\/03\/WhatsApp-Image-2026-03-18-at-12.29.29-2-150x150.jpeg 150w, https:\/\/atecordoba.org\/wp-content\/uploads\/2026\/03\/WhatsApp-Image-2026-03-18-at-12.29.29-2-560x560.jpeg 560w, https:\/\/atecordoba.org\/wp-content\/uploads\/2026\/03\/WhatsApp-Image-2026-03-18-at-12.29.29-2-75x75.jpeg 75w, https:\/\/atecordoba.org\/wp-content\/uploads\/2026\/03\/WhatsApp-Image-2026-03-18-at-12.29.29-2-350x350.jpeg 350w\" data-expand=\"700\" \/><\/a>\n                <\/div><\/figure><figure class='gallery-item'>\n                <div class='gallery-icon portrait'>\n                    <a href='https:\/\/atecordoba.org\/wp-content\/uploads\/2026\/03\/WhatsApp-Image-2026-03-18-at-12.29.29.jpeg'><img loading=\"lazy\" decoding=\"async\" width=\"150\" height=\"150\" src=\"\" class=\"attachment-thumbnail size-thumbnail lazyload\" alt=\"\" data-src=\"https:\/\/atecordoba.org\/wp-content\/uploads\/2026\/03\/WhatsApp-Image-2026-03-18-at-12.29.29-150x150.jpeg\" data-sizes=\"auto\" data-srcset=\"https:\/\/atecordoba.org\/wp-content\/uploads\/2026\/03\/WhatsApp-Image-2026-03-18-at-12.29.29-150x150.jpeg 150w, https:\/\/atecordoba.org\/wp-content\/uploads\/2026\/03\/WhatsApp-Image-2026-03-18-at-12.29.29-560x560.jpeg 560w, https:\/\/atecordoba.org\/wp-content\/uploads\/2026\/03\/WhatsApp-Image-2026-03-18-at-12.29.29-75x75.jpeg 75w, https:\/\/atecordoba.org\/wp-content\/uploads\/2026\/03\/WhatsApp-Image-2026-03-18-at-12.29.29-350x350.jpeg 350w\" data-expand=\"700\" \/><\/a>\n                <\/div><\/figure><figure class='gallery-item'>\n                <div class='gallery-icon portrait'>\n                    <a href='https:\/\/atecordoba.org\/wp-content\/uploads\/2026\/03\/WhatsApp-Image-2026-03-18-at-12.29.33-1.jpeg'><img loading=\"lazy\" decoding=\"async\" width=\"150\" height=\"150\" src=\"\" class=\"attachment-thumbnail size-thumbnail lazyload\" alt=\"\" data-src=\"https:\/\/atecordoba.org\/wp-content\/uploads\/2026\/03\/WhatsApp-Image-2026-03-18-at-12.29.33-1-150x150.jpeg\" data-sizes=\"auto\" data-srcset=\"https:\/\/atecordoba.org\/wp-content\/uploads\/2026\/03\/WhatsApp-Image-2026-03-18-at-12.29.33-1-150x150.jpeg 150w, https:\/\/atecordoba.org\/wp-content\/uploads\/2026\/03\/WhatsApp-Image-2026-03-18-at-12.29.33-1-560x560.jpeg 560w, https:\/\/atecordoba.org\/wp-content\/uploads\/2026\/03\/WhatsApp-Image-2026-03-18-at-12.29.33-1-75x75.jpeg 75w, https:\/\/atecordoba.org\/wp-content\/uploads\/2026\/03\/WhatsApp-Image-2026-03-18-at-12.29.33-1-350x350.jpeg 350w\" data-expand=\"700\" \/><\/a>\n                <\/div><\/figure><br style=\"clear: both\" \/><figure class='gallery-item'>\n                <div class='gallery-icon portrait'>\n                    <a href='https:\/\/atecordoba.org\/wp-content\/uploads\/2026\/03\/WhatsApp-Image-2026-03-18-at-12.29.33.jpeg'><img loading=\"lazy\" decoding=\"async\" width=\"150\" height=\"150\" src=\"\" class=\"attachment-thumbnail size-thumbnail lazyload\" alt=\"\" data-src=\"https:\/\/atecordoba.org\/wp-content\/uploads\/2026\/03\/WhatsApp-Image-2026-03-18-at-12.29.33-150x150.jpeg\" data-sizes=\"auto\" data-srcset=\"https:\/\/atecordoba.org\/wp-content\/uploads\/2026\/03\/WhatsApp-Image-2026-03-18-at-12.29.33-150x150.jpeg 150w, https:\/\/atecordoba.org\/wp-content\/uploads\/2026\/03\/WhatsApp-Image-2026-03-18-at-12.29.33-560x560.jpeg 560w, https:\/\/atecordoba.org\/wp-content\/uploads\/2026\/03\/WhatsApp-Image-2026-03-18-at-12.29.33-75x75.jpeg 75w, https:\/\/atecordoba.org\/wp-content\/uploads\/2026\/03\/WhatsApp-Image-2026-03-18-at-12.29.33-350x350.jpeg 350w\" data-expand=\"700\" \/><\/a>\n                <\/div><\/figure><figure class='gallery-item'>\n                <div class='gallery-icon portrait'>\n                    <a href='https:\/\/atecordoba.org\/wp-content\/uploads\/2026\/03\/WhatsApp-Image-2026-03-18-at-12.29.35-1.jpeg'><img loading=\"lazy\" decoding=\"async\" width=\"150\" height=\"150\" src=\"\" class=\"attachment-thumbnail size-thumbnail lazyload\" alt=\"\" data-src=\"https:\/\/atecordoba.org\/wp-content\/uploads\/2026\/03\/WhatsApp-Image-2026-03-18-at-12.29.35-1-150x150.jpeg\" data-sizes=\"auto\" data-srcset=\"https:\/\/atecordoba.org\/wp-content\/uploads\/2026\/03\/WhatsApp-Image-2026-03-18-at-12.29.35-1-150x150.jpeg 150w, https:\/\/atecordoba.org\/wp-content\/uploads\/2026\/03\/WhatsApp-Image-2026-03-18-at-12.29.35-1-560x560.jpeg 560w, https:\/\/atecordoba.org\/wp-content\/uploads\/2026\/03\/WhatsApp-Image-2026-03-18-at-12.29.35-1-75x75.jpeg 75w, https:\/\/atecordoba.org\/wp-content\/uploads\/2026\/03\/WhatsApp-Image-2026-03-18-at-12.29.35-1-350x350.jpeg 350w\" data-expand=\"700\" \/><\/a>\n                <\/div><\/figure><figure class='gallery-item'>\n                <div class='gallery-icon landscape'>\n                    <a href='https:\/\/atecordoba.org\/wp-content\/uploads\/2026\/03\/WhatsApp-Image-2026-03-18-at-12.29.35-3.jpeg'><img loading=\"lazy\" decoding=\"async\" width=\"150\" height=\"150\" src=\"\" class=\"attachment-thumbnail size-thumbnail lazyload\" alt=\"\" data-src=\"https:\/\/atecordoba.org\/wp-content\/uploads\/2026\/03\/WhatsApp-Image-2026-03-18-at-12.29.35-3-150x150.jpeg\" data-sizes=\"auto\" data-srcset=\"https:\/\/atecordoba.org\/wp-content\/uploads\/2026\/03\/WhatsApp-Image-2026-03-18-at-12.29.35-3-150x150.jpeg 150w, https:\/\/atecordoba.org\/wp-content\/uploads\/2026\/03\/WhatsApp-Image-2026-03-18-at-12.29.35-3-560x560.jpeg 560w, https:\/\/atecordoba.org\/wp-content\/uploads\/2026\/03\/WhatsApp-Image-2026-03-18-at-12.29.35-3-75x75.jpeg 75w, https:\/\/atecordoba.org\/wp-content\/uploads\/2026\/03\/WhatsApp-Image-2026-03-18-at-12.29.35-3-350x350.jpeg 350w\" data-expand=\"700\" \/><\/a>\n                <\/div><\/figure><br style=\"clear: both\" \/>\n            <\/div>\n\n","protected":false},"excerpt":{"rendered":"<p>Frente al ajuste de la motosierra de Milei, que arrasa con los programas de empleo, y ante las amenazas del cierre de las agencias territoriales de la Secretar\u00eda de Trabajo de la Naci\u00f3n en las provincias, ATE y la CTA Aut\u00f3noma se concentraron en las oficinas de cartera laboral en C\u00f3rdoba, para repudiar las pol\u00edticas [&hellip;]<\/p>\n","protected":false},"author":7,"featured_media":52944,"comment_status":"open","ping_status":"open","sticky":false,"template":"","format":"standard","meta":{"_exactmetrics_skip_tracking":false,"_exactmetrics_sitenote_active":false,"_exactmetrics_sitenote_note":"","_exactmetrics_sitenote_category":0,"jnews-multi-image_gallery":[],"jnews_single_post":{"format":"standard","override":[{"template":"1","parallax":"1","fullscreen":"1","layout":"no-sidebar-narrow","sidebar":"default-sidebar","second_sidebar":"default-sidebar","sticky_sidebar":"1","share_position":"bottom","share_float_style":"share-monocrhome","show_share_counter":"1","show_view_counter":"1","show_post_meta":"1","show_post_author_image":"1","show_post_date":"1","post_date_format":"default","post_date_format_custom":"Y\/m\/d","show_post_category":"1","show_post_reading_time":"0","post_reading_time_wpm":"300","post_calculate_word_method":"str_word_count","show_zoom_button":"0","zoom_button_out_step":"2","zoom_button_in_step":"3","show_post_tag":"1","number_popup_post":"1","show_post_related":"1","show_inline_post_related":"0"}],"image_override":[{"single_post_thumbnail_size":"crop-500","single_post_gallery_size":"crop-500"}],"trending_post_position":"meta","trending_post_label":"Trending","sponsored_post_label":"Sponsored by","disable_ad":"0"},"jnews_primary_category":[],"jnews_social_meta":[],"jnews_review":[],"enable_review":"","type":"percentage","name":"","summary":"","brand":"","sku":"","good":[],"bad":[],"score_override":"","override_value":"","rating":[],"price":[],"jnews_override_counter":{"view_counter_number":"0","share_counter_number":"0","like_counter_number":"0","dislike_counter_number":"0"},"jnews_post_split":{"post_split":[{"template":"1","tag":"h2","numbering":"asc","mode":"normal","first":"0","enable_toc":"0","toc_type":"normal"}]},"footnotes":""},"categories":[341],"tags":[],"class_list":["post-52943","post","type-post","status-publish","format-standard","has-post-thumbnail","hentry","category-cdp"],"jetpack_featured_media_url":"https:\/\/atecordoba.org\/wp-content\/uploads\/2026\/03\/WhatsApp-Image-2026-03-18-at-12.29.34-2.jpeg","_links":{"self":[{"href":"https:\/\/atecordoba.org\/index.php?rest_route=\/wp\/v2\/posts\/52943","targetHints":{"allow":["GET"]}}],"collection":[{"href":"https:\/\/atecordoba.org\/index.php?rest_route=\/wp\/v2\/posts"}],"about":[{"href":"https:\/\/atecordoba.org\/index.php?rest_route=\/wp\/v2\/types\/post"}],"author":[{"embeddable":true,"href":"https:\/\/atecordoba.org\/index.php?rest_route=\/wp\/v2\/users\/7"}],"replies":[{"embeddable":true,"href":"https:\/\/atecordoba.org\/index.php?rest_route=%2Fwp%2Fv2%2Fcomments&post=52943"}],"version-history":[{"count":3,"href":"https:\/\/atecordoba.org\/index.php?rest_route=\/wp\/v2\/posts\/52943\/revisions"}],"predecessor-version":[{"id":52963,"href":"https:\/\/atecordoba.org\/index.php?rest_route=\/wp\/v2\/posts\/52943\/revisions\/52963"}],"wp:featuredmedia":[{"embeddable":true,"href":"https:\/\/atecordoba.org\/index.php?rest_route=\/wp\/v2\/media\/52944"}],"wp:attachment":[{"href":"https:\/\/atecordoba.org\/index.php?rest_route=%2Fwp%2Fv2%2Fmedia&parent=52943"}],"wp:term":[{"taxonomy":"category","embeddable":true,"href":"https:\/\/atecordoba.org\/index.php?rest_route=%2Fwp%2Fv2%2Fcategories&post=52943"},{"taxonomy":"post_tag","embeddable":true,"href":"https:\/\/atecordoba.org\/index.php?rest_route=%2Fwp%2Fv2%2Ftags&post=52943"}],"curies":[{"name":"wp","href":"https:\/\/api.w.org\/{rel}","templated":true}]}}