{"id":52931,"date":"2026-03-17T12:33:30","date_gmt":"2026-03-17T15:33:30","guid":{"rendered":"https:\/\/atecordoba.org\/?p=52931"},"modified":"2026-03-17T12:33:30","modified_gmt":"2026-03-17T15:33:30","slug":"secretaria-de-trabajo-jornada-provincial-de-lucha-de-ate-y-la-cta-por-el-cierre-confirmado-del-programa-volver-al-trabajo-y-ante-el-riesgo-de-la-clausura-de-la-agencia-territorial-cordoba","status":"publish","type":"post","link":"https:\/\/atecordoba.org\/?p=52931","title":{"rendered":"Secretaria de Trabajo: Jornada Provincial de Lucha de ATE y la CTA por el cierre confirmado del programa &#8220;Volver al Trabajo&#8221; y ante el riesgo de la clausura de la Agencia Territorial C\u00f3rdoba"},"content":{"rendered":"<p><img loading=\"lazy\" decoding=\"async\" class=\"aligncenter wp-image-52932 \" src=\"https:\/\/atecordoba.org\/wp-content\/uploads\/2026\/03\/WhatsApp-Image-2026-03-17-at-10.28.02-819x1024.jpeg\" alt=\"\" width=\"633\" height=\"792\" \/>Ma\u00f1ana 18 de marzo ATE y la CTAA realizaremos conjuntamente una Jornada Provincial de Lucha con mate cocido y radio abierta para visibilizar la grave situaci\u00f3n que atraviesan las y los trabajadores de la Agencia Territorial C\u00f3rdoba, ante las fuertes versiones sobre el cierre de la dependencia.<\/p>\n<p>Adem\u00e1s, el Gobierno de Milei confirm\u00f3 via comunicaci\u00f3n oficial el cierre del programa de apoyo laboral &#8220;Volver al Trabajo&#8221;, anteriormente denominado Potenciar Trabajo.<\/p>\n<p>Bajo la consigna &#8220;El hambre y los despidos no se negocian&#8221;, las y los estatales nos concentramos para defender los puestos laborales, las pol\u00edticas p\u00fablicas y los derechos de quienes hoy est\u00e1n siendo golpeados por el ajuste. La convocatoria es frente a la sede de la Secretaria de Trabajo de la Naci\u00f3n, 27 de Abril 351, a partir de las 10 horas.<\/p>\n<p>&nbsp;<\/p>\n","protected":false},"excerpt":{"rendered":"<p>Ma\u00f1ana 18 de marzo ATE y la CTAA realizaremos conjuntamente una Jornada Provincial de Lucha con mate cocido y radio abierta para visibilizar la grave situaci\u00f3n que atraviesan las y los trabajadores de la Agencia Territorial C\u00f3rdoba, ante las fuertes versiones sobre el cierre de la dependencia. Adem\u00e1s, el Gobierno de Milei confirm\u00f3 via comunicaci\u00f3n [&hellip;]<\/p>\n","protected":false},"author":7,"featured_media":52932,"comment_status":"open","ping_status":"open","sticky":false,"template":"","format":"standard","meta":{"_exactmetrics_skip_tracking":false,"_exactmetrics_sitenote_active":false,"_exactmetrics_sitenote_note":"","_exactmetrics_sitenote_category":0,"jnews-multi-image_gallery":[],"jnews_single_post":[],"jnews_primary_category":[],"jnews_social_meta":[],"jnews_review":[],"enable_review":"","type":"","name":"","summary":"","brand":"","sku":"","good":[],"bad":[],"score_override":"","override_value":"","rating":[],"price":[],"jnews_override_counter":[],"jnews_post_split":[],"footnotes":""},"categories":[92,18],"tags":[],"class_list":["post-52931","post","type-post","status-publish","format-standard","has-post-thumbnail","hentry","category-cta","category-nacionales"],"jetpack_featured_media_url":"https:\/\/atecordoba.org\/wp-content\/uploads\/2026\/03\/WhatsApp-Image-2026-03-17-at-10.28.02-e1773761603224.jpeg","_links":{"self":[{"href":"https:\/\/atecordoba.org\/index.php?rest_route=\/wp\/v2\/posts\/52931","targetHints":{"allow":["GET"]}}],"collection":[{"href":"https:\/\/atecordoba.org\/index.php?rest_route=\/wp\/v2\/posts"}],"about":[{"href":"https:\/\/atecordoba.org\/index.php?rest_route=\/wp\/v2\/types\/post"}],"author":[{"embeddable":true,"href":"https:\/\/atecordoba.org\/index.php?rest_route=\/wp\/v2\/users\/7"}],"replies":[{"embeddable":true,"href":"https:\/\/atecordoba.org\/index.php?rest_route=%2Fwp%2Fv2%2Fcomments&post=52931"}],"version-history":[{"count":1,"href":"https:\/\/atecordoba.org\/index.php?rest_route=\/wp\/v2\/posts\/52931\/revisions"}],"predecessor-version":[{"id":52933,"href":"https:\/\/atecordoba.org\/index.php?rest_route=\/wp\/v2\/posts\/52931\/revisions\/52933"}],"wp:featuredmedia":[{"embeddable":true,"href":"https:\/\/atecordoba.org\/index.php?rest_route=\/wp\/v2\/media\/52932"}],"wp:attachment":[{"href":"https:\/\/atecordoba.org\/index.php?rest_route=%2Fwp%2Fv2%2Fmedia&parent=52931"}],"wp:term":[{"taxonomy":"category","embeddable":true,"href":"https:\/\/atecordoba.org\/index.php?rest_route=%2Fwp%2Fv2%2Fcategories&post=52931"},{"taxonomy":"post_tag","embeddable":true,"href":"https:\/\/atecordoba.org\/index.php?rest_route=%2Fwp%2Fv2%2Ftags&post=52931"}],"curies":[{"name":"wp","href":"https:\/\/api.w.org\/{rel}","templated":true}]}}