{"id":5292,"date":"2015-05-20T16:47:38","date_gmt":"2015-05-20T19:47:38","guid":{"rendered":"http:\/\/www.atecordoba.org\/?p=5292"},"modified":"2015-05-20T16:47:38","modified_gmt":"2015-05-20T19:47:38","slug":"trabajadores-del-ministerio-de-desarrollo-social-de-la-nacion-salen-a-la-calle-en-cordoba","status":"publish","type":"post","link":"https:\/\/atecordoba.org\/?p=5292","title":{"rendered":"Trabajadores del Ministerio de Desarrollo Social de la Naci\u00f3n salen a la calle en C\u00f3rdoba"},"content":{"rendered":"<p><em>Ante la constante falta de respuestas a los reclamos de ATE para el pase a planta permanente de los precarizados y por mejoras en las condiciones laborales, los trabajadores del Centro de Referencia, dependiente de la cartera de Desarrollo Social, a cargo en la provincia de Jos\u00e9 Luis Bianchi, realizar\u00e1n ma\u00f1ana una asamblea con corte de calle frente a la sede del organismo, Fragueiro 371, desde las 11 horas.<\/em><\/p>\n<p><a href=\"http:\/\/www.atecordoba.org\/wp-content\/uploads\/2015\/05\/1441188_10152665445748452_1490420446_n-e1432150346428.jpg\"><img loading=\"lazy\" decoding=\"async\" alt=\"1441188_10152665445748452_1490420446_n\" height=\"413\" src=\"http:\/\/www.atecordoba.org\/wp-content\/uploads\/2015\/05\/1441188_10152665445748452_1490420446_n-e1432150346428.jpg\" width=\"550\" class=\"aligncenter size-full wp-image-5293\"><\/a><\/p>\n<p>Los reclamos por pase a planta de los monotributistas y contratados, asi como por las inclementes condiciones de trabajo (falta de espacio f\u00edsico, insumos, mobiliario y medidas seguridad) se extienden desde hace tiempo.<\/p>\n<p>Actualmente en C\u00f3rdoba hay 131 trabajadores distribuidos en&nbsp; los diferentes programas que ejecuta dicho Ministerio, de los cuales solo uno es de planta y el resto son contratados y monotributistas, algunos de ellos con m\u00e1s de 15 a\u00f1os de antig\u00fcedad en en condiciones&nbsp;de precariedad laboral.<\/p>\n<p>&#8220;Esta situaci\u00f3n denota un total incumplimiento de lo establecido en el Convenio Colectivo de Trabajo que en su Dto. N\u00b0 214\/2006 marca que el personal contratado no puede exceder el 15% de la planta permanente del organismo.&nbsp;Cabe aclarar que el art\u00edculo 9 de la ley N\u00b0 25.164 (ley marco de regulaci\u00f3n de empleo p\u00fablico), fija esta modalidad de contrataci\u00f3n para tareas transitorias o estacionales&#8221;, dijo Ricardo Reyna, delegado de ATE del sector .<\/p>\n<p>Se trata de contratos anuales y es la modalidad preferida por nuestro Estado Nacional a los fines de incorporar personal, luego de que en los a\u00f1os 90 se congelaran las vacantes de puestos de planta permanente por una ley de emergencia. Esta modalidad no contiene la estabilidad, ya que pueden ser removidos cuando vence el contrato, contrariando lo establecido por la Constituci\u00f3n Nacional respecto a la estabilidad del empleado p\u00fablico.<\/p>\n<p>La soluci\u00f3n planteada este a\u00f1o por el Ministerio fue la apertura de concursos para cubrir 1028 vacantes; actualmente est\u00e1n en proceso de concurso los primeras 535 cargos. Esta medida resulta insuficiente en virtud de que este Ministerio cuenta con m\u00e1s de 6000 contratados distribuidos en todo el pa\u00eds; adem\u00e1s, es injusta e discriminatoria ya que estos cargos a concursar son para la Ciudad de Buenos Aires, quedando relegados y en inferioridad de condiciones los trabajadores del interior del pa\u00eds, como el caso de C\u00f3rdoba.<\/p>\n<p style=\"text-align: right;\">\n","protected":false},"excerpt":{"rendered":"<p>Ante la constante falta de respuestas a los reclamos de ATE para el pase a planta permanente de los precarizados y por mejoras en las condiciones laborales, los trabajadores del Centro de Referencia, dependiente de la cartera de Desarrollo Social, a cargo en la provincia de Jos\u00e9 Luis Bianchi, realizar\u00e1n ma\u00f1ana una asamblea con corte [&hellip;]<\/p>\n","protected":false},"author":1,"featured_media":19220,"comment_status":"open","ping_status":"open","sticky":false,"template":"","format":"standard","meta":{"_exactmetrics_skip_tracking":false,"_exactmetrics_sitenote_active":false,"_exactmetrics_sitenote_note":"","_exactmetrics_sitenote_category":0,"jnews-multi-image_gallery":[],"jnews_single_post":[],"jnews_primary_category":[],"jnews_social_meta":[],"jnews_review":[],"enable_review":"","type":"","name":"","summary":"","brand":"","sku":"","good":[],"bad":[],"score_override":"","override_value":"","rating":[],"price":[],"jnews_override_counter":[],"jnews_post_split":[],"footnotes":""},"categories":[113,18],"tags":[],"class_list":["post-5292","post","type-post","status-publish","format-standard","has-post-thumbnail","hentry","category-desarrollo-social-nacion","category-nacionales"],"jetpack_featured_media_url":"https:\/\/atecordoba.org\/wp-content\/uploads\/2020\/05\/logo-nuevochico-e1561581322808.png","_links":{"self":[{"href":"https:\/\/atecordoba.org\/index.php?rest_route=\/wp\/v2\/posts\/5292","targetHints":{"allow":["GET"]}}],"collection":[{"href":"https:\/\/atecordoba.org\/index.php?rest_route=\/wp\/v2\/posts"}],"about":[{"href":"https:\/\/atecordoba.org\/index.php?rest_route=\/wp\/v2\/types\/post"}],"author":[{"embeddable":true,"href":"https:\/\/atecordoba.org\/index.php?rest_route=\/wp\/v2\/users\/1"}],"replies":[{"embeddable":true,"href":"https:\/\/atecordoba.org\/index.php?rest_route=%2Fwp%2Fv2%2Fcomments&post=5292"}],"version-history":[{"count":0,"href":"https:\/\/atecordoba.org\/index.php?rest_route=\/wp\/v2\/posts\/5292\/revisions"}],"wp:featuredmedia":[{"embeddable":true,"href":"https:\/\/atecordoba.org\/index.php?rest_route=\/wp\/v2\/media\/19220"}],"wp:attachment":[{"href":"https:\/\/atecordoba.org\/index.php?rest_route=%2Fwp%2Fv2%2Fmedia&parent=5292"}],"wp:term":[{"taxonomy":"category","embeddable":true,"href":"https:\/\/atecordoba.org\/index.php?rest_route=%2Fwp%2Fv2%2Fcategories&post=5292"},{"taxonomy":"post_tag","embeddable":true,"href":"https:\/\/atecordoba.org\/index.php?rest_route=%2Fwp%2Fv2%2Ftags&post=5292"}],"curies":[{"name":"wp","href":"https:\/\/api.w.org\/{rel}","templated":true}]}}