{"id":52913,"date":"2026-03-16T14:59:17","date_gmt":"2026-03-16T17:59:17","guid":{"rendered":"https:\/\/atecordoba.org\/?p=52913"},"modified":"2026-03-17T09:42:30","modified_gmt":"2026-03-17T12:42:30","slug":"a-pesar-del-negacionismo-de-milei-ate-celebra-la-identificacion-en-cordoba-de-12-companeros-as-desaparecidos-as","status":"publish","type":"post","link":"https:\/\/atecordoba.org\/?p=52913","title":{"rendered":"A pesar del negacionismo de Milei: ATE celebra la identificaci\u00f3n en C\u00f3rdoba de 12 compa\u00f1eros\/as desaparecidos\/as"},"content":{"rendered":"<p><img loading=\"lazy\" decoding=\"async\" class=\"aligncenter wp-image-52914 \" src=\"https:\/\/atecordoba.org\/wp-content\/uploads\/2026\/03\/eaaf-1024x683.jpg\" alt=\"\" width=\"638\" height=\"425\" srcset=\"https:\/\/atecordoba.org\/wp-content\/uploads\/2026\/03\/eaaf-1024x683.jpg 1024w, https:\/\/atecordoba.org\/wp-content\/uploads\/2026\/03\/eaaf-300x200.jpg 300w, https:\/\/atecordoba.org\/wp-content\/uploads\/2026\/03\/eaaf-768x512.jpg 768w, https:\/\/atecordoba.org\/wp-content\/uploads\/2026\/03\/eaaf-750x500.jpg 750w, https:\/\/atecordoba.org\/wp-content\/uploads\/2026\/03\/eaaf-1140x760.jpg 1140w, https:\/\/atecordoba.org\/wp-content\/uploads\/2026\/03\/eaaf.jpg 1200w\" sizes=\"auto, (max-width: 638px) 100vw, 638px\" \/>El Consejo Directivo Provincial celebra un nuevo avance en las causas de delitos de lesa humanidad en C\u00f3rdoba, con la identificaci\u00f3n por parte de la Justicia Federal de 12 compa\u00f1eros y compa\u00f1eras desaparecidas en el Centro Clandestino de Tortura y Muerte &#8216;La Perla&#8217;.<\/p>\n<p>Se trata de los restos de 12 asesinados por la dictadura c\u00edvico-militar y eclesi\u00e1stica, que tuvo en el multicondenado a prisi\u00f3n perpetua Luciano Benjam\u00edn Men\u00e9ndez la cabeza del m\u00e1s siniestro plan de ejecuci\u00f3n del terrorismo de Estado que se tenga memoria en el pa\u00eds.<\/p>\n<p>Estos nuevos 12 cuerpos identificados en la zona Loma del Torito permitir\u00e1n a las familias, los deudos y amigos recuperar al menos la tranquilidad de velar a sus muertos, derecho humano fundamental violado por la dictadura, al dar car\u00e1cter clandestino al genocidio que implement\u00f3 contra su propio pueblo.<\/p>\n<p>Valoramos el trabajo encomiable del Juzgado Federal N\u00ba3, a cargo de Miguel Hugo Vaca Narvaja, para alcanzar este logro, destacando su compromiso, rigurosidad y humanidad, de la misma manera que en otra oportunidades hemos cuestionado la inacci\u00f3n judicial ante el reclamo de justicia de las familias de la v\u00edctimas del genocidio. <img loading=\"lazy\" decoding=\"async\" class=\"aligncenter wp-image-52915 \" src=\"https:\/\/atecordoba.org\/wp-content\/uploads\/2026\/03\/eaaf2.jpg\" alt=\"\" width=\"617\" height=\"411\" srcset=\"https:\/\/atecordoba.org\/wp-content\/uploads\/2026\/03\/eaaf2.jpg 921w, https:\/\/atecordoba.org\/wp-content\/uploads\/2026\/03\/eaaf2-300x200.jpg 300w, https:\/\/atecordoba.org\/wp-content\/uploads\/2026\/03\/eaaf2-768x512.jpg 768w, https:\/\/atecordoba.org\/wp-content\/uploads\/2026\/03\/eaaf2-750x500.jpg 750w\" sizes=\"auto, (max-width: 617px) 100vw, 617px\" \/><\/p>\n<p>Por los perfiles de las v\u00edctimas identificadas, hoy se puede comprobar una vez m\u00e1s que en alto porcentaje las personas que sufrieron la tortura y la muerte en los centros clandestinos eran trabajadores, obreros y dirigentes de base que expresaban las reivindicaciones de la clase trabajadora.<\/p>\n<p>En ese marco, ATE convoc\u00f3 a la compa\u00f1era Nora Cendra, trabajadora jubilada de la salud p\u00fablica y ex presa pol\u00edtica, que cumpli\u00f3 funciones en el hospital Santa Mar\u00eda de Punilla e integr\u00f3 la conducci\u00f3n de dicha seccional, para que aporte sus reflexiones en torno a este momento de gran importancia para la memoria, la verdad y la justicia, sobre todo atento que en pocos d\u00edas el pueblo argentino va a conmemorar, con marchas masivas en todo el pa\u00eds, el 50\u00ba aniversario del golpe de estado de 1976.<\/p>\n<h5>Los n\u00fameros de Nora<\/h5>\n<p>El hallazgo de los restos de 12 personas en Loma del Torito, ubicado dentro del predio del ex campo de exterminio La Perla, nos lleva a reflexionar sobre varias cuestiones.<\/p>\n<ul>\n<li>Primero, no fueron simples excesos los asesinatos cometidos por la dictadura c\u00edvico-militar eclesi\u00e1stica de 1976. Fue un plan espec\u00edficamente delineado para exterminar una parte de la poblaci\u00f3n que ofrec\u00eda un modelo de pa\u00eds muy alejado de las pretensiones de los m\u00e1ximos poderes.<\/li>\n<li>Segundo, el plan sistem\u00e1tico de represi\u00f3n clandestino no fue dirigido solo hacia las organizaciones armadas. Su acci\u00f3n de terror y exterminio se extendi\u00f3 a todos aquellos que propiciaran ideolog\u00eda contraria a la dictadura. Esto inclu\u00eda a cooperativas, estudiantes cr\u00edticos, trabajadores rebeldes y, fundamentalmente, de los trabajadores organizados, aquellos con conciencia de clase que a trav\u00e9s de los sindicatos representaban a gran cantidad de personas.<\/li>\n<li>Tercero, no fue un terror implementado solo por militares. Hubo conspiradores civiles que llevaron nombres de los denominados rebeldes al m\u00e1ximo representante del tercer cuerpo de ej\u00e9rcito ac\u00e1 en C\u00f3rdoba, Luciano Benjam\u00edn Men\u00e9ndez. Entre ellos contamos, solo por nombrar a alguno, a Tr\u00e1nsito Rigatuso, que extendi\u00f3 a Men\u00e9ndez una lista de todos los estudiantes rebeldes pertenecientes al Colegio Superior Manuel Belgrano, dejando como saldo m\u00e1s de de 20 desaparecidos y desaparecidas.<img loading=\"lazy\" decoding=\"async\" class=\"aligncenter wp-image-52916 \" src=\"https:\/\/atecordoba.org\/wp-content\/uploads\/2026\/03\/nora-cendra-1024x470.jpg\" alt=\"\" width=\"614\" height=\"282\" srcset=\"https:\/\/atecordoba.org\/wp-content\/uploads\/2026\/03\/nora-cendra-1024x470.jpg 1024w, https:\/\/atecordoba.org\/wp-content\/uploads\/2026\/03\/nora-cendra-300x138.jpg 300w, https:\/\/atecordoba.org\/wp-content\/uploads\/2026\/03\/nora-cendra-768x352.jpg 768w, https:\/\/atecordoba.org\/wp-content\/uploads\/2026\/03\/nora-cendra-750x344.jpg 750w, https:\/\/atecordoba.org\/wp-content\/uploads\/2026\/03\/nora-cendra-1140x523.jpg 1140w, https:\/\/atecordoba.org\/wp-content\/uploads\/2026\/03\/nora-cendra.jpg 1411w\" sizes=\"auto, (max-width: 614px) 100vw, 614px\" \/><\/li>\n<li>Cuarto, el accionar y las demandas de las organizaciones de derechos humanos fue sucesivamente acallado y cajoneado por la justicia durante a\u00f1os, no solo de C\u00f3rdoba, sino de todo el pa\u00eds. Hoy a trav\u00e9s del juez que toma la causa en sus manos avanzamos en lo que debi\u00f3 haberse hecho ya hace tiempo. Celebramos que se haga ahora.<\/li>\n<li>Quinto, esto demuestra que el pacto de silencio en cuanto al destino de los desaparecidos sigue vigente y lo evidencia la cantidad de hijos, de nietos, de desaparecidos que a\u00fan falta encontrar.<\/li>\n<\/ul>\n<p>La finalidad de todo el proceso de terror, tortura y muerte ten\u00eda un fin espec\u00edfico y claro: el econ\u00f3mico. Se trataba de achicar el Estado para agrandar la naci\u00f3n, como sol\u00eda decir el jefe civil de la dictadura Mart\u00ednez de Hoz, de cambiar la mentalidad social desde la solidaridad hacia una conducta m individualista.<\/p>\n<p>Se trataba tambi\u00e9n de desindustrializar el pa\u00eds y ajustarse a la pol\u00edtica de endeudamiento del Fondo Monetario Internacional y otras organizaciones bancarias extranjeras. Para eso se impuso el desempleo y el temor para disciplinar la sociedad. Abriendo las importaciones se atac\u00f3 la producci\u00f3n de riqueza nacional,\u00a0 al tiempo que se implementaron procesos de privatizaciones.<\/p>\n<p>Hoy ese mismo proceso econ\u00f3mico no necesita de militares ni armas, sino de un gobierno que no tenga en cuenta el Congreso, que vete leyes indispensables, que haga de la pol\u00edtica una gran subasta de votos parlamentarios para conseguir sus fines.<\/p>\n<p>Por eso podemos concluir que la finalidad del gobierno actual se emparenta siniestramente con la dictadura m\u00e1s terrible que vivi\u00f3 la argentina reciente. Milei, Mart\u00ednez de Hoz y todos sus s\u00e9quitos, se emparentan en la historia nacional.<\/p>\n","protected":false},"excerpt":{"rendered":"<p>El Consejo Directivo Provincial celebra un nuevo avance en las causas de delitos de lesa humanidad en C\u00f3rdoba, con la identificaci\u00f3n por parte de la Justicia Federal de 12 compa\u00f1eros y compa\u00f1eras desaparecidas en el Centro Clandestino de Tortura y Muerte &#8216;La Perla&#8217;. Se trata de los restos de 12 asesinados por la dictadura c\u00edvico-militar [&hellip;]<\/p>\n","protected":false},"author":7,"featured_media":52915,"comment_status":"open","ping_status":"open","sticky":false,"template":"","format":"standard","meta":{"_exactmetrics_skip_tracking":false,"_exactmetrics_sitenote_active":false,"_exactmetrics_sitenote_note":"","_exactmetrics_sitenote_category":0,"jnews-multi-image_gallery":[],"jnews_single_post":{"format":"standard","override":[{"template":"1","parallax":"1","fullscreen":"1","layout":"no-sidebar-narrow","sidebar":"default-sidebar","second_sidebar":"default-sidebar","sticky_sidebar":"1","share_position":"bottom","share_float_style":"share-monocrhome","show_share_counter":"1","show_view_counter":"1","show_post_meta":"1","show_post_author_image":"1","show_post_date":"1","post_date_format":"default","post_date_format_custom":"Y\/m\/d","show_post_category":"1","show_post_reading_time":"0","post_reading_time_wpm":"300","post_calculate_word_method":"str_word_count","show_zoom_button":"0","zoom_button_out_step":"2","zoom_button_in_step":"3","show_post_tag":"1","number_popup_post":"1","show_post_related":"1","show_inline_post_related":"0"}],"image_override":[{"single_post_thumbnail_size":"crop-500","single_post_gallery_size":"crop-500"}],"trending_post_position":"meta","trending_post_label":"Trending","sponsored_post_label":"Sponsored by","disable_ad":"0"},"jnews_primary_category":[],"jnews_social_meta":[],"jnews_review":[],"enable_review":"","type":"percentage","name":"","summary":"","brand":"","sku":"","good":[],"bad":[],"score_override":"","override_value":"","rating":[],"price":[],"jnews_override_counter":{"view_counter_number":"0","share_counter_number":"0","like_counter_number":"0","dislike_counter_number":"0"},"jnews_post_split":{"post_split":[{"template":"1","tag":"h2","numbering":"asc","mode":"normal","first":"0","enable_toc":"0","toc_type":"normal"}]},"footnotes":""},"categories":[122],"tags":[],"class_list":["post-52913","post","type-post","status-publish","format-standard","has-post-thumbnail","hentry","category-ddhh"],"jetpack_featured_media_url":"https:\/\/atecordoba.org\/wp-content\/uploads\/2026\/03\/eaaf2.jpg","_links":{"self":[{"href":"https:\/\/atecordoba.org\/index.php?rest_route=\/wp\/v2\/posts\/52913","targetHints":{"allow":["GET"]}}],"collection":[{"href":"https:\/\/atecordoba.org\/index.php?rest_route=\/wp\/v2\/posts"}],"about":[{"href":"https:\/\/atecordoba.org\/index.php?rest_route=\/wp\/v2\/types\/post"}],"author":[{"embeddable":true,"href":"https:\/\/atecordoba.org\/index.php?rest_route=\/wp\/v2\/users\/7"}],"replies":[{"embeddable":true,"href":"https:\/\/atecordoba.org\/index.php?rest_route=%2Fwp%2Fv2%2Fcomments&post=52913"}],"version-history":[{"count":4,"href":"https:\/\/atecordoba.org\/index.php?rest_route=\/wp\/v2\/posts\/52913\/revisions"}],"predecessor-version":[{"id":52920,"href":"https:\/\/atecordoba.org\/index.php?rest_route=\/wp\/v2\/posts\/52913\/revisions\/52920"}],"wp:featuredmedia":[{"embeddable":true,"href":"https:\/\/atecordoba.org\/index.php?rest_route=\/wp\/v2\/media\/52915"}],"wp:attachment":[{"href":"https:\/\/atecordoba.org\/index.php?rest_route=%2Fwp%2Fv2%2Fmedia&parent=52913"}],"wp:term":[{"taxonomy":"category","embeddable":true,"href":"https:\/\/atecordoba.org\/index.php?rest_route=%2Fwp%2Fv2%2Fcategories&post=52913"},{"taxonomy":"post_tag","embeddable":true,"href":"https:\/\/atecordoba.org\/index.php?rest_route=%2Fwp%2Fv2%2Ftags&post=52913"}],"curies":[{"name":"wp","href":"https:\/\/api.w.org\/{rel}","templated":true}]}}