{"id":52904,"date":"2026-03-16T11:59:59","date_gmt":"2026-03-16T14:59:59","guid":{"rendered":"https:\/\/atecordoba.org\/?p=52904"},"modified":"2026-03-16T12:03:33","modified_gmt":"2026-03-16T15:03:33","slug":"cierre-de-programas-laborales-jornada-de-lucha-y-radio-abierta-frente-a-la-secretaria-de-trabajo","status":"publish","type":"post","link":"https:\/\/atecordoba.org\/?p=52904","title":{"rendered":"Cierre de programas laborales: Jornada de Lucha y radio abierta frente a la Secretaria de Trabajo"},"content":{"rendered":"<p><img loading=\"lazy\" decoding=\"async\" class=\"alignleft wp-image-52905 \" src=\"https:\/\/atecordoba.org\/wp-content\/uploads\/2026\/03\/WhatsApp-Image-2026-03-16-at-08.08.59-1-819x1024.jpeg\" alt=\"\" width=\"378\" height=\"473\" srcset=\"https:\/\/atecordoba.org\/wp-content\/uploads\/2026\/03\/WhatsApp-Image-2026-03-16-at-08.08.59-1-819x1024.jpeg 819w, https:\/\/atecordoba.org\/wp-content\/uploads\/2026\/03\/WhatsApp-Image-2026-03-16-at-08.08.59-1-240x300.jpeg 240w, https:\/\/atecordoba.org\/wp-content\/uploads\/2026\/03\/WhatsApp-Image-2026-03-16-at-08.08.59-1-768x960.jpeg 768w, https:\/\/atecordoba.org\/wp-content\/uploads\/2026\/03\/WhatsApp-Image-2026-03-16-at-08.08.59-1-750x938.jpeg 750w, https:\/\/atecordoba.org\/wp-content\/uploads\/2026\/03\/WhatsApp-Image-2026-03-16-at-08.08.59-1.jpeg 1024w\" sizes=\"auto, (max-width: 378px) 100vw, 378px\" \/>ATE y la CTA Aut\u00f3noma convocan a una Jornada de Lucha, con Radio Abierta, frente a la Agencia Territorial C\u00f3rdoba Secretar\u00eda de Trabajo de la Naci\u00f3n, 27 de abril 351, este mi\u00e9rcoles 18 de marzo desde la 10 horas, para repudiar y resistir el cierre de programas de apoyo laboral y programas sociales que el Gobierno de Javier Milei se propone clausurar,\u00a0 dejando a miles de cordobeses sin el apoyo fundamental para mejorar sus condiciones de trabajo.<\/p>\n<p>Con una olla popular de mate cocido, las y los trabajadores del organismo realizar\u00e1n esta protesta conjunta con la Federaci\u00f3n Nacional Territorial, resistiendo el brutal ajuste de los programas sociales, mientras amenaza con el cierre de la Agencia en C\u00f3rdoba, concentrando la atenci\u00f3n en la Capital Federal y abandonando la presencial del Estado Nacional en los territorios.<\/p>\n<p>La Jornada de Lucha surge del Plenario Provincial de la CTAA, ante el anunci\u00f3 del cierre del Programa Volver al Trabajo, ex Potenciar Trabajo, cuya \u00faltima cuota se pagar\u00e1 en abril pr\u00f3ximo.<\/p>\n<p>&#8220;El programa como pol\u00edtica est\u00e1 congelado en su monto desde hac\u00eda dos a\u00f1os, paralelamente el Gobierno promovi\u00f3 una ruptura con las organizaciones sociales que lo administraban, en un claro desmembramiento social de desorganizaci\u00f3n del programa y un corrimiento de su creaci\u00f3n original, impulsando el individualismo en contra de la solidaridad social. Por eso lo que se reclama son pol\u00edticas activas de empleo, que hoy por hoy no existen&#8221;, explic\u00f3 la delegada de ATE en Trabajo, Malena Berger.<\/p>\n<figure id=\"attachment_52903\" aria-describedby=\"caption-attachment-52903\" style=\"width: 345px\" class=\"wp-caption alignright\"><img loading=\"lazy\" decoding=\"async\" class=\"wp-image-52903\" src=\"https:\/\/atecordoba.org\/wp-content\/uploads\/2026\/03\/WhatsApp-Image-2025-09-09-at-13.59.39-1-770x1024.jpeg\" alt=\"\" width=\"345\" height=\"459\" srcset=\"https:\/\/atecordoba.org\/wp-content\/uploads\/2026\/03\/WhatsApp-Image-2025-09-09-at-13.59.39-1-770x1024.jpeg 770w, https:\/\/atecordoba.org\/wp-content\/uploads\/2026\/03\/WhatsApp-Image-2025-09-09-at-13.59.39-1-226x300.jpeg 226w, https:\/\/atecordoba.org\/wp-content\/uploads\/2026\/03\/WhatsApp-Image-2025-09-09-at-13.59.39-1-768x1021.jpeg 768w, https:\/\/atecordoba.org\/wp-content\/uploads\/2026\/03\/WhatsApp-Image-2025-09-09-at-13.59.39-1-750x997.jpeg 750w, https:\/\/atecordoba.org\/wp-content\/uploads\/2026\/03\/WhatsApp-Image-2025-09-09-at-13.59.39-1.jpeg 963w\" sizes=\"auto, (max-width: 345px) 100vw, 345px\" \/><figcaption id=\"caption-attachment-52903\" class=\"wp-caption-text\">La delegada de ATE Malena Berger.<\/figcaption><\/figure>\n<p>Y agreg\u00f3: &#8220;las pocas que hay son realmente intrascendentes, no ayudan, no aportan y son asistencialistas. Vivimos un corrimiento real y efectivo del Estado Nacional de los territorios provinciales. Estamos frente a un gobierno completamente unitario que apunta a realizar la capacitaci\u00f3n laboral exclusivamente en la Capital Federal&#8221;.<\/p>\n<p><strong>Alerta en Trabajo<\/strong><\/p>\n<p>La delegada se\u00f1al\u00f3, adem\u00e1s, que corren rumores de una intervenci\u00f3n del gobierno sobre la estructura del organismo &#8220;donde las agencias territoriales, las direcciones regionales y todo lo vinculado a la territorialidad no estar\u00edan presentes&#8221;.<\/p>\n<p>&#8220;Por eso toda la Coordinaci\u00f3n Nacional de ATE y la Junta Interna del Ministerio de Trabajo est\u00e1n en estado de alerta. Hoy generamos acciones a nivel nacional, con diferentes asambleas en todo el pa\u00eds, para organizarnos, porque creemos que no deber desaparecer las agencias territoriales y deber potenciarse las pol\u00edticas activas en todas las provincias&#8221;, dijo Berger.<\/p>\n<p>En ese contexto, la dirigente apunt\u00f3 contra la reforma laboral en el \u00e1mbito de la Secretar\u00eda de Trabajo, debido a que &#8220;la idea es que los inspectores dejen de cumplir un rol de relevamiento de trabajo no registrado, y pasen a ser como pedagogos de la registraci\u00f3n, desampara por completo a los trabajadores&#8221;.<\/p>\n<p>&#8220;No hay nada en la reforma laboral que promueva el empleo ni la registraci\u00f3n. Al mismo tiempo se ve amenazada toda la vida interna de los sindicatos por lo que el panorama es muy alarmante, tanto para los trabajadores de la Secretar\u00eda Trabajo como para la sociedad y los trabajadores en general. La pol\u00edtica del Gobierno es m\u00e1s amplia que el ajuste contra el Estado y eso es muy preocupante&#8221;, concluy\u00f3.<\/p>\n","protected":false},"excerpt":{"rendered":"<p>ATE y la CTA Aut\u00f3noma convocan a una Jornada de Lucha, con Radio Abierta, frente a la Agencia Territorial C\u00f3rdoba Secretar\u00eda de Trabajo de la Naci\u00f3n, 27 de abril 351, este mi\u00e9rcoles 18 de marzo desde la 10 horas, para repudiar y resistir el cierre de programas de apoyo laboral y programas sociales que el [&hellip;]<\/p>\n","protected":false},"author":7,"featured_media":52902,"comment_status":"open","ping_status":"open","sticky":false,"template":"","format":"standard","meta":{"_exactmetrics_skip_tracking":false,"_exactmetrics_sitenote_active":false,"_exactmetrics_sitenote_note":"","_exactmetrics_sitenote_category":0,"jnews-multi-image_gallery":[],"jnews_single_post":{"format":"standard","override":[{"template":"1","parallax":"1","fullscreen":"1","layout":"no-sidebar-narrow","sidebar":"default-sidebar","second_sidebar":"default-sidebar","sticky_sidebar":"1","share_position":"bottom","share_float_style":"share-monocrhome","show_share_counter":"1","show_view_counter":"1","show_post_meta":"1","show_post_author_image":"1","show_post_date":"1","post_date_format":"default","post_date_format_custom":"Y\/m\/d","show_post_category":"1","show_post_reading_time":"0","post_reading_time_wpm":"300","post_calculate_word_method":"str_word_count","show_zoom_button":"0","zoom_button_out_step":"2","zoom_button_in_step":"3","show_post_tag":"1","number_popup_post":"1","show_post_related":"1","show_inline_post_related":"0"}],"image_override":[{"single_post_thumbnail_size":"crop-500","single_post_gallery_size":"crop-500"}],"trending_post_position":"meta","trending_post_label":"Trending","sponsored_post_label":"Sponsored by","disable_ad":"0"},"jnews_primary_category":[],"jnews_social_meta":[],"jnews_review":[],"enable_review":"","type":"percentage","name":"","summary":"","brand":"","sku":"","good":[],"bad":[],"score_override":"","override_value":"","rating":[],"price":[],"jnews_override_counter":{"view_counter_number":"0","share_counter_number":"0","like_counter_number":"0","dislike_counter_number":"0"},"jnews_post_split":{"post_split":[{"template":"1","tag":"h2","numbering":"asc","mode":"normal","first":"0","enable_toc":"0","toc_type":"normal"}]},"footnotes":""},"categories":[92,18],"tags":[],"class_list":["post-52904","post","type-post","status-publish","format-standard","has-post-thumbnail","hentry","category-cta","category-nacionales"],"jetpack_featured_media_url":"https:\/\/atecordoba.org\/wp-content\/uploads\/2026\/03\/WhatsApp-Image-2026-03-16-at-08.08.59-e1773672833415.jpeg","_links":{"self":[{"href":"https:\/\/atecordoba.org\/index.php?rest_route=\/wp\/v2\/posts\/52904","targetHints":{"allow":["GET"]}}],"collection":[{"href":"https:\/\/atecordoba.org\/index.php?rest_route=\/wp\/v2\/posts"}],"about":[{"href":"https:\/\/atecordoba.org\/index.php?rest_route=\/wp\/v2\/types\/post"}],"author":[{"embeddable":true,"href":"https:\/\/atecordoba.org\/index.php?rest_route=\/wp\/v2\/users\/7"}],"replies":[{"embeddable":true,"href":"https:\/\/atecordoba.org\/index.php?rest_route=%2Fwp%2Fv2%2Fcomments&post=52904"}],"version-history":[{"count":3,"href":"https:\/\/atecordoba.org\/index.php?rest_route=\/wp\/v2\/posts\/52904\/revisions"}],"predecessor-version":[{"id":52908,"href":"https:\/\/atecordoba.org\/index.php?rest_route=\/wp\/v2\/posts\/52904\/revisions\/52908"}],"wp:featuredmedia":[{"embeddable":true,"href":"https:\/\/atecordoba.org\/index.php?rest_route=\/wp\/v2\/media\/52902"}],"wp:attachment":[{"href":"https:\/\/atecordoba.org\/index.php?rest_route=%2Fwp%2Fv2%2Fmedia&parent=52904"}],"wp:term":[{"taxonomy":"category","embeddable":true,"href":"https:\/\/atecordoba.org\/index.php?rest_route=%2Fwp%2Fv2%2Fcategories&post=52904"},{"taxonomy":"post_tag","embeddable":true,"href":"https:\/\/atecordoba.org\/index.php?rest_route=%2Fwp%2Fv2%2Ftags&post=52904"}],"curies":[{"name":"wp","href":"https:\/\/api.w.org\/{rel}","templated":true}]}}