{"id":52892,"date":"2026-03-16T10:42:45","date_gmt":"2026-03-16T13:42:45","guid":{"rendered":"https:\/\/atecordoba.org\/?p=52892"},"modified":"2026-03-16T10:51:02","modified_gmt":"2026-03-16T13:51:02","slug":"criminalizacion-de-la-protesta-conferencia-de-prensa-en-ate-por-la-elevacion-a-juicio-de-la-causa-contra-giuliani-armada-por-el-cordobesismo","status":"publish","type":"post","link":"https:\/\/atecordoba.org\/?p=52892","title":{"rendered":"Criminalizaci\u00f3n de la protesta: conferencia de prensa en ATE por la elevaci\u00f3n a juicio de la causa contra Giuliani armada por el cordobesismo"},"content":{"rendered":"<p><img loading=\"lazy\" decoding=\"async\" class=\"aligncenter wp-image-52893 \" src=\"https:\/\/atecordoba.org\/wp-content\/uploads\/2026\/03\/fede-tribunales.jpeg\" alt=\"\" width=\"603\" height=\"957\" srcset=\"https:\/\/atecordoba.org\/wp-content\/uploads\/2026\/03\/fede-tribunales.jpeg 645w, https:\/\/atecordoba.org\/wp-content\/uploads\/2026\/03\/fede-tribunales-189x300.jpeg 189w\" sizes=\"auto, (max-width: 603px) 100vw, 603px\" \/>Ante la elevaci\u00f3n a juicio de la causa judicial orquestada por el cordobesismo contra el secretario General de ATE C\u00f3rdoba y la CTA C\u00f3rdoba, Federico Giuliani, el Consejo Directivo Provincial (CDP) convoca a una conferencia de prensa en la sede de nuestro gremio, el pr\u00f3ximo jueves 19 de marzo a las 10 horas.<\/p>\n<p>En la oportunidad el dirigente, junto a otros dos compa\u00f1eros y compa\u00f1eras m\u00e1s tambi\u00e9n incluidos en la persecuci\u00f3n judicial, el secretario de DDHH del CDP C\u00e9sar Theaux y la secretaria Adjunta de la CTA Silvia Alcoba, acompa\u00f1ados por el equipo jur\u00eddico de ATE y la CTA, dar\u00e1n cuenta de la naturaleza de la causa que busca obstaculizar con persecuciones judiciales la protesta social en C\u00f3rdoba, en abierta contradicci\u00f3n con la Constituci\u00f3n y los tratados internacionales, que fundamentan el derecho a la protesta.<\/p>\n<p>Adem\u00e1s, los abogados de ATE explicar\u00e1n las razones por las que resolvieron no recurrir la causa requerida por el fiscal Ernesto De Arag\u00f3n, punta de lanza del acoso judicial del Ministerio P\u00fablico Fiscal, a su vez instrumento del Gobierno de C\u00f3rdoba para perseguir a los que no se resignan a la miseria planificada que impone el gobierno de Javier Milei.<\/p>\n<p>En ese marco, el abogado Claudio Orosz denunci\u00f3 que la causa est\u00e1 evidentemente armada y que el jueves avanzar\u00e1 con los detalles de la denuncia. &#8220;Esta causa est\u00e1 tan armada que decidimos enfrentar el juicio para exponer ante pueblo de C\u00f3rdoba las las contradicciones entre una prueba y la otra. All\u00ed quedar\u00e1 en evidencia la ridiculez que ha hecho el fiscal de Arag\u00f3n, que a su vez est\u00e1 denunciado en el fuero penal econ\u00f3mico y anticorrupci\u00f3n&#8221;, manifest\u00f3 el letrado.<\/p>\n<p>En esa misma l\u00ednea, el secretario de DDHH de ATE afirm\u00f3 que &#8220;decidimos no utilizar la v\u00eda recursiva y vamos a demostrar nuestra inocencia en un juicio abierto&#8221;. &#8220;Insistimos, una causa armada, la poca prueba que aporta el fiscal De Arag\u00f3n son todos de polic\u00edas o empleados de la administraci\u00f3n, todos contradictorios entre s\u00ed&#8221;, concluy\u00f3 Theaux.<\/p>\n<p>&nbsp;<\/p>\n","protected":false},"excerpt":{"rendered":"<p>Ante la elevaci\u00f3n a juicio de la causa judicial orquestada por el cordobesismo contra el secretario General de ATE C\u00f3rdoba y la CTA C\u00f3rdoba, Federico Giuliani, el Consejo Directivo Provincial (CDP) convoca a una conferencia de prensa en la sede de nuestro gremio, el pr\u00f3ximo jueves 19 de marzo a las 10 horas. En la [&hellip;]<\/p>\n","protected":false},"author":7,"featured_media":52898,"comment_status":"open","ping_status":"open","sticky":false,"template":"","format":"standard","meta":{"_exactmetrics_skip_tracking":false,"_exactmetrics_sitenote_active":false,"_exactmetrics_sitenote_note":"","_exactmetrics_sitenote_category":0,"jnews-multi-image_gallery":[],"jnews_single_post":{"format":"standard","override":[{"template":"1","parallax":"1","fullscreen":"1","layout":"no-sidebar-narrow","sidebar":"default-sidebar","second_sidebar":"default-sidebar","sticky_sidebar":"1","share_position":"bottom","share_float_style":"share-monocrhome","show_share_counter":"1","show_view_counter":"1","show_post_meta":"1","show_post_author_image":"1","show_post_date":"1","post_date_format":"default","post_date_format_custom":"Y\/m\/d","show_post_category":"1","show_post_reading_time":"0","post_reading_time_wpm":"300","post_calculate_word_method":"str_word_count","show_zoom_button":"0","zoom_button_out_step":"2","zoom_button_in_step":"3","show_post_tag":"1","number_popup_post":"1","show_post_related":"1","show_inline_post_related":"0"}],"image_override":[{"single_post_thumbnail_size":"crop-500","single_post_gallery_size":"crop-500"}],"trending_post_position":"meta","trending_post_label":"Trending","sponsored_post_label":"Sponsored by","disable_ad":"0"},"jnews_primary_category":[],"jnews_social_meta":[],"jnews_review":[],"enable_review":"","type":"percentage","name":"","summary":"","brand":"","sku":"","good":[],"bad":[],"score_override":"","override_value":"","rating":[],"price":[],"jnews_override_counter":{"view_counter_number":"0","share_counter_number":"0","like_counter_number":"0","dislike_counter_number":"0"},"jnews_post_split":{"post_split":[{"template":"1","tag":"h2","numbering":"asc","mode":"normal","first":"0","enable_toc":"0","toc_type":"normal"}]},"footnotes":""},"categories":[341],"tags":[],"class_list":["post-52892","post","type-post","status-publish","format-standard","has-post-thumbnail","hentry","category-cdp"],"jetpack_featured_media_url":"https:\/\/atecordoba.org\/wp-content\/uploads\/2026\/03\/portada-tribunales.jpeg","_links":{"self":[{"href":"https:\/\/atecordoba.org\/index.php?rest_route=\/wp\/v2\/posts\/52892","targetHints":{"allow":["GET"]}}],"collection":[{"href":"https:\/\/atecordoba.org\/index.php?rest_route=\/wp\/v2\/posts"}],"about":[{"href":"https:\/\/atecordoba.org\/index.php?rest_route=\/wp\/v2\/types\/post"}],"author":[{"embeddable":true,"href":"https:\/\/atecordoba.org\/index.php?rest_route=\/wp\/v2\/users\/7"}],"replies":[{"embeddable":true,"href":"https:\/\/atecordoba.org\/index.php?rest_route=%2Fwp%2Fv2%2Fcomments&post=52892"}],"version-history":[{"count":3,"href":"https:\/\/atecordoba.org\/index.php?rest_route=\/wp\/v2\/posts\/52892\/revisions"}],"predecessor-version":[{"id":52897,"href":"https:\/\/atecordoba.org\/index.php?rest_route=\/wp\/v2\/posts\/52892\/revisions\/52897"}],"wp:featuredmedia":[{"embeddable":true,"href":"https:\/\/atecordoba.org\/index.php?rest_route=\/wp\/v2\/media\/52898"}],"wp:attachment":[{"href":"https:\/\/atecordoba.org\/index.php?rest_route=%2Fwp%2Fv2%2Fmedia&parent=52892"}],"wp:term":[{"taxonomy":"category","embeddable":true,"href":"https:\/\/atecordoba.org\/index.php?rest_route=%2Fwp%2Fv2%2Fcategories&post=52892"},{"taxonomy":"post_tag","embeddable":true,"href":"https:\/\/atecordoba.org\/index.php?rest_route=%2Fwp%2Fv2%2Ftags&post=52892"}],"curies":[{"name":"wp","href":"https:\/\/api.w.org\/{rel}","templated":true}]}}