{"id":52887,"date":"2026-03-13T09:33:42","date_gmt":"2026-03-13T12:33:42","guid":{"rendered":"https:\/\/atecordoba.org\/?p=52887"},"modified":"2026-03-13T09:33:42","modified_gmt":"2026-03-13T12:33:42","slug":"criminalizacion-de-la-protesta-a-juicio-por-pedir-alimentos-para-sus-comedores","status":"publish","type":"post","link":"https:\/\/atecordoba.org\/?p=52887","title":{"rendered":"Criminalizaci\u00f3n de la Protesta: a juicio por pedir alimentos para sus comedores"},"content":{"rendered":"<div class=\"article-content\">\n<article class=\"p12-article-body  \">\n<h6><img loading=\"lazy\" decoding=\"async\" class=\"aligncenter wp-image-52888 \" src=\"https:\/\/atecordoba.org\/wp-content\/uploads\/2026\/03\/bandera-criminalizadas.avif\" alt=\"\" width=\"634\" height=\"290\" srcset=\"https:\/\/atecordoba.org\/wp-content\/uploads\/2026\/03\/bandera-criminalizadas.avif 900w, https:\/\/atecordoba.org\/wp-content\/uploads\/2026\/03\/bandera-criminalizadas-300x137.avif 300w, https:\/\/atecordoba.org\/wp-content\/uploads\/2026\/03\/bandera-criminalizadas-768x352.avif 768w, https:\/\/atecordoba.org\/wp-content\/uploads\/2026\/03\/bandera-criminalizadas-750x343.avif 750w\" sizes=\"auto, (max-width: 634px) 100vw, 634px\" \/>(fuente: Pagina12.com.ar) Por In\u00e9s Hayes<\/h6>\n<p class=\"c-paragraph\">El 6 de marzo, a horas de conmemorarse el d\u00eda internacional de las mujeres trabajadoras, la Justicia de C\u00f3rdoba requiri\u00f3 la elevaci\u00f3n a juicio, requerida por la fiscal\u00eda a cargo de Ernesto de Arag\u00f3n, en la causa abierta por los hechos ocurridos el 28 de agosto pasado frente a la Secretar\u00eda de Pol\u00edticas Sociales de la Municipalidad de C\u00f3rdoba, cuando mujeres a cargo de comedores fueron a pedir comida.<\/p>\n<p class=\"c-paragraph\">Ese d\u00eda, en el marco de una\u00a0jornada nacional de lucha de la Federaci\u00f3n Nacional Territorial (FENAT-CTA), las compa\u00f1eras a cargo de comedores populares de los barrios cordobeses fueron a la Secretar\u00eda de Pol\u00edticas Sociales para reclamar alimentos para los comedores populares.<\/p>\n<p class=\"c-paragraph\">En ese contexto, seg\u00fan contaron las referentas de los comedores a\u00a0Las12, se despleg\u00f3 un\u00a0operativo policial desmedido que termin\u00f3 con la detenci\u00f3n de 15 personas entre dirigentes sindicales, militantes y trabajadoras, quienes fueron trasladados al Complejo Carcelario N\u00b01 de Bouwer, una c\u00e1rcel de m\u00e1xima seguridad.<\/p>\n<p class=\"c-paragraph\">En Bouwer, las mujeres fueron requisadas violentamente en numerosas oportunidades y\u00a0durante m\u00e1s de dos horas los abogados no sab\u00edan d\u00f3nde estaban.<\/p>\n<p class=\"c-paragraph\">\u201cCon mucha expectativa se decidi\u00f3 ir para pedir ayuda para los comedores de los barrios. Llegamos con mucha esperanza de que nos reciban. Estuvimos un rato en la calle para ver si tomaban la petici\u00f3n de recibirnos y cuando lleg\u00f3 el momento esperado, confiados de que se iba a llegar a un acuerdo,\u00a0nos hicieron pasar pero no salimos m\u00e1s. Nos llevaron a Tribunales y de ah\u00ed a Bower como si fu\u00e9ramos delincuentes. Nos ultrajaron, nos maltrataron, nos humillaron. Nos dieron agua de ba\u00f1o, nos tuvieron incomunicadas y nos trataron como si fu\u00e9ramos delincuentes peligrosas y somos solo mujeres con comedores comunitarios barriales\u201d, dice\u00a0Valeria Prado, del comedor Argentina Rebelde.<\/p>\n<p class=\"c-paragraph\">Giselle Villarreal, del comedor Pancitas contentas, agrega: \u201cNo somos delincuentes, solo queremos comida para nuestros pibes, nos sacaron todo,\u00a0solo pedimos que nos devuelvan la dignidad que nos robaron\u201d.<\/p>\n<h5 class=\"p12-article-body__h2\">La violencia estatal, dos veces violencia<\/h5>\n<p class=\"c-paragraph\">Silvia Alcoba, secretaria adjunta de la Federaci\u00f3n Nacional Territorial, cont\u00f3 que\u00a0movilizaron para exigir algo tan b\u00e1sico como una mesa de di\u00e1logo y alimentos para los comedores y merenderos de los barrios: \u201cmientras el hambre crece, los insumos se recortan y las ollas populares ya no alcanzan. Fuimos a denunciar la crueldad del hambre en C\u00f3rdoba, una realidad que en los barrios se vive todos los d\u00edas. Nuestra movilizaci\u00f3n era pac\u00edfica.\u00a0\u00cdbamos con la convicci\u00f3n de que el Estado deb\u00eda escuchar a quienes sostenemos la vida en los barrios.\u00a0Pero lo que deb\u00eda ser una instancia de di\u00e1logo termin\u00f3 siendo una trampa. Cuando ya est\u00e1bamos dentro del edificio, esperando poder hablar con las autoridades, dejaron ingresar a algunos compa\u00f1eros m\u00e1s y cerraron las puertas con llave.\u00a0En ese momento nos informaron que est\u00e1bamos detenidas. Hab\u00edamos entrado para dialogar y terminamos criminalizadas por luchar contra el hambre\u201d.<\/p>\n<p class=\"c-paragraph\">A partir de ah\u00ed, cuenta Silvia, comenz\u00f3 una verdadera odisea de violencia institucional. \u201cFuimos sometidas a requisas, humillaciones y hostigamientos permanentes. Nos amenazaban con separarnos y nos advert\u00edan que, si \u2018nos pon\u00edamos rebeldes\u2019, la \u00edbamos a pasar peor. No hubo respeto, no hubo humanidad, no hubo compasi\u00f3n. Nos subieron a un cami\u00f3n de traslado como si fu\u00e9ramos criminales peligrosas. Nos esposaron, nos pusieron candados en las manos y nos engancharon a un hierro dentro del cami\u00f3n, que tambi\u00e9n fue cerrado con otro candado. El sonido de esos candados todav\u00eda resuena en mi cabeza.\u00a0El ruido del calabozo cerr\u00e1ndose, la sensaci\u00f3n de encierro, la certeza de estar siendo castigadas por haber levantado la voz contra el hambre\u201d, describe.<\/p>\n<p class=\"c-paragraph\">Ese d\u00eda dej\u00f3 marcas profundas en las encargadas de los comedores, hasta hoy siguen cargando las secuelas de aquel 28 de agosto. No pueden hablar de lo que pas\u00f3 sin quebrarse. \u201cA\u00fan hoy lloro como el primer d\u00eda cuando lo recuerdo, porque hay cosas que no se olvidan:\u00a0la humillaci\u00f3n, el miedo, la injusticia de ser tratadas como delincuentes\u00a0por haber reclamado comida para los barrios\u201d, agrega Silvia.<\/p>\n<p class=\"c-paragraph\">Aun con la amenaza de la criminalizaci\u00f3n, las mujeres que luchan cada d\u00eda con el hambre que crece, aseguran que seguir\u00e1n luchando por darles de comer a sus pibes: \u201cluchar contra el hambre nunca va a ser un delito y\u00a0aunque intenten disciplinarnos con miedo, la dignidad de quienes defendemos a nuestros barrios no se encierra con candados\u201d, dicen.<\/p>\n<p class=\"c-paragraph\">En el granero del mundo, m\u00e1s de la mitad de las ni\u00f1eces y las adolescencias sufren inseguridad alimentaria y\u00a0el hambre severo aument\u00f3 en la primera infancia del 14% al 16%.\u00a0M\u00e1s de un mill\u00f3n de ni\u00f1os se saltea al menos una comida diaria.<\/p>\n<\/article>\n<\/div>\n<div id=\"\" class=\"\" role=\"complementary\" data-banner-id=\"ad-slot-box3-mobile\"><\/div>\n<div id=\"ad-slot-billboard2\" class=\"p12-banner ad-slot-billboard ad-slot\" role=\"complementary\" data-banner-id=\"ad-slot-billboard2-desktop\" data-adtype=\"billboard\" data-google-query-id=\"CMWjusjvnJMDFX9PuAQd3SkGPQ\">\n<div id=\"google_ads_iframe_\/349353471\/p12\/nota_billboard2_0__container__\"><\/div>\n<\/div>\n","protected":false},"excerpt":{"rendered":"<p>(fuente: Pagina12.com.ar) Por In\u00e9s Hayes El 6 de marzo, a horas de conmemorarse el d\u00eda internacional de las mujeres trabajadoras, la Justicia de C\u00f3rdoba requiri\u00f3 la elevaci\u00f3n a juicio, requerida por la fiscal\u00eda a cargo de Ernesto de Arag\u00f3n, en la causa abierta por los hechos ocurridos el 28 de agosto pasado frente a la [&hellip;]<\/p>\n","protected":false},"author":7,"featured_media":52888,"comment_status":"open","ping_status":"open","sticky":false,"template":"","format":"standard","meta":{"_exactmetrics_skip_tracking":false,"_exactmetrics_sitenote_active":false,"_exactmetrics_sitenote_note":"","_exactmetrics_sitenote_category":0,"jnews-multi-image_gallery":[],"jnews_single_post":[],"jnews_primary_category":[],"jnews_social_meta":[],"jnews_review":[],"enable_review":"","type":"","name":"","summary":"","brand":"","sku":"","good":[],"bad":[],"score_override":"","override_value":"","rating":[],"price":[],"jnews_override_counter":[],"jnews_post_split":[],"footnotes":""},"categories":[325],"tags":[],"class_list":["post-52887","post","type-post","status-publish","format-standard","has-post-thumbnail","hentry","category-generos-y-diversidades"],"jetpack_featured_media_url":"https:\/\/atecordoba.org\/wp-content\/uploads\/2026\/03\/bandera-criminalizadas.avif","_links":{"self":[{"href":"https:\/\/atecordoba.org\/index.php?rest_route=\/wp\/v2\/posts\/52887","targetHints":{"allow":["GET"]}}],"collection":[{"href":"https:\/\/atecordoba.org\/index.php?rest_route=\/wp\/v2\/posts"}],"about":[{"href":"https:\/\/atecordoba.org\/index.php?rest_route=\/wp\/v2\/types\/post"}],"author":[{"embeddable":true,"href":"https:\/\/atecordoba.org\/index.php?rest_route=\/wp\/v2\/users\/7"}],"replies":[{"embeddable":true,"href":"https:\/\/atecordoba.org\/index.php?rest_route=%2Fwp%2Fv2%2Fcomments&post=52887"}],"version-history":[{"count":1,"href":"https:\/\/atecordoba.org\/index.php?rest_route=\/wp\/v2\/posts\/52887\/revisions"}],"predecessor-version":[{"id":52889,"href":"https:\/\/atecordoba.org\/index.php?rest_route=\/wp\/v2\/posts\/52887\/revisions\/52889"}],"wp:featuredmedia":[{"embeddable":true,"href":"https:\/\/atecordoba.org\/index.php?rest_route=\/wp\/v2\/media\/52888"}],"wp:attachment":[{"href":"https:\/\/atecordoba.org\/index.php?rest_route=%2Fwp%2Fv2%2Fmedia&parent=52887"}],"wp:term":[{"taxonomy":"category","embeddable":true,"href":"https:\/\/atecordoba.org\/index.php?rest_route=%2Fwp%2Fv2%2Fcategories&post=52887"},{"taxonomy":"post_tag","embeddable":true,"href":"https:\/\/atecordoba.org\/index.php?rest_route=%2Fwp%2Fv2%2Ftags&post=52887"}],"curies":[{"name":"wp","href":"https:\/\/api.w.org\/{rel}","templated":true}]}}