{"id":52883,"date":"2026-03-12T13:12:13","date_gmt":"2026-03-12T16:12:13","guid":{"rendered":"https:\/\/atecordoba.org\/?p=52883"},"modified":"2026-03-12T13:37:02","modified_gmt":"2026-03-12T16:37:02","slug":"criminalizacion-de-la-protesta-el-bloque-izquierda-socialista-en-el-fitu-presenta-en-la-legislatura-un-repudio-al-juicio-contra-federico-giuliani-por-encabezar-un-reclamo-social","status":"publish","type":"post","link":"https:\/\/atecordoba.org\/?p=52883","title":{"rendered":"Criminalizaci\u00f3n de la Protesta: el bloque Izquierda Socialista en el FITU presenta en la Legislatura un repudio al juicio contra Federico Giuliani por encabezar un reclamo social"},"content":{"rendered":"<figure id=\"attachment_52353\" aria-describedby=\"caption-attachment-52353\" style=\"width: 671px\" class=\"wp-caption aligncenter\"><img loading=\"lazy\" decoding=\"async\" class=\"wp-image-52353\" src=\"https:\/\/atecordoba.org\/wp-content\/uploads\/2026\/01\/federicogiuliani.png\" alt=\"\" width=\"671\" height=\"501\" srcset=\"https:\/\/atecordoba.org\/wp-content\/uploads\/2026\/01\/federicogiuliani.png 1024w, https:\/\/atecordoba.org\/wp-content\/uploads\/2026\/01\/federicogiuliani-300x224.png 300w, https:\/\/atecordoba.org\/wp-content\/uploads\/2026\/01\/federicogiuliani-768x574.png 768w, https:\/\/atecordoba.org\/wp-content\/uploads\/2026\/01\/federicogiuliani-750x560.png 750w\" sizes=\"auto, (max-width: 671px) 100vw, 671px\" \/><figcaption id=\"caption-attachment-52353\" class=\"wp-caption-text\">Federico Giuliani.<\/figcaption><\/figure>\n<p>El Bloque Izquierda Socialista y la legisladora Noelia Ag\u00fcero, junto a la Agrupaci\u00f3n A Luchar, presentaron hoy un proyecto de resoluci\u00f3n para que la Legislatura repudie la elevaci\u00f3n a juicio de la causa contra Federico Giuliani Secretario General de ATE y de la CTA C\u00f3rdoba, impulsada por el fiscal Ernesto De Arag\u00f3n, por la protesta del 28 de agosto frente a la Secretar\u00eda de Pol\u00edticas Sociales de la Municipalidad de C\u00f3rdoba para reclamar la entrega de alimentos para sectores vulnerables de la capital provincial.<\/p>\n<p>Para fundamentar el repudio legislativo, Ag\u00fcero calific\u00f3 al expediente judicial como &#8220;plagado de contradicciones, testimonios dudosos y graves irregularidades&#8221;.<\/p>\n<p>Y asegur\u00f3 que el juicio &#8220;es una muestra m\u00e1s de la complicidad del gobierno de Llaryora y la justicia de C\u00f3rdoba con la pol\u00edtica represiva que lleva adelante el gobierno de ultra derecha de Milei, para imponernos a los trabajadores y los sectores populares su pol\u00edtica de ajuste permanente y de saqueo del pa\u00eds&#8221;.<\/p>\n<p>Giuliani enfrenta una causa judicial por encabezar una manifestaci\u00f3n pac\u00edfica ante al dependencia municipal, donde funcionarios del \u00e1rea lo invitaron a ingresar a la dependencia junto a un grupo de compa\u00f1eras y compa\u00f1eros para luego ser detenidos por un comando policial que irrumpi\u00f3 sorpresivamente en el lugar.<\/p>\n<figure id=\"attachment_52882\" aria-describedby=\"caption-attachment-52882\" style=\"width: 600px\" class=\"wp-caption aligncenter\"><img loading=\"lazy\" decoding=\"async\" class=\"wp-image-52882 size-full\" src=\"https:\/\/atecordoba.org\/wp-content\/uploads\/2026\/03\/noelia-aguero-legisladora.jpg\" alt=\"\" width=\"600\" height=\"600\" srcset=\"https:\/\/atecordoba.org\/wp-content\/uploads\/2026\/03\/noelia-aguero-legisladora.jpg 600w, https:\/\/atecordoba.org\/wp-content\/uploads\/2026\/03\/noelia-aguero-legisladora-300x300.jpg 300w, https:\/\/atecordoba.org\/wp-content\/uploads\/2026\/03\/noelia-aguero-legisladora-150x150.jpg 150w, https:\/\/atecordoba.org\/wp-content\/uploads\/2026\/03\/noelia-aguero-legisladora-560x560.jpg 560w, https:\/\/atecordoba.org\/wp-content\/uploads\/2026\/03\/noelia-aguero-legisladora-75x75.jpg 75w, https:\/\/atecordoba.org\/wp-content\/uploads\/2026\/03\/noelia-aguero-legisladora-350x350.jpg 350w\" sizes=\"auto, (max-width: 600px) 100vw, 600px\" \/><figcaption id=\"caption-attachment-52882\" class=\"wp-caption-text\">La legisladora Noelia Ag\u00fcero, de Izquierda Socialista en el FITU.<\/figcaption><\/figure>\n<p>El saldo fue de 15 personas detenidas, entre ellas nuestro secretario General, que result\u00f3 con un brazo quebrado fruto de la brutal represi\u00f3n policial. Luego derivado al penal de Bower, en un procedimiento arbitrario e ilegal que fue monitoreado por De Arag\u00f3n en todo momento, hasta que pasados cuatro d\u00edas, y ante el clamor de organizaciones de todo el pa\u00eds, fue liberado.<\/p>\n<p>En ese marco, la Legisladora Ag\u00fcero remarc\u00f3 en los fundamentos del proyecto de resoluci\u00f3n que\u00a0\u201cdiversas organizaciones sindicales y sociales han denunciado que el proceso presenta graves irregularidades, contradicciones en los testimonios y procedimientos cuestionados, lo que alimenta la preocupaci\u00f3n de que se trate de un caso destinado a criminalizar la protesta social\u201d, que constituye \u201cun derecho fundamental protegido por la Constituci\u00f3n Nacional y por los tratados internacionales de derechos humanos con jerarqu\u00eda constitucional, que garantizan la libertad de expresi\u00f3n, el derecho de reuni\u00f3n y el derecho de petici\u00f3n ante las autoridades\u201d.<\/p>\n<p>\u201cEn ese sentido, la utilizaci\u00f3n del sistema penal para perseguir a dirigentes sindicales, militantes sociales y trabajadores de prensa por participar o cubrir manifestaciones constituye un precedente preocupante para el pleno ejercicio de las libertades democr\u00e1ticas\u201d, afirm\u00f3.<\/p>\n<p>\u201cAsimismo, distintas organizaciones sindicales han advertido que este tipo de causas judiciales se inscribe en un contexto m\u00e1s amplio de avance de pol\u00edticas orientadas a limitar y disciplinar la protesta social\u201d, concluy\u00f3 Ag\u00fcero.<\/p>\n<p>De esta manera, distintos compa\u00f1eros de la vida social, pol\u00edtica, gremial y pol\u00edtica contin\u00faan solidariz\u00e1ndose con Federico Giuliani y denuncian la persecuci\u00f3n a un dirigente que ejerci\u00f3 el derecho constitucional a la protesta, garantizado pro la carta magna y los tratados internacionales vigentes en nuestro pa\u00eds.<\/p>\n<p>&nbsp;<\/p>\n","protected":false},"excerpt":{"rendered":"<p>El Bloque Izquierda Socialista y la legisladora Noelia Ag\u00fcero, junto a la Agrupaci\u00f3n A Luchar, presentaron hoy un proyecto de resoluci\u00f3n para que la Legislatura repudie la elevaci\u00f3n a juicio de la causa contra Federico Giuliani Secretario General de ATE y de la CTA C\u00f3rdoba, impulsada por el fiscal Ernesto De Arag\u00f3n, por la protesta [&hellip;]<\/p>\n","protected":false},"author":7,"featured_media":52881,"comment_status":"open","ping_status":"open","sticky":false,"template":"","format":"standard","meta":{"_exactmetrics_skip_tracking":false,"_exactmetrics_sitenote_active":false,"_exactmetrics_sitenote_note":"","_exactmetrics_sitenote_category":0,"jnews-multi-image_gallery":[],"jnews_single_post":{"format":"standard","override":[{"template":"1","parallax":"1","fullscreen":"1","layout":"no-sidebar-narrow","sidebar":"default-sidebar","second_sidebar":"default-sidebar","sticky_sidebar":"1","share_position":"bottom","share_float_style":"share-monocrhome","show_share_counter":"1","show_view_counter":"1","show_post_meta":"1","show_post_author_image":"1","show_post_date":"1","post_date_format":"default","post_date_format_custom":"Y\/m\/d","show_post_category":"1","show_post_reading_time":"0","post_reading_time_wpm":"300","post_calculate_word_method":"str_word_count","show_zoom_button":"0","zoom_button_out_step":"2","zoom_button_in_step":"3","show_post_tag":"1","number_popup_post":"1","show_post_related":"1","show_inline_post_related":"0"}],"image_override":[{"single_post_thumbnail_size":"crop-500","single_post_gallery_size":"crop-500"}],"trending_post_position":"meta","trending_post_label":"Trending","sponsored_post_label":"Sponsored by","disable_ad":"0"},"jnews_primary_category":[],"jnews_social_meta":[],"jnews_review":[],"enable_review":"","type":"percentage","name":"","summary":"","brand":"","sku":"","good":[],"bad":[],"score_override":"","override_value":"","rating":[],"price":[],"jnews_override_counter":{"view_counter_number":"0","share_counter_number":"0","like_counter_number":"0","dislike_counter_number":"0"},"jnews_post_split":{"post_split":[{"template":"1","tag":"h2","numbering":"asc","mode":"normal","first":"0","enable_toc":"0","toc_type":"normal"}]},"footnotes":""},"categories":[10],"tags":[],"class_list":["post-52883","post","type-post","status-publish","format-standard","has-post-thumbnail","hentry","category-accion-politica"],"jetpack_featured_media_url":"https:\/\/atecordoba.org\/wp-content\/uploads\/2026\/03\/recinto-legislatura.jpg","_links":{"self":[{"href":"https:\/\/atecordoba.org\/index.php?rest_route=\/wp\/v2\/posts\/52883","targetHints":{"allow":["GET"]}}],"collection":[{"href":"https:\/\/atecordoba.org\/index.php?rest_route=\/wp\/v2\/posts"}],"about":[{"href":"https:\/\/atecordoba.org\/index.php?rest_route=\/wp\/v2\/types\/post"}],"author":[{"embeddable":true,"href":"https:\/\/atecordoba.org\/index.php?rest_route=\/wp\/v2\/users\/7"}],"replies":[{"embeddable":true,"href":"https:\/\/atecordoba.org\/index.php?rest_route=%2Fwp%2Fv2%2Fcomments&post=52883"}],"version-history":[{"count":2,"href":"https:\/\/atecordoba.org\/index.php?rest_route=\/wp\/v2\/posts\/52883\/revisions"}],"predecessor-version":[{"id":52885,"href":"https:\/\/atecordoba.org\/index.php?rest_route=\/wp\/v2\/posts\/52883\/revisions\/52885"}],"wp:featuredmedia":[{"embeddable":true,"href":"https:\/\/atecordoba.org\/index.php?rest_route=\/wp\/v2\/media\/52881"}],"wp:attachment":[{"href":"https:\/\/atecordoba.org\/index.php?rest_route=%2Fwp%2Fv2%2Fmedia&parent=52883"}],"wp:term":[{"taxonomy":"category","embeddable":true,"href":"https:\/\/atecordoba.org\/index.php?rest_route=%2Fwp%2Fv2%2Fcategories&post=52883"},{"taxonomy":"post_tag","embeddable":true,"href":"https:\/\/atecordoba.org\/index.php?rest_route=%2Fwp%2Fv2%2Ftags&post=52883"}],"curies":[{"name":"wp","href":"https:\/\/api.w.org\/{rel}","templated":true}]}}