{"id":52871,"date":"2026-03-12T10:18:31","date_gmt":"2026-03-12T13:18:31","guid":{"rendered":"https:\/\/atecordoba.org\/?p=52871"},"modified":"2026-03-12T10:18:31","modified_gmt":"2026-03-12T13:18:31","slug":"anac-va-por-cinco-dias-de-paro-en-los-aeropuertos-ante-el-incumplimiento-del-gobierno-de-los-compromisos-salariales-asumidos","status":"publish","type":"post","link":"https:\/\/atecordoba.org\/?p=52871","title":{"rendered":"ANAC va por cinco d\u00edas de paro en los aeropuertos ante el incumplimiento del Gobierno de los compromisos salariales asumidos"},"content":{"rendered":"<p><img loading=\"lazy\" decoding=\"async\" class=\"aligncenter wp-image-52874 size-full\" src=\"https:\/\/atecordoba.org\/wp-content\/uploads\/2026\/03\/ANAC.jpg\" alt=\"\" width=\"612\" height=\"412\" srcset=\"https:\/\/atecordoba.org\/wp-content\/uploads\/2026\/03\/ANAC.jpg 612w, https:\/\/atecordoba.org\/wp-content\/uploads\/2026\/03\/ANAC-300x202.jpg 300w\" sizes=\"auto, (max-width: 612px) 100vw, 612px\" \/>Los y las estatales de la Administraci\u00f3n Nacional de Aviaci\u00f3n Civil (ANAC) lazaron un fuerte plan de lucha con cinco d\u00edas de paro y protestas en todos los aeropuertos de todo el pa\u00eds, ante el incumplimiento del pago de \u00edtems extraparitarios, comprometidos con ATE por el Gobierno de Milei en una mesa de negociaci\u00f3n sectorial convocada oportunamente por las autoridades del organismo.<\/p>\n<p>Adem\u00e1s, ATE reclama la apertura de la paritaria nacional donde se acuerde un aumento salarial urgente, frente a la ca\u00edda estrepitosa del poder adquisitivo de los salarios del sector, que sufren el brutal ataque de la gesti\u00f3n libertaria al igual que el resto de la Administraci\u00f3n P\u00fablica nacional.<\/p>\n<p>El plan de lucha se desarrollar\u00e1 con paros parciales de tres horas por jornada, los d\u00edas 18,19,20,23 y 24 de marzo pr\u00f3ximo, de 13 a 16 horas. Durante ese tramo diario, ATE notific\u00f3 a la Secretar\u00eda de Trabajo de la Naci\u00f3n que solo se garantizar\u00e1 la atenci\u00f3n de vuelos sanitarios, humanitarios y oficiales.<\/p>\n<div id='gallery_1' class='gallery galleryid-52871 gallery-columns-2 gallery-size-thumbnail'><figure class='gallery-item'>\n                <div class='gallery-icon portrait'>\n                    <a href='https:\/\/atecordoba.org\/wp-content\/uploads\/2026\/03\/WhatsApp-Image-2026-03-12-at-09.08.00-1.jpeg'><img loading=\"lazy\" decoding=\"async\" width=\"150\" height=\"150\" src=\"\" class=\"attachment-thumbnail size-thumbnail lazyload\" alt=\"\" data-src=\"https:\/\/atecordoba.org\/wp-content\/uploads\/2026\/03\/WhatsApp-Image-2026-03-12-at-09.08.00-1-150x150.jpeg\" data-sizes=\"auto\" data-srcset=\"https:\/\/atecordoba.org\/wp-content\/uploads\/2026\/03\/WhatsApp-Image-2026-03-12-at-09.08.00-1-150x150.jpeg 150w, https:\/\/atecordoba.org\/wp-content\/uploads\/2026\/03\/WhatsApp-Image-2026-03-12-at-09.08.00-1-560x560.jpeg 560w, https:\/\/atecordoba.org\/wp-content\/uploads\/2026\/03\/WhatsApp-Image-2026-03-12-at-09.08.00-1-75x75.jpeg 75w, https:\/\/atecordoba.org\/wp-content\/uploads\/2026\/03\/WhatsApp-Image-2026-03-12-at-09.08.00-1-350x350.jpeg 350w\" data-expand=\"700\" \/><\/a>\n                <\/div><\/figure><figure class='gallery-item'>\n                <div class='gallery-icon landscape'>\n                    <a href='https:\/\/atecordoba.org\/wp-content\/uploads\/2026\/03\/WhatsApp-Image-2026-03-12-at-09.08.00.jpeg'><img loading=\"lazy\" decoding=\"async\" width=\"150\" height=\"150\" src=\"\" class=\"attachment-thumbnail size-thumbnail lazyload\" alt=\"\" data-src=\"https:\/\/atecordoba.org\/wp-content\/uploads\/2026\/03\/WhatsApp-Image-2026-03-12-at-09.08.00-150x150.jpeg\" data-sizes=\"auto\" data-srcset=\"https:\/\/atecordoba.org\/wp-content\/uploads\/2026\/03\/WhatsApp-Image-2026-03-12-at-09.08.00-150x150.jpeg 150w, https:\/\/atecordoba.org\/wp-content\/uploads\/2026\/03\/WhatsApp-Image-2026-03-12-at-09.08.00-560x560.jpeg 560w, https:\/\/atecordoba.org\/wp-content\/uploads\/2026\/03\/WhatsApp-Image-2026-03-12-at-09.08.00-75x75.jpeg 75w, https:\/\/atecordoba.org\/wp-content\/uploads\/2026\/03\/WhatsApp-Image-2026-03-12-at-09.08.00-350x350.jpeg 350w\" data-expand=\"700\" \/><\/a>\n                <\/div><\/figure><br style=\"clear: both\" \/>\n            <\/div>\n\n<p>Vale se\u00f1alar que ATE ha aguardado durante m\u00e1s de un mes el cumplimiento de los compromisos asumidos por parte de las autoridades en las instancias de di\u00e1logo mantenidas, en las que se manifest\u00f3 la existencia de una propuesta en elaboraci\u00f3n pro parte del gobierno para abordar los reclamos notificados por nuestra organizaci\u00f3n sindical.<\/p>\n<p>Al haber transcurrido el plazo sin que haya mediado ninguna propuesta por parte del gobierno, ATE resolvi\u00f3 avanzar con el plan de lucha.<\/p>\n<p>De esta manera, las y los trabajadores del sector plantan cara al ajuste del gobierno de Milei.<\/p>\n","protected":false},"excerpt":{"rendered":"<p>Los y las estatales de la Administraci\u00f3n Nacional de Aviaci\u00f3n Civil (ANAC) lazaron un fuerte plan de lucha con cinco d\u00edas de paro y protestas en todos los aeropuertos de todo el pa\u00eds, ante el incumplimiento del pago de \u00edtems extraparitarios, comprometidos con ATE por el Gobierno de Milei en una mesa de negociaci\u00f3n sectorial [&hellip;]<\/p>\n","protected":false},"author":7,"featured_media":52874,"comment_status":"open","ping_status":"open","sticky":false,"template":"","format":"standard","meta":{"_exactmetrics_skip_tracking":false,"_exactmetrics_sitenote_active":false,"_exactmetrics_sitenote_note":"","_exactmetrics_sitenote_category":0,"jnews-multi-image_gallery":[],"jnews_single_post":[],"jnews_primary_category":[],"jnews_social_meta":[],"jnews_review":[],"enable_review":"","type":"","name":"","summary":"","brand":"","sku":"","good":[],"bad":[],"score_override":"","override_value":"","rating":[],"price":[],"jnews_override_counter":[],"jnews_post_split":[],"footnotes":""},"categories":[18],"tags":[],"class_list":["post-52871","post","type-post","status-publish","format-standard","has-post-thumbnail","hentry","category-nacionales"],"jetpack_featured_media_url":"https:\/\/atecordoba.org\/wp-content\/uploads\/2026\/03\/ANAC.jpg","_links":{"self":[{"href":"https:\/\/atecordoba.org\/index.php?rest_route=\/wp\/v2\/posts\/52871","targetHints":{"allow":["GET"]}}],"collection":[{"href":"https:\/\/atecordoba.org\/index.php?rest_route=\/wp\/v2\/posts"}],"about":[{"href":"https:\/\/atecordoba.org\/index.php?rest_route=\/wp\/v2\/types\/post"}],"author":[{"embeddable":true,"href":"https:\/\/atecordoba.org\/index.php?rest_route=\/wp\/v2\/users\/7"}],"replies":[{"embeddable":true,"href":"https:\/\/atecordoba.org\/index.php?rest_route=%2Fwp%2Fv2%2Fcomments&post=52871"}],"version-history":[{"count":1,"href":"https:\/\/atecordoba.org\/index.php?rest_route=\/wp\/v2\/posts\/52871\/revisions"}],"predecessor-version":[{"id":52875,"href":"https:\/\/atecordoba.org\/index.php?rest_route=\/wp\/v2\/posts\/52871\/revisions\/52875"}],"wp:featuredmedia":[{"embeddable":true,"href":"https:\/\/atecordoba.org\/index.php?rest_route=\/wp\/v2\/media\/52874"}],"wp:attachment":[{"href":"https:\/\/atecordoba.org\/index.php?rest_route=%2Fwp%2Fv2%2Fmedia&parent=52871"}],"wp:term":[{"taxonomy":"category","embeddable":true,"href":"https:\/\/atecordoba.org\/index.php?rest_route=%2Fwp%2Fv2%2Fcategories&post=52871"},{"taxonomy":"post_tag","embeddable":true,"href":"https:\/\/atecordoba.org\/index.php?rest_route=%2Fwp%2Fv2%2Ftags&post=52871"}],"curies":[{"name":"wp","href":"https:\/\/api.w.org\/{rel}","templated":true}]}}