{"id":52868,"date":"2026-03-11T09:01:12","date_gmt":"2026-03-11T12:01:12","guid":{"rendered":"https:\/\/atecordoba.org\/?p=52868"},"modified":"2026-03-11T09:02:17","modified_gmt":"2026-03-11T12:02:17","slug":"ate-exigio-la-convocatoria-a-paritarias-para-el-sector-de-pami","status":"publish","type":"post","link":"https:\/\/atecordoba.org\/?p=52868","title":{"rendered":"ATE exigi\u00f3 la convocatoria a paritarias para el sector de PAMI"},"content":{"rendered":"\n<figure class=\"wp-block-image size-large\"><img loading=\"lazy\" decoding=\"async\" width=\"1024\" height=\"768\" src=\"https:\/\/atecordoba.org\/wp-content\/uploads\/2026\/03\/img-20260311-wa0007124185773785858360-1024x768.jpg\" alt=\"\" class=\"wp-image-52866\" srcset=\"https:\/\/atecordoba.org\/wp-content\/uploads\/2026\/03\/img-20260311-wa0007124185773785858360-1024x768.jpg 1024w, https:\/\/atecordoba.org\/wp-content\/uploads\/2026\/03\/img-20260311-wa0007124185773785858360-300x225.jpg 300w, https:\/\/atecordoba.org\/wp-content\/uploads\/2026\/03\/img-20260311-wa0007124185773785858360-768x576.jpg 768w, https:\/\/atecordoba.org\/wp-content\/uploads\/2026\/03\/img-20260311-wa0007124185773785858360-750x563.jpg 750w, https:\/\/atecordoba.org\/wp-content\/uploads\/2026\/03\/img-20260311-wa0007124185773785858360.jpg 1032w\" sizes=\"auto, (max-width: 1024px) 100vw, 1024px\" \/><\/figure>\n\n\n\n<p><br>El Sindicato formaliz\u00f3 el pedido mediante una nota dirigida al Director del Instituto Nacional de Servicios Sociales para Jubilados y Pensionados ante el sostenido deterioro de los salarios de las y los trabajadores.<br><br>Este martes ATE demand\u00f3 al Gobierno nacional la convocatoria a la mesa de negociaci\u00f3n paritaria correspondiente al periodo junio 2025-mayo 2026, frente al deterioro de los salarios ante la suba de los servicios y bienes de primera necesidad y la proyecci\u00f3n negativa que se estima en las pr\u00f3ximas semanas.<br><br>Vocal del Consejo Directivo Nacional y Coordinador General de ATE PAMI a nivel nacional, declar\u00f3: \u201cCursamos al Director Ejecutivo nacional del PAMI un pedido formal de convocatoria a la paritaria sectorial ante el retraso de la reuni\u00f3n formal m\u00e1s el \u00edndice de\u00a0 inflaci\u00f3n que inici\u00f3 una escala ascendente preocupante y que por ende deja muy atr\u00e1s a nuestros salarios desde hace un largo tiempo. Este escenario hace necesario la urgente convocatoria a discutir no s\u00f3lo lo actual si no tambi\u00e9n el poder adquisitivo perdido desde el mismo inicio del actual Gobierno\u201d. Y agreg\u00f3: \u201cEsperamos una actitud responsable por parte de las autoridades que evite entrar en una zona de conflicto\u201d.<br><br>Es importante se\u00f1alar que el sector no fue convocado a la mesa salarial durante el transcurso del 2025 por lo que se rigieron bajo el acuerdo marco nacional correspondientes a la paritaria del Estado nacional.<\/p>\n","protected":false},"excerpt":{"rendered":"<p>El Sindicato formaliz\u00f3 el pedido mediante una nota dirigida al Director del Instituto Nacional de Servicios Sociales para Jubilados y Pensionados ante el sostenido deterioro de los salarios de las y los trabajadores. Este martes ATE demand\u00f3 al Gobierno nacional la convocatoria a la mesa de negociaci\u00f3n paritaria correspondiente al periodo junio 2025-mayo 2026, frente [&hellip;]<\/p>\n","protected":false},"author":3,"featured_media":52867,"comment_status":"open","ping_status":"open","sticky":false,"template":"","format":"standard","meta":{"_exactmetrics_skip_tracking":false,"_exactmetrics_sitenote_active":false,"_exactmetrics_sitenote_note":"","_exactmetrics_sitenote_category":0,"jnews-multi-image_gallery":[],"jnews_single_post":[],"jnews_primary_category":[],"jnews_social_meta":[],"jnews_review":[],"enable_review":"","type":"","name":"","summary":"","brand":"","sku":"","good":[],"bad":[],"score_override":"","override_value":"","rating":[],"price":[],"jnews_override_counter":[],"jnews_post_split":[],"footnotes":""},"categories":[18],"tags":[],"class_list":["post-52868","post","type-post","status-publish","format-standard","has-post-thumbnail","hentry","category-nacionales"],"jetpack_featured_media_url":"https:\/\/atecordoba.org\/wp-content\/uploads\/2026\/03\/IMG-20260311-WA0007.jpg","_links":{"self":[{"href":"https:\/\/atecordoba.org\/index.php?rest_route=\/wp\/v2\/posts\/52868","targetHints":{"allow":["GET"]}}],"collection":[{"href":"https:\/\/atecordoba.org\/index.php?rest_route=\/wp\/v2\/posts"}],"about":[{"href":"https:\/\/atecordoba.org\/index.php?rest_route=\/wp\/v2\/types\/post"}],"author":[{"embeddable":true,"href":"https:\/\/atecordoba.org\/index.php?rest_route=\/wp\/v2\/users\/3"}],"replies":[{"embeddable":true,"href":"https:\/\/atecordoba.org\/index.php?rest_route=%2Fwp%2Fv2%2Fcomments&post=52868"}],"version-history":[{"count":1,"href":"https:\/\/atecordoba.org\/index.php?rest_route=\/wp\/v2\/posts\/52868\/revisions"}],"predecessor-version":[{"id":52869,"href":"https:\/\/atecordoba.org\/index.php?rest_route=\/wp\/v2\/posts\/52868\/revisions\/52869"}],"wp:featuredmedia":[{"embeddable":true,"href":"https:\/\/atecordoba.org\/index.php?rest_route=\/wp\/v2\/media\/52867"}],"wp:attachment":[{"href":"https:\/\/atecordoba.org\/index.php?rest_route=%2Fwp%2Fv2%2Fmedia&parent=52868"}],"wp:term":[{"taxonomy":"category","embeddable":true,"href":"https:\/\/atecordoba.org\/index.php?rest_route=%2Fwp%2Fv2%2Fcategories&post=52868"},{"taxonomy":"post_tag","embeddable":true,"href":"https:\/\/atecordoba.org\/index.php?rest_route=%2Fwp%2Fv2%2Ftags&post=52868"}],"curies":[{"name":"wp","href":"https:\/\/api.w.org\/{rel}","templated":true}]}}