{"id":52854,"date":"2026-03-10T14:49:42","date_gmt":"2026-03-10T17:49:42","guid":{"rendered":"https:\/\/atecordoba.org\/?p=52854"},"modified":"2026-03-10T15:10:56","modified_gmt":"2026-03-10T18:10:56","slug":"52854","status":"publish","type":"post","link":"https:\/\/atecordoba.org\/?p=52854","title":{"rendered":"ATE C\u00d3RDOBA FORTALECE LA ACCI\u00d3N GREMIAL EN EL INTERIOR: PROPUESTAS SALARIALES Y NUEVOS DERECHOS EN MUNICIPIOS"},"content":{"rendered":"<p data-path-to-node=\"1\"><a href=\"https:\/\/atecordoba.org\/wp-content\/uploads\/2026\/03\/WhatsApp-Image-2026-03-10-at-15.08.56.jpeg\"><img loading=\"lazy\" decoding=\"async\" class=\"alignnone wp-image-52864 size-full\" src=\"https:\/\/atecordoba.org\/wp-content\/uploads\/2026\/03\/WhatsApp-Image-2026-03-10-at-15.08.56.jpeg\" alt=\"\" width=\"1024\" height=\"769\" srcset=\"https:\/\/atecordoba.org\/wp-content\/uploads\/2026\/03\/WhatsApp-Image-2026-03-10-at-15.08.56.jpeg 1024w, https:\/\/atecordoba.org\/wp-content\/uploads\/2026\/03\/WhatsApp-Image-2026-03-10-at-15.08.56-300x225.jpeg 300w, https:\/\/atecordoba.org\/wp-content\/uploads\/2026\/03\/WhatsApp-Image-2026-03-10-at-15.08.56-768x577.jpeg 768w, https:\/\/atecordoba.org\/wp-content\/uploads\/2026\/03\/WhatsApp-Image-2026-03-10-at-15.08.56-750x563.jpeg 750w\" sizes=\"auto, (max-width: 1024px) 100vw, 1024px\" \/><\/a><\/p>\n<p data-path-to-node=\"1\"><b data-path-to-node=\"1\" data-index-in-node=\"0\">El Consejo Directivo Provincial de ATE C\u00f3rdoba mantiene una intensa agenda de iniciativa pol\u00edtica en diversas localidades, presentando pliegos de recomposici\u00f3n salarial, impulsando licencias para sectores feminizados y exigiendo la apertura de mesas de negociaci\u00f3n laboral.<\/b><\/p>\n<hr data-path-to-node=\"2\" \/>\n<p data-path-to-node=\"3\">En un contexto de ajuste creciente, <b data-path-to-node=\"3\" data-index-in-node=\"36\">ATE C\u00f3rdoba<\/b> contin\u00faa expandiendo su representatividad y capacidad de propuesta en los municipios de la provincia. Durante las \u00faltimas horas, se han formalizado presentaciones clave en Agua de Oro, Alta Gracia y Villa Los Aromos, demostrando que la organizaci\u00f3n sindical es la herramienta fundamental para defender la dignidad de las y los trabajadores estatales.<\/p>\n<h2 data-path-to-node=\"4\">Agua de Oro: Propuesta salarial y relevamiento en sectores<\/h2>\n<p><a href=\"https:\/\/atecordoba.org\/wp-content\/uploads\/2026\/03\/WhatsApp-Image-2025-09-26-at-13.01.59-e1758905430921-1024x965-1.jpeg\"><img loading=\"lazy\" decoding=\"async\" class=\"alignnone size-full wp-image-52857\" src=\"https:\/\/atecordoba.org\/wp-content\/uploads\/2026\/03\/WhatsApp-Image-2025-09-26-at-13.01.59-e1758905430921-1024x965-1.jpeg\" alt=\"\" width=\"1024\" height=\"965\" srcset=\"https:\/\/atecordoba.org\/wp-content\/uploads\/2026\/03\/WhatsApp-Image-2025-09-26-at-13.01.59-e1758905430921-1024x965-1.jpeg 1024w, https:\/\/atecordoba.org\/wp-content\/uploads\/2026\/03\/WhatsApp-Image-2025-09-26-at-13.01.59-e1758905430921-1024x965-1-300x283.jpeg 300w, https:\/\/atecordoba.org\/wp-content\/uploads\/2026\/03\/WhatsApp-Image-2025-09-26-at-13.01.59-e1758905430921-1024x965-1-768x724.jpeg 768w, https:\/\/atecordoba.org\/wp-content\/uploads\/2026\/03\/WhatsApp-Image-2025-09-26-at-13.01.59-e1758905430921-1024x965-1-750x707.jpeg 750w\" sizes=\"auto, (max-width: 1024px) 100vw, 1024px\" \/><\/a><\/p>\n<p id=\"p-rc_10af6d2d5b3b3e59-17\" data-path-to-node=\"5\"><span data-path-to-node=\"5,1\"><span class=\"citation-27\">En el d\u00eda de hoy, ATE elev\u00f3 formalmente ante el Ejecutivo Municipal de <\/span><b data-path-to-node=\"5,1\" data-index-in-node=\"71\"><span class=\"citation-27\">Agua de Oro<\/span><\/b><span class=\"citation-27\">, a cargo del Sr. Miguel Aguirre, una propuesta integral de recomposici\u00f3n salarial para la totalidad de la planta, sin distinci\u00f3n de situaci\u00f3n contractual<\/span><\/span><span data-path-to-node=\"5,3\">.<\/span><\/p>\n<p data-path-to-node=\"6\">La propuesta presentada exige:<\/p>\n<ul data-path-to-node=\"7\">\n<li>\n<p id=\"p-rc_10af6d2d5b3b3e59-18\" data-path-to-node=\"7,0,0\"><span data-path-to-node=\"7,0,0,1\"><span class=\"citation-26\">Un aumento del <\/span><span class=\"math-inline\" data-math=\"4\\%\" data-index-in-node=\"15\">4%<\/span><span class=\"citation-26\">\u00a0retroactivo a enero, hasta mayo inclusive, con car\u00e1cter acumulativo y al b\u00e1sico<\/span><\/span><span data-path-to-node=\"7,0,0,3\">.<\/span><\/p>\n<\/li>\n<li>\n<p id=\"p-rc_10af6d2d5b3b3e59-19\" data-path-to-node=\"7,1,0\"><span data-path-to-node=\"7,1,0,1\"><span class=\"citation-25\">El incremento de los \u00edtems por asistencia, puntualidad y presentismo, pasando del <\/span><span class=\"math-inline\" data-math=\"6\\%\" data-index-in-node=\"82\">6%<\/span><span class=\"citation-25\"> al <\/span><span class=\"math-inline\" data-math=\"10\\%\" data-index-in-node=\"89\">10%$<\/span><\/span><\/p>\n<\/li>\n<li>\n<p id=\"p-rc_10af6d2d5b3b3e59-20\" data-path-to-node=\"7,2,0\"><span data-path-to-node=\"7,2,0,1\"><span class=\"citation-24\">La actualizaci\u00f3n del pago por refrigerio, solicitando que pase de <\/span><span class=\"math-inline\" data-math=\"48\" data-index-in-node=\"66\">48<\/span><span class=\"citation-24\"> mil a <\/span><span class=\"math-inline\" data-math=\"75\" data-index-in-node=\"75\">75<\/span><span class=\"citation-24\">\u00a0mil pesos<\/span><\/span><span data-path-to-node=\"7,2,0,3\">.<\/span><\/p>\n<\/li>\n<\/ul>\n<p data-path-to-node=\"8\">Como continuidad de esta acci\u00f3n, <b data-path-to-node=\"8\" data-index-in-node=\"33\">ma\u00f1ana mi\u00e9rcoles<\/b> se realizar\u00e1 un relevamiento recorriendo los distintos sectores de trabajo. La jornada estar\u00e1 encabezada por los delegados de Agua de Oro, <b data-path-to-node=\"8\" data-index-in-node=\"189\">Nora Rivero<\/b> y <b data-path-to-node=\"8\" data-index-in-node=\"203\">N\u00e9stor Olmos<\/b>, quienes estar\u00e1n acompa\u00f1ados por los compa\u00f1eros <b data-path-to-node=\"8\" data-index-in-node=\"264\">Luis Tapia<\/b> y <b data-path-to-node=\"8\" data-index-in-node=\"277\">Vladimir Su\u00e1rez<\/b>, delegados de Salsipuedes.<\/p>\n<h2 data-path-to-node=\"9\">Alta Gracia: Licencia Sanitaria con perspectiva de g\u00e9nero<\/h2>\n<p><a href=\"https:\/\/atecordoba.org\/wp-content\/uploads\/2026\/03\/Cba-alta-g.jpg\"><img loading=\"lazy\" decoding=\"async\" class=\"alignnone size-full wp-image-52860\" src=\"https:\/\/atecordoba.org\/wp-content\/uploads\/2026\/03\/Cba-alta-g.jpg\" alt=\"\" width=\"779\" height=\"350\" srcset=\"https:\/\/atecordoba.org\/wp-content\/uploads\/2026\/03\/Cba-alta-g.jpg 779w, https:\/\/atecordoba.org\/wp-content\/uploads\/2026\/03\/Cba-alta-g-300x135.jpg 300w, https:\/\/atecordoba.org\/wp-content\/uploads\/2026\/03\/Cba-alta-g-768x345.jpg 768w, https:\/\/atecordoba.org\/wp-content\/uploads\/2026\/03\/Cba-alta-g-750x337.jpg 750w\" sizes=\"auto, (max-width: 779px) 100vw, 779px\" \/><\/a><\/p>\n<p id=\"p-rc_10af6d2d5b3b3e59-21\" data-path-to-node=\"10\"><span data-path-to-node=\"10,1\"><span class=\"citation-23\">En <\/span><b data-path-to-node=\"10,1\" data-index-in-node=\"3\"><span class=\"citation-23\">Alta Gracia<\/span><\/b><span class=\"citation-23\">, el gremio realiz\u00f3 una presentaci\u00f3n ante el Concejo Deliberante solicitando la creaci\u00f3n de una <\/span><b data-path-to-node=\"10,1\" data-index-in-node=\"110\"><span class=\"citation-23\">Licencia Sanitaria<\/span><\/b><span class=\"citation-23\"> para el personal de salud municipal<\/span><\/span><span data-path-to-node=\"10,3\">. <\/span><span data-path-to-node=\"10,5\"><span class=\"citation-22\">Se trata de una licencia de siete d\u00edas corridos, obligatoria y semestral, destinada al conjunto de las y los trabajadores del sector, independientemente de su contrato<\/span><\/span><span data-path-to-node=\"10,7\">.<\/span><\/p>\n<p id=\"p-rc_10af6d2d5b3b3e59-22\" data-path-to-node=\"11\"><span data-path-to-node=\"11,1\"><span class=\"citation-21\">Esta iniciativa cobra especial relevancia en el marco de la reciente jornada por el <\/span><b data-path-to-node=\"11,1\" data-index-in-node=\"84\"><span class=\"citation-21\">8M<\/span><\/b><span class=\"citation-21\">, ya que busca garantizar derechos a un sector profundamente feminizado que enfrenta altos niveles de estr\u00e9s y riesgo biol\u00f3gico<\/span><\/span><span data-path-to-node=\"11,3\">. <\/span><span data-path-to-node=\"11,5\"><span class=\"citation-20\">ATE espera que el cuerpo legislativo act\u00fae con celeridad para dar cumplimiento a los Convenios 155 y 187 de la OIT, asegurando entornos de trabajo dignos<\/span><\/span><span data-path-to-node=\"11,7\">.<\/span><\/p>\n<h2 data-path-to-node=\"12\">Villa Los Aromos: Iniciativa pol\u00edtica ante la falta de di\u00e1logo<\/h2>\n<p><a href=\"https:\/\/atecordoba.org\/wp-content\/uploads\/2026\/03\/los-aromos.jpg\"><img loading=\"lazy\" decoding=\"async\" class=\"alignnone size-full wp-image-52861\" src=\"https:\/\/atecordoba.org\/wp-content\/uploads\/2026\/03\/los-aromos.jpg\" alt=\"\" width=\"696\" height=\"475\" srcset=\"https:\/\/atecordoba.org\/wp-content\/uploads\/2026\/03\/los-aromos.jpg 696w, https:\/\/atecordoba.org\/wp-content\/uploads\/2026\/03\/los-aromos-300x205.jpg 300w\" sizes=\"auto, (max-width: 696px) 100vw, 696px\" \/><\/a><\/p>\n<p id=\"p-rc_10af6d2d5b3b3e59-23\" data-path-to-node=\"13\"><span data-path-to-node=\"13,1\"><span class=\"citation-19\">Pese a la postura del Presidente Comunal de <\/span><b data-path-to-node=\"13,1\" data-index-in-node=\"44\"><span class=\"citation-19\">Villa Los Aromos<\/span><\/b><span class=\"citation-19\">, Daniel Pastorino, de no reconocer la representatividad del gremio, ATE C\u00f3rdoba mantiene la iniciativa pol\u00edtica<\/span><\/span><span data-path-to-node=\"13,3\">. <\/span><span data-path-to-node=\"13,5\"><span class=\"citation-18\">Se ha solicitado formalmente la apertura de una <\/span><b data-path-to-node=\"13,5\" data-index-in-node=\"48\"><span class=\"citation-18\">Mesa de Relaciones Laborales<\/span><\/b><span class=\"citation-18\"> para tratar una agenda urgente<\/span><\/span><span data-path-to-node=\"13,7\">:<\/span><\/p>\n<ul data-path-to-node=\"14\">\n<li>\n<p id=\"p-rc_10af6d2d5b3b3e59-24\" data-path-to-node=\"14,0,0\"><span data-path-to-node=\"14,0,0,1\"><span class=\"citation-17\">Recategorizaciones, estabilidad laboral y pase a planta permanente<\/span><\/span><span data-path-to-node=\"14,0,0,3\">.<\/span><\/p>\n<\/li>\n<li>\n<p id=\"p-rc_10af6d2d5b3b3e59-25\" data-path-to-node=\"14,1,0\"><span data-path-to-node=\"14,1,0,1\"><span class=\"citation-16\">Incorporaci\u00f3n de licencias clave: sanitaria y por violencia de g\u00e9nero<\/span><\/span><span data-path-to-node=\"14,1,0,3\">.<\/span><\/p>\n<\/li>\n<li>\n<p id=\"p-rc_10af6d2d5b3b3e59-26\" data-path-to-node=\"14,2,0\"><span data-path-to-node=\"14,2,0,1\"><span class=\"citation-15\">Condiciones de higiene, salud laboral y aumento de \u00edtems espec\u00edficos<\/span><\/span><span data-path-to-node=\"14,2,0,3\">.<\/span><\/p>\n<\/li>\n<\/ul>\n<h2 data-path-to-node=\"15\">Salsipuedes: Asamblea informativa<\/h2>\n<p><a href=\"https:\/\/atecordoba.org\/wp-content\/uploads\/2026\/03\/cba-4.jpeg\"><img loading=\"lazy\" decoding=\"async\" class=\"alignnone size-full wp-image-52856\" src=\"https:\/\/atecordoba.org\/wp-content\/uploads\/2026\/03\/cba-4.jpeg\" alt=\"\" width=\"750\" height=\"563\" srcset=\"https:\/\/atecordoba.org\/wp-content\/uploads\/2026\/03\/cba-4.jpeg 750w, https:\/\/atecordoba.org\/wp-content\/uploads\/2026\/03\/cba-4-300x225.jpeg 300w\" sizes=\"auto, (max-width: 750px) 100vw, 750px\" \/><\/a><\/p>\n<p data-path-to-node=\"16\">Finalmente, en la localidad de <b data-path-to-node=\"16\" data-index-in-node=\"31\">Salsipuedes<\/b>, se llevar\u00e1 a cabo ma\u00f1ana una asamblea de trabajadores. El objetivo es dar a conocer y debatir la propuesta salarial realizada por el Ejecutivo municipal y definir de manera colectiva los pasos a seguir en el plan de lucha.<\/p>\n<hr data-path-to-node=\"17\" \/>\n<p data-path-to-node=\"18\"><b data-path-to-node=\"18\" data-index-in-node=\"0\">ATE C\u00f3rdoba reafirma su compromiso con el municipalismo, llevando la organizaci\u00f3n y la propuesta a cada rinc\u00f3n de la provincia para que ning\u00fan trabajador estatal quede solo frente al ajuste.<\/b><\/p>\n","protected":false},"excerpt":{"rendered":"<p>El Consejo Directivo Provincial de ATE C\u00f3rdoba mantiene una intensa agenda de iniciativa pol\u00edtica en diversas localidades, presentando pliegos de recomposici\u00f3n salarial, impulsando licencias para sectores feminizados y exigiendo la apertura de mesas de negociaci\u00f3n laboral. En un contexto de ajuste creciente, ATE C\u00f3rdoba contin\u00faa expandiendo su representatividad y capacidad de propuesta en los municipios [&hellip;]<\/p>\n","protected":false},"author":3,"featured_media":52864,"comment_status":"open","ping_status":"open","sticky":false,"template":"","format":"standard","meta":{"_exactmetrics_skip_tracking":false,"_exactmetrics_sitenote_active":false,"_exactmetrics_sitenote_note":"","_exactmetrics_sitenote_category":0,"jnews-multi-image_gallery":[],"jnews_single_post":{"format":"standard","override":[{"template":"1","parallax":"1","fullscreen":"1","layout":"no-sidebar-narrow","sidebar":"default-sidebar","second_sidebar":"default-sidebar","sticky_sidebar":"1","share_position":"bottom","share_float_style":"share-monocrhome","show_share_counter":"1","show_view_counter":"1","show_post_meta":"1","show_post_author_image":"1","show_post_date":"1","post_date_format":"default","post_date_format_custom":"Y\/m\/d","show_post_category":"1","show_post_reading_time":"0","post_reading_time_wpm":"300","post_calculate_word_method":"str_word_count","show_zoom_button":"0","zoom_button_out_step":"2","zoom_button_in_step":"3","show_post_tag":"1","number_popup_post":"1","show_post_related":"1","show_inline_post_related":"0"}],"image_override":[{"single_post_thumbnail_size":"crop-500","single_post_gallery_size":"crop-500"}],"trending_post_position":"meta","trending_post_label":"Trending","sponsored_post_label":"Sponsored by","disable_ad":"0"},"jnews_primary_category":[],"jnews_social_meta":[],"jnews_review":[],"enable_review":"","type":"percentage","name":"","summary":"","brand":"","sku":"","good":[],"bad":[],"score_override":"","override_value":"","rating":[],"price":[],"jnews_override_counter":{"view_counter_number":"0","share_counter_number":"0","like_counter_number":"0","dislike_counter_number":"0"},"jnews_post_split":{"post_split":[{"template":"1","tag":"h2","numbering":"asc","mode":"normal","first":"0","enable_toc":"0","toc_type":"normal"}]},"footnotes":""},"categories":[20],"tags":[],"class_list":["post-52854","post","type-post","status-publish","format-standard","has-post-thumbnail","hentry","category-municipales"],"jetpack_featured_media_url":"https:\/\/atecordoba.org\/wp-content\/uploads\/2026\/03\/WhatsApp-Image-2026-03-10-at-15.08.56.jpeg","_links":{"self":[{"href":"https:\/\/atecordoba.org\/index.php?rest_route=\/wp\/v2\/posts\/52854","targetHints":{"allow":["GET"]}}],"collection":[{"href":"https:\/\/atecordoba.org\/index.php?rest_route=\/wp\/v2\/posts"}],"about":[{"href":"https:\/\/atecordoba.org\/index.php?rest_route=\/wp\/v2\/types\/post"}],"author":[{"embeddable":true,"href":"https:\/\/atecordoba.org\/index.php?rest_route=\/wp\/v2\/users\/3"}],"replies":[{"embeddable":true,"href":"https:\/\/atecordoba.org\/index.php?rest_route=%2Fwp%2Fv2%2Fcomments&post=52854"}],"version-history":[{"count":3,"href":"https:\/\/atecordoba.org\/index.php?rest_route=\/wp\/v2\/posts\/52854\/revisions"}],"predecessor-version":[{"id":52865,"href":"https:\/\/atecordoba.org\/index.php?rest_route=\/wp\/v2\/posts\/52854\/revisions\/52865"}],"wp:featuredmedia":[{"embeddable":true,"href":"https:\/\/atecordoba.org\/index.php?rest_route=\/wp\/v2\/media\/52864"}],"wp:attachment":[{"href":"https:\/\/atecordoba.org\/index.php?rest_route=%2Fwp%2Fv2%2Fmedia&parent=52854"}],"wp:term":[{"taxonomy":"category","embeddable":true,"href":"https:\/\/atecordoba.org\/index.php?rest_route=%2Fwp%2Fv2%2Fcategories&post=52854"},{"taxonomy":"post_tag","embeddable":true,"href":"https:\/\/atecordoba.org\/index.php?rest_route=%2Fwp%2Fv2%2Ftags&post=52854"}],"curies":[{"name":"wp","href":"https:\/\/api.w.org\/{rel}","templated":true}]}}