{"id":52845,"date":"2026-03-09T15:08:45","date_gmt":"2026-03-09T18:08:45","guid":{"rendered":"https:\/\/atecordoba.org\/?p=52845"},"modified":"2026-03-09T16:28:24","modified_gmt":"2026-03-09T19:28:24","slug":"rio-ceballos-ate-denunciara-en-la-justicia-al-intendente-lemos-tras-negarse-a-reconocer-a-nuestro-sindicato-y-a-la-masa-de-afiliados-que-representamos","status":"publish","type":"post","link":"https:\/\/atecordoba.org\/?p=52845","title":{"rendered":"R\u00edo Ceballos: ATE denunciar\u00e1 en la Justicia al Intendente Lemos tras negarse a reconocer a nuestro sindicato y a la masa de afiliados que representamos"},"content":{"rendered":"<p><img loading=\"lazy\" decoding=\"async\" class=\"aligncenter wp-image-52846 \" src=\"https:\/\/atecordoba.org\/wp-content\/uploads\/2026\/03\/WhatsApp-Image-2026-03-09-at-14.44.22-3.jpeg\" alt=\"\" width=\"630\" height=\"473\" srcset=\"https:\/\/atecordoba.org\/wp-content\/uploads\/2026\/03\/WhatsApp-Image-2026-03-09-at-14.44.22-3.jpeg 768w, https:\/\/atecordoba.org\/wp-content\/uploads\/2026\/03\/WhatsApp-Image-2026-03-09-at-14.44.22-3-300x225.jpeg 300w, https:\/\/atecordoba.org\/wp-content\/uploads\/2026\/03\/WhatsApp-Image-2026-03-09-at-14.44.22-3-750x563.jpeg 750w\" sizes=\"auto, (max-width: 630px) 100vw, 630px\" \/>Despu\u00e9s que el intendente de R\u00edo Ceballos Ezequiel Lemos se negara a reconocer a ATE como gremio con \u00e1mbito de actuaci\u00f3n en\u00a0 la localidad serrana e impidiera la retenci\u00f3n de la cuota de afiliaci\u00f3n que marca la ley, ATE anunci\u00f3 que llevar\u00e1 cabo una denuncia Judicial contra la Municipalidad.<\/p>\n<p>La secretaria de Prensa de ATE C\u00f3rdoba, Julia Giuliani, lo adelant\u00f3 en una entrevista que le realiz\u00f3 una radio local, donde explic\u00f3 la postura de nuestro gremio y los fundamentos que avalan la participaci\u00f3n de ATE en R\u00edo Ceballos.<\/p>\n<p>&#8220;Claramente el no reconocimiento de ATE para que las y los trabajadores de la Municipalidad de R\u00edo Ceballos puedan afiliarse a nuestro sindicato, responde a una decisi\u00f3n pol\u00edtica por parte del Ejecutivo Municipal&#8221;, dijo Giuliani.<\/p>\n<p>&#8220;El Intendente Lemos alega un estatuto de la Municipalidad de R\u00edo Ceballos en donde dice que solamente reconoce a un sindicato que sabemos que es oficialista siempre, gobierne quien gobierne. En ese sentido, nosotros desde la parte legal hacemos referencia a la legislaci\u00f3n nacional e internacional que fundamenta a libertad y democracia sindical. Cada compa\u00f1ero y compa\u00f1era puede elegir qu\u00e9 sindicato es el que mejor lo representa\u201d, remarc\u00f3.<\/p>\n<p>En tal sentido, la dirigente explic\u00f3 que &#8220;no ca\u00edmos en paraca\u00eddas a R\u00edo Ceballos: un grupo importante de trabajadores que no se sienten representados por el otro sindicato se acercaron a nuestro gremio para que los representemos. Pero como se han agotado todas las instancias por la v\u00eda administrativa y si se quiere la intenci\u00f3n nuestra de tener un di\u00e1logo m\u00e1s pol\u00edtico, es que se judicializa el reconocimiento de ATE para poder avanzar en la representatividad de los trabajadores&#8221;.<\/p>\n<p>ATE reclama\u00a0que el municipio oficie como agente de retenci\u00f3n de la cuota sindical asi como el reconocimiento para poder intervenir en la discusi\u00f3n paritaria, las mesas de relaciones laborales, para poder negociar con el Ejecutivo, incluso con el otro sindicato.<\/p>\n<p>&#8220;Lo importante es ver de qu\u00e9 manera le solucionamos los problemas a la gente. Esa deber\u00eda ser la prioridad y la funci\u00f3n de un sindicato, no estar mirando o impugnando qu\u00e9 hace el otro gremio&#8221;, critic\u00f3 Giuliani.<\/p>\n<p>Para finalizar, la secretaria de Prensa que es a su vez vocal del Consejo Directivo Nacional e integra el Departamento de Municipales de ATE Nacional, dijo que &#8220;tenemos muchos antecedentes en los que hemos ganado estos litigios y esto implica del tesoro municipal van a tener que salir despu\u00e9s los fondos de todos los meses en los cuales los trabajadores no pudieron realizar su pago. Yo no creo que ni el Intendente ni su secretario de Gobierno pongan ese dinero, seguramente ser\u00e1 plata de la Municipalidad, de las vecinas y los vecinos que todos los d\u00edas hacen un esfuerzo para poder pagar los impuestos&#8221;.<\/p>\n<p>Y complet\u00f3: &#8220;hoy ingresamos por el Concejo de Deliberante una nota para que solicite un pedido de informe al Ejecutivo sobre cu\u00e1l es el motivo por el cual no reconoce a ATE, para que los concejales sepan las consecuencias que eso puede traer&#8221;.<\/p>\n<p>&nbsp;<\/p>\n","protected":false},"excerpt":{"rendered":"<p>Despu\u00e9s que el intendente de R\u00edo Ceballos Ezequiel Lemos se negara a reconocer a ATE como gremio con \u00e1mbito de actuaci\u00f3n en\u00a0 la localidad serrana e impidiera la retenci\u00f3n de la cuota de afiliaci\u00f3n que marca la ley, ATE anunci\u00f3 que llevar\u00e1 cabo una denuncia Judicial contra la Municipalidad. La secretaria de Prensa de ATE [&hellip;]<\/p>\n","protected":false},"author":7,"featured_media":52846,"comment_status":"open","ping_status":"open","sticky":false,"template":"","format":"standard","meta":{"_exactmetrics_skip_tracking":false,"_exactmetrics_sitenote_active":false,"_exactmetrics_sitenote_note":"","_exactmetrics_sitenote_category":0,"jnews-multi-image_gallery":[],"jnews_single_post":{"format":"standard","override":[{"template":"1","parallax":"1","fullscreen":"1","layout":"no-sidebar-narrow","sidebar":"default-sidebar","second_sidebar":"default-sidebar","sticky_sidebar":"1","share_position":"bottom","share_float_style":"share-monocrhome","show_share_counter":"1","show_view_counter":"1","show_post_meta":"1","show_post_author_image":"1","show_post_date":"1","post_date_format":"default","post_date_format_custom":"Y\/m\/d","show_post_category":"1","show_post_reading_time":"0","post_reading_time_wpm":"300","post_calculate_word_method":"str_word_count","show_zoom_button":"0","zoom_button_out_step":"2","zoom_button_in_step":"3","show_post_tag":"1","number_popup_post":"1","show_post_related":"1","show_inline_post_related":"0"}],"image_override":[{"single_post_thumbnail_size":"crop-500","single_post_gallery_size":"crop-500"}],"trending_post_position":"meta","trending_post_label":"Trending","sponsored_post_label":"Sponsored by","disable_ad":"0"},"jnews_primary_category":[],"jnews_social_meta":[],"jnews_review":[],"enable_review":"","type":"percentage","name":"","summary":"","brand":"","sku":"","good":[],"bad":[],"score_override":"","override_value":"","rating":[],"price":[],"jnews_override_counter":{"view_counter_number":"0","share_counter_number":"0","like_counter_number":"0","dislike_counter_number":"0"},"jnews_post_split":{"post_split":[{"template":"1","tag":"h2","numbering":"asc","mode":"normal","first":"0","enable_toc":"0","toc_type":"normal"}]},"footnotes":""},"categories":[20],"tags":[],"class_list":["post-52845","post","type-post","status-publish","format-standard","has-post-thumbnail","hentry","category-municipales"],"jetpack_featured_media_url":"https:\/\/atecordoba.org\/wp-content\/uploads\/2026\/03\/WhatsApp-Image-2026-03-09-at-14.44.22-3.jpeg","_links":{"self":[{"href":"https:\/\/atecordoba.org\/index.php?rest_route=\/wp\/v2\/posts\/52845","targetHints":{"allow":["GET"]}}],"collection":[{"href":"https:\/\/atecordoba.org\/index.php?rest_route=\/wp\/v2\/posts"}],"about":[{"href":"https:\/\/atecordoba.org\/index.php?rest_route=\/wp\/v2\/types\/post"}],"author":[{"embeddable":true,"href":"https:\/\/atecordoba.org\/index.php?rest_route=\/wp\/v2\/users\/7"}],"replies":[{"embeddable":true,"href":"https:\/\/atecordoba.org\/index.php?rest_route=%2Fwp%2Fv2%2Fcomments&post=52845"}],"version-history":[{"count":3,"href":"https:\/\/atecordoba.org\/index.php?rest_route=\/wp\/v2\/posts\/52845\/revisions"}],"predecessor-version":[{"id":52853,"href":"https:\/\/atecordoba.org\/index.php?rest_route=\/wp\/v2\/posts\/52845\/revisions\/52853"}],"wp:featuredmedia":[{"embeddable":true,"href":"https:\/\/atecordoba.org\/index.php?rest_route=\/wp\/v2\/media\/52846"}],"wp:attachment":[{"href":"https:\/\/atecordoba.org\/index.php?rest_route=%2Fwp%2Fv2%2Fmedia&parent=52845"}],"wp:term":[{"taxonomy":"category","embeddable":true,"href":"https:\/\/atecordoba.org\/index.php?rest_route=%2Fwp%2Fv2%2Fcategories&post=52845"},{"taxonomy":"post_tag","embeddable":true,"href":"https:\/\/atecordoba.org\/index.php?rest_route=%2Fwp%2Fv2%2Ftags&post=52845"}],"curies":[{"name":"wp","href":"https:\/\/api.w.org\/{rel}","templated":true}]}}