{"id":52821,"date":"2026-03-09T11:46:57","date_gmt":"2026-03-09T14:46:57","guid":{"rendered":"https:\/\/atecordoba.org\/?p=52821"},"modified":"2026-03-09T11:46:57","modified_gmt":"2026-03-09T14:46:57","slug":"elevan-a-juicio-la-causa-armada-contra-federico-giuliani-secretario-general-de-ate-y-cta-cordoba","status":"publish","type":"post","link":"https:\/\/atecordoba.org\/?p=52821","title":{"rendered":"Elevan a juicio la causa armada contra Federico Giuliani, Secretario General de ATE y CTA C\u00f3rdoba"},"content":{"rendered":"<p><a href=\"https:\/\/atecordoba.org\/wp-content\/uploads\/2026\/03\/WhatsApp-Image-2026-03-09-at-11.42.03.jpeg\"><img loading=\"lazy\" decoding=\"async\" class=\"alignnone size-full wp-image-52825\" src=\"https:\/\/atecordoba.org\/wp-content\/uploads\/2026\/03\/WhatsApp-Image-2026-03-09-at-11.42.03.jpeg\" alt=\"\" width=\"1440\" height=\"1440\" srcset=\"https:\/\/atecordoba.org\/wp-content\/uploads\/2026\/03\/WhatsApp-Image-2026-03-09-at-11.42.03.jpeg 1440w, https:\/\/atecordoba.org\/wp-content\/uploads\/2026\/03\/WhatsApp-Image-2026-03-09-at-11.42.03-300x300.jpeg 300w, https:\/\/atecordoba.org\/wp-content\/uploads\/2026\/03\/WhatsApp-Image-2026-03-09-at-11.42.03-1024x1024.jpeg 1024w, https:\/\/atecordoba.org\/wp-content\/uploads\/2026\/03\/WhatsApp-Image-2026-03-09-at-11.42.03-150x150.jpeg 150w, https:\/\/atecordoba.org\/wp-content\/uploads\/2026\/03\/WhatsApp-Image-2026-03-09-at-11.42.03-768x768.jpeg 768w, https:\/\/atecordoba.org\/wp-content\/uploads\/2026\/03\/WhatsApp-Image-2026-03-09-at-11.42.03-560x560.jpeg 560w, https:\/\/atecordoba.org\/wp-content\/uploads\/2026\/03\/WhatsApp-Image-2026-03-09-at-11.42.03-75x75.jpeg 75w, https:\/\/atecordoba.org\/wp-content\/uploads\/2026\/03\/WhatsApp-Image-2026-03-09-at-11.42.03-350x350.jpeg 350w, https:\/\/atecordoba.org\/wp-content\/uploads\/2026\/03\/WhatsApp-Image-2026-03-09-at-11.42.03-750x750.jpeg 750w, https:\/\/atecordoba.org\/wp-content\/uploads\/2026\/03\/WhatsApp-Image-2026-03-09-at-11.42.03-1140x1140.jpeg 1140w\" sizes=\"auto, (max-width: 1440px) 100vw, 1440px\" \/><\/a><\/p>\n<p>La Fiscal\u00eda a cargo de <strong>De Arag\u00f3n<\/strong> present\u00f3 el requerimiento de elevaci\u00f3n a juicio en la causa abierta por los hechos ocurridos el <strong>28 de agosto frente a la Secretar\u00eda de Pol\u00edticas Sociales de la Municipalidad de C\u00f3rdoba<\/strong>, en lo que desde ATE C\u00f3rdoba denunciamos como <strong>una grave maniobra de criminalizaci\u00f3n de la protesta social<\/strong> basada en una investigaci\u00f3n plagada de inconsistencias, contradicciones y omisiones deliberadas.<\/p>\n<p>Durante aquella jornada de reclamo social, <strong>dirigentes sindicales, militantes y trabajadores fueron detenidos y trasladados al penal de Bouwer<\/strong>, en un operativo policial desmedido que hoy intenta justificarse judicialmente a partir de testimonios que no resisten el menor an\u00e1lisis.<\/p>\n<p>Entre las personas detenidas se encontraba <strong>Federico Giuliani, secretario general de ATE C\u00f3rdoba y de la CTA C\u00f3rdoba<\/strong>, quien permaneci\u00f3 <strong>24 horas esposado a la cama de un hospital<\/strong>, en un hecho de extrema gravedad institucional. Tambi\u00e9n fue detenida <strong>Silvia Alcoba, secretaria adjunta de la CTA C\u00f3rdoba<\/strong>, junto a otros militantes y trabajadores que participaron de la jornada de protesta.<\/p>\n<p>Asimismo, <strong>C\u00e9sar Theaux<\/strong>, secretario de Derechos Humanos, se encontraba en el lugar <strong>cumpliendo funciones de <\/strong><strong>asistencia legal y se identific\u00f3 como abogado<\/strong>, mientras que <strong>Ferm\u00edn Den<a href=\"https:\/\/atecordoba.org\/wp-content\/uploads\/2026\/03\/2-169x300-1.jpeg\"><img loading=\"lazy\" decoding=\"async\" class=\"alignleft wp-image-52824 size-full\" src=\"https:\/\/atecordoba.org\/wp-content\/uploads\/2026\/03\/2-169x300-1-e1773066896463.jpeg\" alt=\"\" width=\"165\" height=\"148\" \/><\/a>ipoti<\/strong>, trabajador de prensa del sindicato, <strong>se identific\u00f3 como periodista<\/strong> durante la cobertura de los hechos. Sin embargo, <strong>todos terminaron detenidos y trasladados al penal de Bouwer<\/strong>, evidenciando el car\u00e1cter indiscriminado y arbitrario del operativo policial.<\/p>\n<p>&nbsp;<\/p>\n<h3><strong>Una investigaci\u00f3n plagada de contradicciones<\/strong><\/h3>\n<p>El requerimiento de elevaci\u00f3n a juicio intenta sostener una acusaci\u00f3n basada en <strong>testimonios contradictorios y hechos que nunca fueron debidamente verificados<\/strong> por la fiscal\u00eda.<\/p>\n<p>Entre las irregularidades m\u00e1s graves aparece el hecho de que <strong>empleados municipales declaran haber visto desde el interior del edificio supuestas acciones realizadas por manifestantes en el exterior<\/strong>, algo que resulta <strong>materialmente imposible<\/strong>, ya que <strong>los vidrios del edificio de la Secretar\u00eda se encuentran ploteados<\/strong>, lo que impide ver hacia afuera.<\/p>\n<p>Incluso <strong>los propios testigos incorporados por la fiscal\u00eda afirman que fueron efectivos policiales quienes colocaron los escritorios y elementos dentro del lugar<\/strong>, lo que contradice el relato que intenta instalar la acusaci\u00f3n.<\/p>\n<p>A esto se suma que <strong>ninguno de los hechos denunciados est\u00e1 debidamente individualizado<\/strong>, es decir, <strong>no se identifica concretamente a qui\u00e9n habr\u00eda realizado cada acci\u00f3n<\/strong>, lo que deja al descubierto la fragilidad de una causa que intenta responsabilizar de manera general a manifestantes y organizaciones.<\/p>\n<h3><strong>Un polic\u00eda clave desaparecido del expediente<\/strong><\/h3>\n<p><a href=\"https:\/\/atecordoba.org\/wp-content\/uploads\/2026\/03\/WhatsApp-Image-2026-02-11-at-11.03.37.jpeg\"><img loading=\"lazy\" decoding=\"async\" class=\"wp-image-52822 size-medium alignleft\" src=\"https:\/\/atecordoba.org\/wp-content\/uploads\/2026\/03\/WhatsApp-Image-2026-02-11-at-11.03.37-225x300.jpeg\" alt=\"\" width=\"225\" height=\"300\" srcset=\"https:\/\/atecordoba.org\/wp-content\/uploads\/2026\/03\/WhatsApp-Image-2026-02-11-at-11.03.37-225x300.jpeg 225w, https:\/\/atecordoba.org\/wp-content\/uploads\/2026\/03\/WhatsApp-Image-2026-02-11-at-11.03.37-768x1024.jpeg 768w, https:\/\/atecordoba.org\/wp-content\/uploads\/2026\/03\/WhatsApp-Image-2026-02-11-at-11.03.37-1152x1536.jpeg 1152w, https:\/\/atecordoba.org\/wp-content\/uploads\/2026\/03\/WhatsApp-Image-2026-02-11-at-11.03.37-750x1000.jpeg 750w, https:\/\/atecordoba.org\/wp-content\/uploads\/2026\/03\/WhatsApp-Image-2026-02-11-at-11.03.37-1140x1520.jpeg 1140w, https:\/\/atecordoba.org\/wp-content\/uploads\/2026\/03\/WhatsApp-Image-2026-02-11-at-11.03.37.jpeg 1200w\" sizes=\"auto, (max-width: 225px) 100vw, 225px\" \/><\/a>La fragilidad de la investigaci\u00f3n se vuelve a\u00fan m\u00e1s evidente con otra irregularidad grave: <strong>la inexplicable ausencia en el expediente de un subdirector de la Polic\u00eda que estuvo presente en el operativo<\/strong>.<\/p>\n<p>Este funcionario policial <strong>apareci\u00f3 en la escena durante la jornada del 28 de agosto<\/strong>, sin embargo <strong>no fue nombrado por ning\u00fan efectivo policial de menor rango en sus declaraciones<\/strong> y <strong>tampoco figura en ning\u00fan tramo de la causa<\/strong>, pese a que su presencia fue <strong>incorporada en la denuncia presentada por nuestra organizaci\u00f3n<\/strong>.<\/p>\n<p>La negativa de la fiscal\u00eda a incorporar este elemento clave <strong>profundiza las sospechas sobre el direccionamiento de la investigaci\u00f3n<\/strong>.<\/p>\n<h3><\/h3>\n<h3><strong>Un intento de disciplinar la protesta<\/strong><\/h3>\n<p><a href=\"https:\/\/atecordoba.org\/wp-content\/uploads\/2026\/03\/nueva-169x300-1.jpg\"><img loading=\"lazy\" decoding=\"async\" class=\"size-full wp-image-52823 alignleft\" src=\"https:\/\/atecordoba.org\/wp-content\/uploads\/2026\/03\/nueva-169x300-1.jpg\" alt=\"\" width=\"169\" height=\"300\" \/><\/a>Para ATE C\u00f3rdoba, el avance de esta causa judicial <strong>no puede entenderse de manera aislada<\/strong>. Se trata de un intento de <strong>disciplinar a las organizaciones sociales, sindicales y populares que se movilizan frente al ajuste y el deterioro de las condiciones de vida<\/strong>.<\/p>\n<p>La secuencia de <strong>represi\u00f3n, detenciones arbitrarias, dirigentes esposados, traslado al penal de Bouwer y una causa judicial plagada de irregularidades<\/strong> evidencia una estrategia que busca <strong>criminalizar la protesta social<\/strong>.<\/p>\n<p>Desde nuestra organizaci\u00f3n advertimos que <strong>lo que se est\u00e1 ensayando en C\u00f3rdoba es un verdadero experimento pol\u00edtico y judicial<\/strong>: un caso testigo para <strong>instalar las condiciones que permitan avanzar con la aplicaci\u00f3n del protocolo antipiquetes<\/strong> y restringir el derecho constitucional a la protesta.<\/p>\n<p>Frente a este escenario, desde ATE C\u00f3rdoba reafirmamos que <strong>no vamos a aceptar la persecuci\u00f3n judicial contra quienes luchan por los derechos del pueblo<\/strong>.<\/p>\n<p><strong>Defender el derecho a protestar es defender la democracia.<\/strong><\/p>\n","protected":false},"excerpt":{"rendered":"<p>La Fiscal\u00eda a cargo de De Arag\u00f3n present\u00f3 el requerimiento de elevaci\u00f3n a juicio en la causa abierta por los hechos ocurridos el 28 de agosto frente a la Secretar\u00eda de Pol\u00edticas Sociales de la Municipalidad de C\u00f3rdoba, en lo que desde ATE C\u00f3rdoba denunciamos como una grave maniobra de criminalizaci\u00f3n de la protesta social [&hellip;]<\/p>\n","protected":false},"author":3,"featured_media":52825,"comment_status":"open","ping_status":"open","sticky":false,"template":"","format":"standard","meta":{"_exactmetrics_skip_tracking":false,"_exactmetrics_sitenote_active":false,"_exactmetrics_sitenote_note":"","_exactmetrics_sitenote_category":0,"jnews-multi-image_gallery":[],"jnews_single_post":[],"jnews_primary_category":[],"jnews_social_meta":[],"jnews_review":[],"enable_review":"","type":"","name":"","summary":"","brand":"","sku":"","good":[],"bad":[],"score_override":"","override_value":"","rating":[],"price":[],"jnews_override_counter":[],"jnews_post_split":[],"footnotes":""},"categories":[10],"tags":[],"class_list":["post-52821","post","type-post","status-publish","format-standard","has-post-thumbnail","hentry","category-accion-politica"],"jetpack_featured_media_url":"https:\/\/atecordoba.org\/wp-content\/uploads\/2026\/03\/WhatsApp-Image-2026-03-09-at-11.42.03.jpeg","_links":{"self":[{"href":"https:\/\/atecordoba.org\/index.php?rest_route=\/wp\/v2\/posts\/52821","targetHints":{"allow":["GET"]}}],"collection":[{"href":"https:\/\/atecordoba.org\/index.php?rest_route=\/wp\/v2\/posts"}],"about":[{"href":"https:\/\/atecordoba.org\/index.php?rest_route=\/wp\/v2\/types\/post"}],"author":[{"embeddable":true,"href":"https:\/\/atecordoba.org\/index.php?rest_route=\/wp\/v2\/users\/3"}],"replies":[{"embeddable":true,"href":"https:\/\/atecordoba.org\/index.php?rest_route=%2Fwp%2Fv2%2Fcomments&post=52821"}],"version-history":[{"count":1,"href":"https:\/\/atecordoba.org\/index.php?rest_route=\/wp\/v2\/posts\/52821\/revisions"}],"predecessor-version":[{"id":52826,"href":"https:\/\/atecordoba.org\/index.php?rest_route=\/wp\/v2\/posts\/52821\/revisions\/52826"}],"wp:featuredmedia":[{"embeddable":true,"href":"https:\/\/atecordoba.org\/index.php?rest_route=\/wp\/v2\/media\/52825"}],"wp:attachment":[{"href":"https:\/\/atecordoba.org\/index.php?rest_route=%2Fwp%2Fv2%2Fmedia&parent=52821"}],"wp:term":[{"taxonomy":"category","embeddable":true,"href":"https:\/\/atecordoba.org\/index.php?rest_route=%2Fwp%2Fv2%2Fcategories&post=52821"},{"taxonomy":"post_tag","embeddable":true,"href":"https:\/\/atecordoba.org\/index.php?rest_route=%2Fwp%2Fv2%2Ftags&post=52821"}],"curies":[{"name":"wp","href":"https:\/\/api.w.org\/{rel}","templated":true}]}}