{"id":52816,"date":"2026-03-09T10:59:25","date_gmt":"2026-03-09T13:59:25","guid":{"rendered":"https:\/\/atecordoba.org\/?p=52816"},"modified":"2026-03-09T10:59:25","modified_gmt":"2026-03-09T13:59:25","slug":"la-caja-es-de-las-y-los-trabajadores-ate-rechaza-el-referendum-extorsivo-de-llaryora-y-lorenzo","status":"publish","type":"post","link":"https:\/\/atecordoba.org\/?p=52816","title":{"rendered":"\u00a1LA CAJA ES DE LAS Y LOS TRABAJADORES! ATE RECHAZA EL REFER\u00c9NDUM EXTORSIVO DE LLARYORA Y LORENZO"},"content":{"rendered":"<p data-path-to-node=\"3\"><a href=\"https:\/\/atecordoba.org\/wp-content\/uploads\/2026\/03\/caja-de-jubilaciones-cordoba-2189640.jpg\"><img loading=\"lazy\" decoding=\"async\" class=\"alignnone size-full wp-image-52818\" src=\"https:\/\/atecordoba.org\/wp-content\/uploads\/2026\/03\/caja-de-jubilaciones-cordoba-2189640.jpg\" alt=\"\" width=\"987\" height=\"555\" srcset=\"https:\/\/atecordoba.org\/wp-content\/uploads\/2026\/03\/caja-de-jubilaciones-cordoba-2189640.jpg 987w, https:\/\/atecordoba.org\/wp-content\/uploads\/2026\/03\/caja-de-jubilaciones-cordoba-2189640-300x169.jpg 300w, https:\/\/atecordoba.org\/wp-content\/uploads\/2026\/03\/caja-de-jubilaciones-cordoba-2189640-768x432.jpg 768w, https:\/\/atecordoba.org\/wp-content\/uploads\/2026\/03\/caja-de-jubilaciones-cordoba-2189640-750x422.jpg 750w\" sizes=\"auto, (max-width: 987px) 100vw, 987px\" \/><\/a><\/p>\n<p data-path-to-node=\"3\"><b data-path-to-node=\"3\" data-index-in-node=\"0\">Desde ATE C\u00f3rdoba denunciamos el intento del oficialismo de poner en duda la continuidad de nuestra Caja de Jubilaciones. Ante el fracaso judicial de su mal llamada &#8220;Ley de Equidad&#8221;, el Ejecutivo provincial pretende extorsionar a la clase trabajadora con una consulta popular tramposa. \u00a1La Caja no se toca, la Caja se defiende!<\/b><\/p>\n<hr data-path-to-node=\"4\" \/>\n<p data-path-to-node=\"5\">En los \u00faltimos d\u00edas, el escenario pol\u00edtico cordob\u00e9s se ha visto sacudido por una nueva ofensiva contra los derechos previsionales. El Gobierno de <b data-path-to-node=\"5\" data-index-in-node=\"146\">Mart\u00edn Llaryora<\/b>, ante la lluvia de amparos y planteos de inconstitucionalidad que est\u00e1 recibiendo su <b data-path-to-node=\"5\" data-index-in-node=\"247\">Ley de Equidad Jubilatoria (Ley 11.087)<\/b>, ha vuelto a agitar el fantasma de un <b data-path-to-node=\"5\" data-index-in-node=\"325\">refer\u00e9ndum<\/b>.<\/p>\n<p data-path-to-node=\"5\"><a href=\"https:\/\/atecordoba.org\/wp-content\/uploads\/2026\/03\/309420923_563418045716221_8252577391722651144_n.jpg\"><img loading=\"lazy\" decoding=\"async\" class=\"wp-image-52817 size-medium alignleft\" src=\"https:\/\/atecordoba.org\/wp-content\/uploads\/2026\/03\/309420923_563418045716221_8252577391722651144_n-300x300.jpg\" alt=\"\" width=\"300\" height=\"300\" srcset=\"https:\/\/atecordoba.org\/wp-content\/uploads\/2026\/03\/309420923_563418045716221_8252577391722651144_n-300x300.jpg 300w, https:\/\/atecordoba.org\/wp-content\/uploads\/2026\/03\/309420923_563418045716221_8252577391722651144_n-1024x1024.jpg 1024w, https:\/\/atecordoba.org\/wp-content\/uploads\/2026\/03\/309420923_563418045716221_8252577391722651144_n-150x150.jpg 150w, https:\/\/atecordoba.org\/wp-content\/uploads\/2026\/03\/309420923_563418045716221_8252577391722651144_n-768x769.jpg 768w, https:\/\/atecordoba.org\/wp-content\/uploads\/2026\/03\/309420923_563418045716221_8252577391722651144_n-560x560.jpg 560w, https:\/\/atecordoba.org\/wp-content\/uploads\/2026\/03\/309420923_563418045716221_8252577391722651144_n-75x75.jpg 75w, https:\/\/atecordoba.org\/wp-content\/uploads\/2026\/03\/309420923_563418045716221_8252577391722651144_n-350x350.jpg 350w, https:\/\/atecordoba.org\/wp-content\/uploads\/2026\/03\/309420923_563418045716221_8252577391722651144_n-750x751.jpg 750w, https:\/\/atecordoba.org\/wp-content\/uploads\/2026\/03\/309420923_563418045716221_8252577391722651144_n.jpg 1066w\" sizes=\"auto, (max-width: 300px) 100vw, 300px\" \/><\/a><\/p>\n<p data-path-to-node=\"6\">La iniciativa, motorizada en la Legislatura por el oficialista <b data-path-to-node=\"6\" data-index-in-node=\"63\">Mariano Lorenzo<\/b>, busca que la ciudadan\u00eda defina si la Provincia debe seguir sosteniendo el sistema previsional propio. Desde ATE C\u00f3rdoba le recordamos a este legislador \u2014quien en otros tiempos dec\u00eda pertenecer al campo nacional y popular\u2014 que <b data-path-to-node=\"6\" data-index-in-node=\"306\">la Caja de Jubilaciones le pertenece a las y los trabajadores cordobeses<\/b>, no es un bot\u00edn de guerra de ning\u00fan gobierno de turno.<\/p>\n<h2 data-path-to-node=\"7\"><\/h2>\n<h2 data-path-to-node=\"7\"><\/h2>\n<h2 data-path-to-node=\"7\">Una consulta tramposa para legalizar el ajuste<\/h2>\n<p data-path-to-node=\"8\">El proyecto de Lorenzo plantea un interrogante malintencionado: <i data-path-to-node=\"8\" data-index-in-node=\"64\">\u00bfEst\u00e1 usted de acuerdo con que la Caja de Jubilaciones de C\u00f3rdoba pague haberes superiores a los de Anses?<\/i> Esta pregunta no busca la &#8220;equidad&#8221;, sino nivelar hacia abajo. Pretende usar el descontento social para destruir un sistema que se sustenta con los aportes extraordinarios que ya nos vienen confiscando.<\/p>\n<blockquote data-path-to-node=\"9\">\n<p data-path-to-node=\"9,0\"><b data-path-to-node=\"9,0\" data-index-in-node=\"0\">&#8220;A la ofensiva del Gobierno se le responde con unidad. El refer\u00e9ndum es una carta pol\u00edtica desesperada de Llaryora para intentar legalizar un robo a nuestros bolsillos&#8221;, manifestaron desde la conducci\u00f3n de ATE C\u00f3rdoba.<\/b><\/p>\n<\/blockquote>\n<h2 data-path-to-node=\"10\">El fracaso de la &#8220;Ley de Equidad&#8221; en la Justicia<\/h2>\n<p data-path-to-node=\"11\">La avanzada judicial no se detiene. Se multiplican los amparos que apuntan a la <b data-path-to-node=\"11\" data-index-in-node=\"80\">inconstitucionalidad<\/b> de la norma por violar la <b data-path-to-node=\"11\" data-index-in-node=\"127\">irreductibilidad de las jubilaciones<\/b> y el derecho de propiedad de los activos.<\/p>\n<p data-path-to-node=\"12\">Los puntos clave que hoy se debaten en los tribunales y que el Gobierno intenta esquivar son:<\/p>\n<ul data-path-to-node=\"13\">\n<li>\n<p data-path-to-node=\"13,0,0\"><b data-path-to-node=\"13,0,0\" data-index-in-node=\"0\">Aportes Confiscatorios:<\/b> Los descuentos extraordinarios del <b data-path-to-node=\"13,0,0\" data-index-in-node=\"59\">2% al 8%<\/b> impactan directamente en el salario l\u00edquido del activo y, por car\u00e1cter transitivo, en el haber del jubilado.<\/p>\n<\/li>\n<li>\n<p data-path-to-node=\"13,1,0\"><b data-path-to-node=\"13,1,0\" data-index-in-node=\"0\">Violaci\u00f3n del Art\u00edculo 57:<\/b> La Constituci\u00f3n Provincial es clara sobre la irreductibilidad de los haberes. El Gobierno no puede perforar el &#8220;n\u00facleo duro&#8221; previsional con leyes de emergencia permanentes.<\/p>\n<\/li>\n<li>\n<p data-path-to-node=\"13,2,0\"><b data-path-to-node=\"13,2,0\" data-index-in-node=\"0\">Solidaridad Inversa:<\/b> Se disfraza de &#8220;equidad&#8221; un mecanismo donde los trabajadores activos financian el d\u00e9ficit que el propio Estado provincial gener\u00f3 tras a\u00f1os de mala administraci\u00f3n y falta de reclamo firme ante la Naci\u00f3n.<\/p>\n<\/li>\n<\/ul>\n<h2 data-path-to-node=\"14\">Unidad de los trabajadores frente al cordobesismo vacilante<\/h2>\n<p><a href=\"https:\/\/atecordoba.org\/wp-content\/uploads\/2026\/03\/MarchaEstatalesJubilaciones.jpg\"><img loading=\"lazy\" decoding=\"async\" class=\"alignnone size-full wp-image-52819\" src=\"https:\/\/atecordoba.org\/wp-content\/uploads\/2026\/03\/MarchaEstatalesJubilaciones.jpg\" alt=\"\" width=\"709\" height=\"399\" srcset=\"https:\/\/atecordoba.org\/wp-content\/uploads\/2026\/03\/MarchaEstatalesJubilaciones.jpg 709w, https:\/\/atecordoba.org\/wp-content\/uploads\/2026\/03\/MarchaEstatalesJubilaciones-300x169.jpg 300w\" sizes=\"auto, (max-width: 709px) 100vw, 709px\" \/><\/a><\/p>\n<p data-path-to-node=\"15\">No vamos a permitir que se altere el principio de movilidad ni que se siga pulverizando el poder adquisitivo bajo la excusa de la &#8220;armonizaci\u00f3n&#8221;.<\/p>\n<p data-path-to-node=\"16\">Mientras Llaryora especula con fechas electorales para el 2027, las y los estatales de C\u00f3rdoba tenemos una sola prioridad: <b data-path-to-node=\"16\" data-index-in-node=\"123\">llegar a fin de mes<\/b>. La negociaci\u00f3n por los fondos de Anses no puede ser la excusa para seguir meti\u00e9ndole la mano en el bolsillo a quienes sostuvieron el Estado durante d\u00e9cadas.<\/p>\n<p data-path-to-node=\"17\"><b data-path-to-node=\"17\" data-index-in-node=\"0\">\u00a1Basta de ajuste sobre los jubilados!<\/b> <b data-path-to-node=\"17\" data-index-in-node=\"38\">\u00a1Basta de leyes confiscatorias!<\/b> <b data-path-to-node=\"17\" data-index-in-node=\"70\">\u00a1La Caja es de C\u00f3rdoba y de su pueblo trabajador!<\/b><\/p>\n","protected":false},"excerpt":{"rendered":"<p>Desde ATE C\u00f3rdoba denunciamos el intento del oficialismo de poner en duda la continuidad de nuestra Caja de Jubilaciones. Ante el fracaso judicial de su mal llamada &#8220;Ley de Equidad&#8221;, el Ejecutivo provincial pretende extorsionar a la clase trabajadora con una consulta popular tramposa. \u00a1La Caja no se toca, la Caja se defiende! En los [&hellip;]<\/p>\n","protected":false},"author":3,"featured_media":52818,"comment_status":"open","ping_status":"open","sticky":false,"template":"","format":"standard","meta":{"_exactmetrics_skip_tracking":false,"_exactmetrics_sitenote_active":false,"_exactmetrics_sitenote_note":"","_exactmetrics_sitenote_category":0,"jnews-multi-image_gallery":[],"jnews_single_post":[],"jnews_primary_category":[],"jnews_social_meta":[],"jnews_review":[],"enable_review":"","type":"","name":"","summary":"","brand":"","sku":"","good":[],"bad":[],"score_override":"","override_value":"","rating":[],"price":[],"jnews_override_counter":[],"jnews_post_split":[],"footnotes":""},"categories":[8],"tags":[],"class_list":["post-52816","post","type-post","status-publish","format-standard","has-post-thumbnail","hentry","category-provinciales"],"jetpack_featured_media_url":"https:\/\/atecordoba.org\/wp-content\/uploads\/2026\/03\/caja-de-jubilaciones-cordoba-2189640.jpg","_links":{"self":[{"href":"https:\/\/atecordoba.org\/index.php?rest_route=\/wp\/v2\/posts\/52816","targetHints":{"allow":["GET"]}}],"collection":[{"href":"https:\/\/atecordoba.org\/index.php?rest_route=\/wp\/v2\/posts"}],"about":[{"href":"https:\/\/atecordoba.org\/index.php?rest_route=\/wp\/v2\/types\/post"}],"author":[{"embeddable":true,"href":"https:\/\/atecordoba.org\/index.php?rest_route=\/wp\/v2\/users\/3"}],"replies":[{"embeddable":true,"href":"https:\/\/atecordoba.org\/index.php?rest_route=%2Fwp%2Fv2%2Fcomments&post=52816"}],"version-history":[{"count":1,"href":"https:\/\/atecordoba.org\/index.php?rest_route=\/wp\/v2\/posts\/52816\/revisions"}],"predecessor-version":[{"id":52820,"href":"https:\/\/atecordoba.org\/index.php?rest_route=\/wp\/v2\/posts\/52816\/revisions\/52820"}],"wp:featuredmedia":[{"embeddable":true,"href":"https:\/\/atecordoba.org\/index.php?rest_route=\/wp\/v2\/media\/52818"}],"wp:attachment":[{"href":"https:\/\/atecordoba.org\/index.php?rest_route=%2Fwp%2Fv2%2Fmedia&parent=52816"}],"wp:term":[{"taxonomy":"category","embeddable":true,"href":"https:\/\/atecordoba.org\/index.php?rest_route=%2Fwp%2Fv2%2Fcategories&post=52816"},{"taxonomy":"post_tag","embeddable":true,"href":"https:\/\/atecordoba.org\/index.php?rest_route=%2Fwp%2Fv2%2Ftags&post=52816"}],"curies":[{"name":"wp","href":"https:\/\/api.w.org\/{rel}","templated":true}]}}