{"id":52811,"date":"2026-03-06T15:39:22","date_gmt":"2026-03-06T18:39:22","guid":{"rendered":"https:\/\/atecordoba.org\/?p=52811"},"modified":"2026-03-06T15:39:22","modified_gmt":"2026-03-06T18:39:22","slug":"salsipuedes-ate-presento-hoy-su-propuesta-salarial-en-la-apertura-de-la-paritaria-municipal","status":"publish","type":"post","link":"https:\/\/atecordoba.org\/?p=52811","title":{"rendered":"Salsipuedes: ATE present\u00f3 hoy su propuesta salarial en la apertura de la paritaria municipal"},"content":{"rendered":"<p><img loading=\"lazy\" decoding=\"async\" class=\"aligncenter wp-image-52812 \" src=\"https:\/\/atecordoba.org\/wp-content\/uploads\/2026\/03\/WhatsApp-Image-2026-03-06-at-14.01.21-1024x455.jpeg\" alt=\"\" width=\"660\" height=\"293\" srcset=\"https:\/\/atecordoba.org\/wp-content\/uploads\/2026\/03\/WhatsApp-Image-2026-03-06-at-14.01.21-1024x455.jpeg 1024w, https:\/\/atecordoba.org\/wp-content\/uploads\/2026\/03\/WhatsApp-Image-2026-03-06-at-14.01.21-300x133.jpeg 300w, https:\/\/atecordoba.org\/wp-content\/uploads\/2026\/03\/WhatsApp-Image-2026-03-06-at-14.01.21-768x341.jpeg 768w, https:\/\/atecordoba.org\/wp-content\/uploads\/2026\/03\/WhatsApp-Image-2026-03-06-at-14.01.21-750x333.jpeg 750w, https:\/\/atecordoba.org\/wp-content\/uploads\/2026\/03\/WhatsApp-Image-2026-03-06-at-14.01.21-1140x507.jpeg 1140w, https:\/\/atecordoba.org\/wp-content\/uploads\/2026\/03\/WhatsApp-Image-2026-03-06-at-14.01.21.jpeg 1474w\" sizes=\"auto, (max-width: 660px) 100vw, 660px\" \/>ATE mantuvo hoy una audiencia paritaria con la Municipalidad de Salsipuedes con la perspectiva de avanzar en una acuerdo que signifique una recomposici\u00f3n del salario real de las y los trabajadores de la localidad.<\/p>\n<p>El Departamento Ejecutivo estuvo encabezado por el secretario de Gobierno Lucas Combina, junto a funcionarios del \u00e1rea, en tanto ATE particip\u00f3 con la presencia de la secretaria de Prensa, Julia Giuliani, y los delegados Jos\u00e9 Tapia y Vladimir Su\u00e1rez.<\/p>\n<p>En la oportunidad, nuestra organizaci\u00f3n plante\u00f3 la necesidad de dar apertura a la Mesa de Relaciones Laborales de manera regular para canalizar los reclamos gremiales y solicit\u00f3 una recomposici\u00f3n salarial del 35%, sumado a el pase planta permanente del personal precarizado, recategorizaciones para aquellas y aquellos que cumplen tareas por fuera del escalaf\u00f3n y que pasen a contrato los y las trabajadores monotributistas que ya re\u00fanen las condiciones legales.<\/p>\n<p>Por \u00faltimo, ATE pidi\u00f3 que se aplique el descuento de la cuota sindical por recibo de sueldo para las y los becarios afiliados a nuestra organizaci\u00f3n.<\/p>\n","protected":false},"excerpt":{"rendered":"<p>ATE mantuvo hoy una audiencia paritaria con la Municipalidad de Salsipuedes con la perspectiva de avanzar en una acuerdo que signifique una recomposici\u00f3n del salario real de las y los trabajadores de la localidad. El Departamento Ejecutivo estuvo encabezado por el secretario de Gobierno Lucas Combina, junto a funcionarios del \u00e1rea, en tanto ATE particip\u00f3 [&hellip;]<\/p>\n","protected":false},"author":7,"featured_media":52812,"comment_status":"open","ping_status":"open","sticky":false,"template":"","format":"standard","meta":{"_exactmetrics_skip_tracking":false,"_exactmetrics_sitenote_active":false,"_exactmetrics_sitenote_note":"","_exactmetrics_sitenote_category":0,"jnews-multi-image_gallery":[],"jnews_single_post":[],"jnews_primary_category":[],"jnews_social_meta":[],"jnews_review":[],"enable_review":"","type":"","name":"","summary":"","brand":"","sku":"","good":[],"bad":[],"score_override":"","override_value":"","rating":[],"price":[],"jnews_override_counter":[],"jnews_post_split":[],"footnotes":""},"categories":[20],"tags":[],"class_list":["post-52811","post","type-post","status-publish","format-standard","has-post-thumbnail","hentry","category-municipales"],"jetpack_featured_media_url":"https:\/\/atecordoba.org\/wp-content\/uploads\/2026\/03\/WhatsApp-Image-2026-03-06-at-14.01.21.jpeg","_links":{"self":[{"href":"https:\/\/atecordoba.org\/index.php?rest_route=\/wp\/v2\/posts\/52811","targetHints":{"allow":["GET"]}}],"collection":[{"href":"https:\/\/atecordoba.org\/index.php?rest_route=\/wp\/v2\/posts"}],"about":[{"href":"https:\/\/atecordoba.org\/index.php?rest_route=\/wp\/v2\/types\/post"}],"author":[{"embeddable":true,"href":"https:\/\/atecordoba.org\/index.php?rest_route=\/wp\/v2\/users\/7"}],"replies":[{"embeddable":true,"href":"https:\/\/atecordoba.org\/index.php?rest_route=%2Fwp%2Fv2%2Fcomments&post=52811"}],"version-history":[{"count":1,"href":"https:\/\/atecordoba.org\/index.php?rest_route=\/wp\/v2\/posts\/52811\/revisions"}],"predecessor-version":[{"id":52813,"href":"https:\/\/atecordoba.org\/index.php?rest_route=\/wp\/v2\/posts\/52811\/revisions\/52813"}],"wp:featuredmedia":[{"embeddable":true,"href":"https:\/\/atecordoba.org\/index.php?rest_route=\/wp\/v2\/media\/52812"}],"wp:attachment":[{"href":"https:\/\/atecordoba.org\/index.php?rest_route=%2Fwp%2Fv2%2Fmedia&parent=52811"}],"wp:term":[{"taxonomy":"category","embeddable":true,"href":"https:\/\/atecordoba.org\/index.php?rest_route=%2Fwp%2Fv2%2Fcategories&post=52811"},{"taxonomy":"post_tag","embeddable":true,"href":"https:\/\/atecordoba.org\/index.php?rest_route=%2Fwp%2Fv2%2Ftags&post=52811"}],"curies":[{"name":"wp","href":"https:\/\/api.w.org\/{rel}","templated":true}]}}