{"id":52805,"date":"2026-03-06T15:12:08","date_gmt":"2026-03-06T18:12:08","guid":{"rendered":"https:\/\/atecordoba.org\/?p=52805"},"modified":"2026-03-06T15:12:08","modified_gmt":"2026-03-06T18:12:08","slug":"agua-de-oro-ate-mantuvo-una-audiencia-con-la-municipalidad","status":"publish","type":"post","link":"https:\/\/atecordoba.org\/?p=52805","title":{"rendered":"Agua de Oro: ATE mantuvo una audiencia con la Municipalidad"},"content":{"rendered":"<p><img loading=\"lazy\" decoding=\"async\" class=\"aligncenter wp-image-52807 \" src=\"https:\/\/atecordoba.org\/wp-content\/uploads\/2026\/03\/WhatsApp-Image-2026-03-06-at-13.48.33-1024x768.jpeg\" alt=\"\" width=\"617\" height=\"463\" \/> Hoy se llev\u00f3 a cabo una audiencia en la Municipalidad de Aguas de Oro, donde ATE fue recibida por la secretaria de Gesti\u00f3n General, Alejandra Bognar, y el asesor letrado Ignacio Baselica.<\/p>\n<p>La comitiva estatal estuvo conformada por la secretaria de Prensa del Consejo Directivo Provincial, Julia Giuliani,\u00a0los referentes de ATE Sierras Chicas Vladimir Suarez y Luis Tapia, el cuerpo de delegados de ATE en la localidad, Nestor Olmos y Nora Ribero.<\/p>\n<p>&#8220;Planteamos la necesidad de una mesa de relaciones laborales para gestionar distintas cuestiones&#8221;, dijo Giuliani. En esa l\u00ednea, Bognar se comprometi\u00f3 a abrir el di\u00e1logo para que nuestra organizaci\u00f3n le presente demandas y propuestas a los fines de dar soluci\u00f3n a diversas problem\u00e1ticas como recategorizaciones, dentro de una agenda m\u00e1s amplia.<\/p>\n<p>Adem\u00e1s, ATE inform\u00f3 que realizar\u00e1 un relevamiento para conocer la situaci\u00f3n laboral, salarial, en materia de salud laboral y violencia de g\u00e9nero en las diferentes \u00e1reas.<\/p>\n<p>Por \u00faltimo, qued\u00f3 establecido que ATE presentar\u00e1 su modelo de Convenio Colectivo de Trabajo (CCT) para los municipales del interior provincial, as\u00ed como el proyecto de ordenanza para implementar la licencia sanitaria.<\/p>\n","protected":false},"excerpt":{"rendered":"<p>Hoy se llev\u00f3 a cabo una audiencia en la Municipalidad de Aguas de Oro, donde ATE fue recibida por la secretaria de Gesti\u00f3n General, Alejandra Bognar, y el asesor letrado Ignacio Baselica. La comitiva estatal estuvo conformada por la secretaria de Prensa del Consejo Directivo Provincial, Julia Giuliani,\u00a0los referentes de ATE Sierras Chicas Vladimir Suarez [&hellip;]<\/p>\n","protected":false},"author":7,"featured_media":52807,"comment_status":"open","ping_status":"open","sticky":false,"template":"","format":"standard","meta":{"_exactmetrics_skip_tracking":false,"_exactmetrics_sitenote_active":false,"_exactmetrics_sitenote_note":"","_exactmetrics_sitenote_category":0,"jnews-multi-image_gallery":[],"jnews_single_post":[],"jnews_primary_category":[],"jnews_social_meta":[],"jnews_review":[],"enable_review":"","type":"","name":"","summary":"","brand":"","sku":"","good":[],"bad":[],"score_override":"","override_value":"","rating":[],"price":[],"jnews_override_counter":[],"jnews_post_split":[],"footnotes":""},"categories":[20],"tags":[],"class_list":["post-52805","post","type-post","status-publish","format-standard","has-post-thumbnail","hentry","category-municipales"],"jetpack_featured_media_url":"https:\/\/atecordoba.org\/wp-content\/uploads\/2026\/03\/WhatsApp-Image-2026-03-06-at-13.48.33-e1772820717751.jpeg","_links":{"self":[{"href":"https:\/\/atecordoba.org\/index.php?rest_route=\/wp\/v2\/posts\/52805","targetHints":{"allow":["GET"]}}],"collection":[{"href":"https:\/\/atecordoba.org\/index.php?rest_route=\/wp\/v2\/posts"}],"about":[{"href":"https:\/\/atecordoba.org\/index.php?rest_route=\/wp\/v2\/types\/post"}],"author":[{"embeddable":true,"href":"https:\/\/atecordoba.org\/index.php?rest_route=\/wp\/v2\/users\/7"}],"replies":[{"embeddable":true,"href":"https:\/\/atecordoba.org\/index.php?rest_route=%2Fwp%2Fv2%2Fcomments&post=52805"}],"version-history":[{"count":1,"href":"https:\/\/atecordoba.org\/index.php?rest_route=\/wp\/v2\/posts\/52805\/revisions"}],"predecessor-version":[{"id":52809,"href":"https:\/\/atecordoba.org\/index.php?rest_route=\/wp\/v2\/posts\/52805\/revisions\/52809"}],"wp:featuredmedia":[{"embeddable":true,"href":"https:\/\/atecordoba.org\/index.php?rest_route=\/wp\/v2\/media\/52807"}],"wp:attachment":[{"href":"https:\/\/atecordoba.org\/index.php?rest_route=%2Fwp%2Fv2%2Fmedia&parent=52805"}],"wp:term":[{"taxonomy":"category","embeddable":true,"href":"https:\/\/atecordoba.org\/index.php?rest_route=%2Fwp%2Fv2%2Fcategories&post=52805"},{"taxonomy":"post_tag","embeddable":true,"href":"https:\/\/atecordoba.org\/index.php?rest_route=%2Fwp%2Fv2%2Ftags&post=52805"}],"curies":[{"name":"wp","href":"https:\/\/api.w.org\/{rel}","templated":true}]}}