{"id":52783,"date":"2026-03-06T14:37:42","date_gmt":"2026-03-06T17:37:42","guid":{"rendered":"https:\/\/atecordoba.org\/?p=52783"},"modified":"2026-03-06T14:57:50","modified_gmt":"2026-03-06T17:57:50","slug":"ate-presente-en-la-mesa-de-dialogo-democratico-de-paravachasca","status":"publish","type":"post","link":"https:\/\/atecordoba.org\/?p=52783","title":{"rendered":"ATE, presente en la Mesa de Di\u00e1logo Democr\u00e1tico de Paravachasca"},"content":{"rendered":"<p><img loading=\"lazy\" decoding=\"async\" class=\"aligncenter wp-image-52786 \" src=\"https:\/\/atecordoba.org\/wp-content\/uploads\/2026\/03\/mesa-paravachasca-1.jpg\" alt=\"\" width=\"617\" height=\"409\" srcset=\"https:\/\/atecordoba.org\/wp-content\/uploads\/2026\/03\/mesa-paravachasca-1.jpg 768w, https:\/\/atecordoba.org\/wp-content\/uploads\/2026\/03\/mesa-paravachasca-1-300x199.jpg 300w, https:\/\/atecordoba.org\/wp-content\/uploads\/2026\/03\/mesa-paravachasca-1-750x497.jpg 750w\" sizes=\"auto, (max-width: 617px) 100vw, 617px\" \/>Con la consigna &#8220;\u00bfQu\u00e9 est\u00e1 pasando con la constitucionalidad de las leyes? Conocer para resistir con las instituciones a\u00fan vigentes y la organizaci\u00f3n colectiva&#8221;, se desarroll\u00f3 ayer en Alta Gracia la convocatoria de la Mesa de Di\u00e1logo Democr\u00e1tico de Paravachasca con la participaci\u00f3n de ATE junto a organizaciones sociales, sindicatos y espacios pol\u00edticos.<\/p>\n<p>La Jornada estuvo encabezada por una mesa de expositores integrada por Estefan\u00eda Carranza, abogada y delegada de ATE en la delegaci\u00f3n Alta gracia de ANSES, el constitucionalista y letrado Miguel Julio Rodr\u00edguez Villafa\u00f1e y abogado laboralista Luciano Dor\u00f3, panel de lujo que cont\u00f3 con la presencia de una nutrida audiencia, en la sede de SMATA de la localidad cabecera del Departamento Santa Mar\u00eda.<\/p>\n<p>Con su participaci\u00f3n en la actividad, ATE contin\u00faa articulando y manteniendo presencia pol\u00edtica en el Valle de Paravachasca.<img loading=\"lazy\" decoding=\"async\" class=\"aligncenter wp-image-52799 \" src=\"https:\/\/atecordoba.org\/wp-content\/uploads\/2026\/03\/WhatsApp-Image-2026-03-06-at-13.43.27-3-1024x768.jpeg\" alt=\"\" width=\"625\" height=\"469\" srcset=\"https:\/\/atecordoba.org\/wp-content\/uploads\/2026\/03\/WhatsApp-Image-2026-03-06-at-13.43.27-3-1024x768.jpeg 1024w, https:\/\/atecordoba.org\/wp-content\/uploads\/2026\/03\/WhatsApp-Image-2026-03-06-at-13.43.27-3-300x225.jpeg 300w, https:\/\/atecordoba.org\/wp-content\/uploads\/2026\/03\/WhatsApp-Image-2026-03-06-at-13.43.27-3-768x576.jpeg 768w, https:\/\/atecordoba.org\/wp-content\/uploads\/2026\/03\/WhatsApp-Image-2026-03-06-at-13.43.27-3-750x563.jpeg 750w, https:\/\/atecordoba.org\/wp-content\/uploads\/2026\/03\/WhatsApp-Image-2026-03-06-at-13.43.27-3-1140x855.jpeg 1140w, https:\/\/atecordoba.org\/wp-content\/uploads\/2026\/03\/WhatsApp-Image-2026-03-06-at-13.43.27-3.jpeg 1280w\" sizes=\"auto, (max-width: 625px) 100vw, 625px\" \/><\/p>\n<h5>Una reforma que fracasa en todo el mundo<\/h5>\n<p>Arranc\u00f3 el abogado laboralista Luciano Dor\u00f3 para advertir que &#8220;est\u00e1 probado en m\u00e1s de 60 pa\u00edses que derogaron leyes beneficiosas a los trabajadores, que no se ha creado empleo; ya que al imponer m\u00e1s horas de trabajo diarias, m\u00e1s horas extras no pagadas, evitar las cargas sociales a la patronal y manipular las vacaciones, lo que hacen los empresarios es recargar a los trabajadores para despedirlos cuando no les sirvan m\u00e1s, con las indemnizaciones a pagar en cuotas y subsidiadas por el fondo de ayuda laboral (FAL) y que para computarse s\u00f3lo considerar\u00e1n el salario habitual sin premios, vacaciones, aguinaldo, propinas, no remunerativos, t\u00edtulos, etc.<\/p>\n<p><img loading=\"lazy\" decoding=\"async\" class=\"alignright wp-image-52801 \" src=\"https:\/\/atecordoba.org\/wp-content\/uploads\/2026\/03\/WhatsApp-Image-2026-03-06-at-13.43.26-1.jpeg\" alt=\"\" width=\"358\" height=\"306\" srcset=\"https:\/\/atecordoba.org\/wp-content\/uploads\/2026\/03\/WhatsApp-Image-2026-03-06-at-13.43.26-1.jpeg 720w, https:\/\/atecordoba.org\/wp-content\/uploads\/2026\/03\/WhatsApp-Image-2026-03-06-at-13.43.26-1-300x257.jpeg 300w\" sizes=\"auto, (max-width: 358px) 100vw, 358px\" \/>Otra contra para el bienestar del empleado es que el empleador va a disponer de todo el tiempo del trabajador, desorganiz\u00e1ndole la vida diaria. Por ejemplo, cuando uno sale de trabajo tiene una vida: los hijos, las compras, la familia, las amistades, la salud. Todo eso queda en suspenso cada d\u00eda porque el patr\u00f3n puede exigirle que se quede m\u00e1s horas para acumular en el banco de horas que nunca jam\u00e1s pagar\u00e1. Es m\u00e1s, las tomar\u00e1 para dar licencias y vacaciones con lo cual dejaron de ser horas no laborables. Una perversidad absoluta.<\/p>\n<p>Finalmente tenemos que saber que esta ley ha abolido los fines protectores del derecho laboral en todas sus dimensiones, afectando adem\u00e1s el principio del ius variandi que amparaba al trabajador en caso de traslado de la sede empresarial. El trabajador est\u00e1 obligado a \u00abseguir a la empresa\u00bb, aunque esto altere la organizaci\u00f3n de su vida privada. La alternativa que se plantea es la renuncia y la p\u00e9rdida de todo derecho sobre el empleo.<\/p>\n<p>La ley ampl\u00eda la cantidad de \u00abservicios esenciales\u00bb, limitando las acciones de paros y asambleas, ya que eleva al 70% la garant\u00eda de prestaci\u00f3n en los casos de hoteler\u00eda, guarder\u00edas, gastronom\u00eda que pasan a ser servicios de importancia trascendental.<img loading=\"lazy\" decoding=\"async\" class=\"alignleft wp-image-52802 \" src=\"https:\/\/atecordoba.org\/wp-content\/uploads\/2026\/03\/WhatsApp-Image-2026-03-06-at-13.43.28-1024x768.jpeg\" alt=\"\" width=\"382\" height=\"287\" srcset=\"https:\/\/atecordoba.org\/wp-content\/uploads\/2026\/03\/WhatsApp-Image-2026-03-06-at-13.43.28-1024x768.jpeg 1024w, https:\/\/atecordoba.org\/wp-content\/uploads\/2026\/03\/WhatsApp-Image-2026-03-06-at-13.43.28-300x225.jpeg 300w, https:\/\/atecordoba.org\/wp-content\/uploads\/2026\/03\/WhatsApp-Image-2026-03-06-at-13.43.28-768x576.jpeg 768w, https:\/\/atecordoba.org\/wp-content\/uploads\/2026\/03\/WhatsApp-Image-2026-03-06-at-13.43.28-750x563.jpeg 750w, https:\/\/atecordoba.org\/wp-content\/uploads\/2026\/03\/WhatsApp-Image-2026-03-06-at-13.43.28-1140x855.jpeg 1140w, https:\/\/atecordoba.org\/wp-content\/uploads\/2026\/03\/WhatsApp-Image-2026-03-06-at-13.43.28.jpeg 1280w\" sizes=\"auto, (max-width: 382px) 100vw, 382px\" \/><\/p>\n<p>Luciano termin\u00f3 exponiendo la cuesti\u00f3n: \u00bfen qui\u00e9n piensa el gobierno cuando al mismo tiempo que se abol\u00edan los derechos de los trabajadores se bajaban los impuestos a los autos de lujo que ning\u00fan laburante podr\u00e1 comprar? Una caricatura grotesca de c\u00f3mo la ley nos pone en el siglo XXI&#8221;.<\/p>\n<h5>La Seguridad Social: derecho humano universal en riesgo<\/h5>\n<p>La abogada Estefan\u00eda Carranza invit\u00f3 a pensar en la sensible existencia de la Seguridad Social, raz\u00f3n de ser de un Estado ya que \u201cnos acompa\u00f1a desde la concepci\u00f3n con las asignaciones prenatales e incluso post mortem con las pensiones. Esta seguridad social bastante desfinanciada desde la aprobaci\u00f3n de la Ley Bases, cada vez est\u00e1 siendo m\u00e1s raqu\u00edtica, aunque moment\u00e1neamente se hayan aumentado algunas asignaciones. Tal vez el camino sea resucitar las AFJP que en ning\u00fan lugar del mundo funcionan aunque apenas paguen una jubilaci\u00f3n m\u00ednima. El sistema privado s\u00f3lo buscar\u00e1 su propio lucro, nunca pensar\u00e1 en los trabajadores.<\/p>\n<p>La nueva ley exige treinta a\u00f1os de aportes, exime de la multa por falta de aportes a las patronales y en este caso reduce a la mitad los a\u00f1os adeudados, perjudicando a los trabajadores que deber\u00e1n completar de su bolsillo, lo que sus patrones no pusieron.<img loading=\"lazy\" decoding=\"async\" class=\"aligncenter wp-image-52785 \" src=\"https:\/\/atecordoba.org\/wp-content\/uploads\/2026\/03\/paravachasca.jpg\" alt=\"\" width=\"637\" height=\"478\" srcset=\"https:\/\/atecordoba.org\/wp-content\/uploads\/2026\/03\/paravachasca.jpg 1024w, https:\/\/atecordoba.org\/wp-content\/uploads\/2026\/03\/paravachasca-300x225.jpg 300w, https:\/\/atecordoba.org\/wp-content\/uploads\/2026\/03\/paravachasca-768x576.jpg 768w, https:\/\/atecordoba.org\/wp-content\/uploads\/2026\/03\/paravachasca-750x563.jpg 750w\" sizes=\"auto, (max-width: 637px) 100vw, 637px\" \/><\/p>\n<p>Es importante recordar que la Seguridad Social es un derecho humano con rango constitucional en Argentina, y eso ampara a los trabajadores. Debemos apelar a este derecho para no quedar en el desamparo y desde ah\u00ed tambi\u00e9n cuestionar la constitucionalidad de las nuevas medidas. A\u00fan contra todo pron\u00f3stico debemos confiar en nuestras organizaciones colectivas y hacer que se cumplan las leyes y pactos constitucionales\u201d.<\/p>\n<h5>La \u00c9pica y la \u00c9tica del bien p\u00fablico en la era de la IA<\/h5>\n<p>Por su parte,\u00a0El abogado Miguel Rodr\u00edguez Villafa\u00f1e inst\u00f3 a recuperar utop\u00edas colectivas \u201cen estos tiempos de individualismos y virtualidades, ya que nuestros gobernantes no se ocupan del futuro: la nueva ley no considera las econom\u00edas de aplicaci\u00f3n por ejemplo. Van a quedar afuera los empleados de los peajes con la inteligencia artificial y no se est\u00e1 pensando en ellos\u2026 Tampoco se est\u00e1 pensando en los pr\u00f3ximos desempleados del fuero laboral que al ser eliminado se van a quedar sin trabajo. Eran lerdos, pero fue el \u00fanico espacio de defensa de los trabajadores, dando lugar a amparos de los sindicatos. Por supuesto que los trabajadores no tendr\u00e1n justicia que los escuche.<\/p>\n<p>La nueva ley es tan rid\u00edcula que quiere convertir en monotributista al limpiavidrios de cada sem\u00e1foro, y en colaborador al trabajador monotributista de cualquier empresa sin ning\u00fan tipo de derecho laboral ni expectativa de futuro empleado formal. Estas leyes quieren desarticularnos socialmente.<\/p>\n<p>Para este gobierno lo que importa es el saqueo inmediato y la colonizaci\u00f3n cultural y la degradaci\u00f3n cotidiana de la democracia con leyes inconstitucionales como las que logran aprobar con los votos propios y las traiciones conocidas.<\/p>\n<p>Por ejemplo, la ley laboral al imponer las 12 horas de trabajo\u00a0desarticula la vida de las personas dividida en tres partes de 8 horas: trabajo, descanso y vida privada\u2026 Ya no habr\u00e1 lugar para la vida privada ni siquiera para jugar al f\u00fatbol porque si un trabajador se lesiona el domingo en un partido con los amigos, el empleador, no tiene ahora la obligaci\u00f3n de pagarle el 50% del salario, que era poco pero era algo. Chau futbol, chau sociabilidad. Nos quieren a todos prendidos a las pantallas con tik tok que nos muestren lo que ellos quieran.<\/p>\n<p>Como ciudadanos y ciudadanas podemos seguir insistiendo y defendiendo la industria argentina y el cooperativismo, comprando en cercan\u00eda y dec\u00edrselo al comerciante, debe ser consciente de la solidaridad.\u00a0Recordar que las cosas de la vida tienen valor y no precio y defender las instituciones b\u00e1sicas que nos han justificado como Patria.<\/p>\n<p>El di\u00e1logo y el debate de la Mesa nos proponen comprender que\u00a0el adversario aqu\u00ed no es el trabajador de al lado, sino el empresario cuya codicia le ha llevado a aceptar la abolici\u00f3n de toda protecci\u00f3n\u00a0para aquellos que la ten\u00edan y ninguna posibilidad de tenerla para quienes pod\u00edan aspirar a ella.<\/p>\n","protected":false},"excerpt":{"rendered":"<p>Con la consigna &#8220;\u00bfQu\u00e9 est\u00e1 pasando con la constitucionalidad de las leyes? Conocer para resistir con las instituciones a\u00fan vigentes y la organizaci\u00f3n colectiva&#8221;, se desarroll\u00f3 ayer en Alta Gracia la convocatoria de la Mesa de Di\u00e1logo Democr\u00e1tico de Paravachasca con la participaci\u00f3n de ATE junto a organizaciones sociales, sindicatos y espacios pol\u00edticos. La Jornada [&hellip;]<\/p>\n","protected":false},"author":7,"featured_media":52786,"comment_status":"open","ping_status":"open","sticky":false,"template":"","format":"standard","meta":{"_exactmetrics_skip_tracking":false,"_exactmetrics_sitenote_active":false,"_exactmetrics_sitenote_note":"","_exactmetrics_sitenote_category":0,"jnews-multi-image_gallery":[],"jnews_single_post":{"format":"standard","override":[{"template":"1","parallax":"1","fullscreen":"1","layout":"no-sidebar-narrow","sidebar":"default-sidebar","second_sidebar":"default-sidebar","sticky_sidebar":"1","share_position":"bottom","share_float_style":"share-monocrhome","show_share_counter":"1","show_view_counter":"1","show_post_meta":"1","show_post_author_image":"1","show_post_date":"1","post_date_format":"default","post_date_format_custom":"Y\/m\/d","show_post_category":"1","show_post_reading_time":"0","post_reading_time_wpm":"300","post_calculate_word_method":"str_word_count","show_zoom_button":"0","zoom_button_out_step":"2","zoom_button_in_step":"3","show_post_tag":"1","number_popup_post":"1","show_post_related":"1","show_inline_post_related":"0"}],"image_override":[{"single_post_thumbnail_size":"crop-500","single_post_gallery_size":"crop-500"}],"trending_post_position":"meta","trending_post_label":"Trending","sponsored_post_label":"Sponsored by","disable_ad":"0"},"jnews_primary_category":[],"jnews_social_meta":[],"jnews_review":[],"enable_review":"","type":"percentage","name":"","summary":"","brand":"","sku":"","good":[],"bad":[],"score_override":"","override_value":"","rating":[],"price":[],"jnews_override_counter":{"view_counter_number":"0","share_counter_number":"0","like_counter_number":"0","dislike_counter_number":"0"},"jnews_post_split":{"post_split":[{"template":"1","tag":"h2","numbering":"asc","mode":"normal","first":"0","enable_toc":"0","toc_type":"normal"}]},"footnotes":""},"categories":[10],"tags":[],"class_list":["post-52783","post","type-post","status-publish","format-standard","has-post-thumbnail","hentry","category-accion-politica"],"jetpack_featured_media_url":"https:\/\/atecordoba.org\/wp-content\/uploads\/2026\/03\/mesa-paravachasca-1.jpg","_links":{"self":[{"href":"https:\/\/atecordoba.org\/index.php?rest_route=\/wp\/v2\/posts\/52783","targetHints":{"allow":["GET"]}}],"collection":[{"href":"https:\/\/atecordoba.org\/index.php?rest_route=\/wp\/v2\/posts"}],"about":[{"href":"https:\/\/atecordoba.org\/index.php?rest_route=\/wp\/v2\/types\/post"}],"author":[{"embeddable":true,"href":"https:\/\/atecordoba.org\/index.php?rest_route=\/wp\/v2\/users\/7"}],"replies":[{"embeddable":true,"href":"https:\/\/atecordoba.org\/index.php?rest_route=%2Fwp%2Fv2%2Fcomments&post=52783"}],"version-history":[{"count":4,"href":"https:\/\/atecordoba.org\/index.php?rest_route=\/wp\/v2\/posts\/52783\/revisions"}],"predecessor-version":[{"id":52803,"href":"https:\/\/atecordoba.org\/index.php?rest_route=\/wp\/v2\/posts\/52783\/revisions\/52803"}],"wp:featuredmedia":[{"embeddable":true,"href":"https:\/\/atecordoba.org\/index.php?rest_route=\/wp\/v2\/media\/52786"}],"wp:attachment":[{"href":"https:\/\/atecordoba.org\/index.php?rest_route=%2Fwp%2Fv2%2Fmedia&parent=52783"}],"wp:term":[{"taxonomy":"category","embeddable":true,"href":"https:\/\/atecordoba.org\/index.php?rest_route=%2Fwp%2Fv2%2Fcategories&post=52783"},{"taxonomy":"post_tag","embeddable":true,"href":"https:\/\/atecordoba.org\/index.php?rest_route=%2Fwp%2Fv2%2Ftags&post=52783"}],"curies":[{"name":"wp","href":"https:\/\/api.w.org\/{rel}","templated":true}]}}