{"id":52775,"date":"2026-03-06T13:09:46","date_gmt":"2026-03-06T16:09:46","guid":{"rendered":"https:\/\/atecordoba.org\/?p=52775"},"modified":"2026-03-06T13:11:42","modified_gmt":"2026-03-06T16:11:42","slug":"conae-una-historia-de-vaciamiento-sistematico-y-propaganda-sin-contenido","status":"publish","type":"post","link":"https:\/\/atecordoba.org\/?p=52775","title":{"rendered":"CONAE: Una historia de vaciamiento sistem\u00e1tico y propaganda sin contenido"},"content":{"rendered":"<p><img loading=\"lazy\" decoding=\"async\" class=\"aligncenter wp-image-52779 \" src=\"https:\/\/atecordoba.org\/wp-content\/uploads\/2026\/03\/conae-carteles-1024x473.jpeg\" alt=\"\" width=\"661\" height=\"305\" srcset=\"https:\/\/atecordoba.org\/wp-content\/uploads\/2026\/03\/conae-carteles-1024x473.jpeg 1024w, https:\/\/atecordoba.org\/wp-content\/uploads\/2026\/03\/conae-carteles-300x138.jpeg 300w, https:\/\/atecordoba.org\/wp-content\/uploads\/2026\/03\/conae-carteles-768x355.jpeg 768w, https:\/\/atecordoba.org\/wp-content\/uploads\/2026\/03\/conae-carteles-750x346.jpeg 750w, https:\/\/atecordoba.org\/wp-content\/uploads\/2026\/03\/conae-carteles-1140x526.jpeg 1140w, https:\/\/atecordoba.org\/wp-content\/uploads\/2026\/03\/conae-carteles.jpeg 1536w\" sizes=\"auto, (max-width: 661px) 100vw, 661px\" \/>Por detr\u00e1s de la propaganda comunicacional que muestra como los grandes logros de la Comisi\u00f3n Nacional de Actividades Espaciales (CONAE), la realidad de la Agencia Espacial argentina dista mucho de brillar como el gobierno pretende mostrar.<\/p>\n<p>Tanto el Proyecto ATENEA (un peque\u00f1o cubesat -nanosat\u00e9lite- desarrollado previo a esta gesti\u00f3n), como la participaci\u00f3n de una argentina como aspirante a astronauta (algo que no tiene nada que ver con un logro colectivo de Argentina como pa\u00eds y es parte de un proyecto de quien busca r\u00e9dito propio con dinero del Estado Argentino) o la continuidad de la construcci\u00f3n de la Estaci\u00f3n Terrena en la Base Belgrano 2 (todav\u00eda no est\u00e1 claro con qu\u00e9 antenas se equipar\u00e1 la estaci\u00f3n) buscan esconder el brusco achicamiento presupuestario y la baja sostenida del plantel de personal cient\u00edfico-t\u00e9cnico que forma parte del capital incalculable que nuestro pa\u00eds form\u00f3 por d\u00e9cadas.<\/p>\n<p>En ese marco, la representaci\u00f3n de ATE en los distintos sectores que integran el organismo impuls\u00f3 numerosas asambleas que resolvieron dar a conocer a la poblaci\u00f3n la realidad de la CONAE. En C\u00f3rdoba la asamblea tuvo una respuesta masiva: participaron alrededor de 80 compa\u00f1eros y compa\u00f1eras de ambas sedes del organismo. &#8220;Estamos gestionando una reuni\u00f3n con el Gerente a cargo de CONAE&#8221;, dijo el delegado Emiliano Baum, tras las asambleas.<\/p>\n<h5><strong>Recorte presupuestario sin fin<\/strong><\/h5>\n<p>Un informe realizado por ATE-CONAE estableci\u00f3 detalladamente que desde el inicio de su gesti\u00f3n, el Gobierno Nacional no ejecut\u00f3 las compras necesarias para reponer el parque tecnol\u00f3gico del organismo. Su presupuesto cae en picada, al igual que en el resto de los organismos de Ciencia y T\u00e9cnica. La mayor\u00eda de los proyectos, que dar\u00edan continuidad a los desarrollos tecnol\u00f3gicos llevados adelante durante los \u00faltimos 30 a\u00f1os, est\u00e1n pr\u00e1cticamente paralizados, sin asignaci\u00f3n de fondos, con excepci\u00f3n del Proyecto SABIA-Mar que se encuentra en su etapa final y la Base Belgrano 2 en la Ant\u00e1rtida. El proyecto Tronador, emblema de la CONAE que permitir\u00eda al pa\u00eds completar todas las etapas del ciclo espacial (lanzadores &#8211; sat\u00e9lites &#8211; informaci\u00f3n) fue desactivado definitivamente, luego de haber resistido los intentos de desfinanciamiento de la gesti\u00f3n de Macri.<\/p>\n<p>En el siguiente gr\u00e1fico se muestra la disminuci\u00f3n de la ejecuci\u00f3n presupuestaria en varios organismos del complejo de CyT desde el 2023 (a\u00f1o de asunci\u00f3n de LLA) hasta la fecha. Todos los organismos dispusieron, a\u00f1o a a\u00f1o, de un porcentaje menor del presupuesto asignado.<\/p>\n<p><img loading=\"lazy\" decoding=\"async\" class=\"aligncenter wp-image-52776 \" src=\"https:\/\/atecordoba.org\/wp-content\/uploads\/2026\/03\/Captura-de-pantalla-2026-03-06-124602.png\" alt=\"\" width=\"671\" height=\"289\" srcset=\"https:\/\/atecordoba.org\/wp-content\/uploads\/2026\/03\/Captura-de-pantalla-2026-03-06-124602.png 925w, https:\/\/atecordoba.org\/wp-content\/uploads\/2026\/03\/Captura-de-pantalla-2026-03-06-124602-300x129.png 300w, https:\/\/atecordoba.org\/wp-content\/uploads\/2026\/03\/Captura-de-pantalla-2026-03-06-124602-768x330.png 768w, https:\/\/atecordoba.org\/wp-content\/uploads\/2026\/03\/Captura-de-pantalla-2026-03-06-124602-750x323.png 750w\" sizes=\"auto, (max-width: 671px) 100vw, 671px\" \/><\/p>\n<p>El presupuesto de CONAE para el a\u00f1o 2026 es de 42.014,33 millones de pesos, mientras que el del 2025 fue de 51.778,14 millones de pesos, es decir que en t\u00e9rminos reales el presupuesto del 2026 es inferior al de 2025 en alrededor de un 20 %, lo cual en un contexto inflacionario con una tasa de 31,5% es cuanto menos una burla. Se agrega adem\u00e1s que\u00a0 en 2025 \u00a0el gobierno autoriz\u00f3 un gasto adicional de 20.000 millones para poder cumplir con los compromisos asumidos con lo cual finalmente se gastaron aproximadamente 70.000 millones. Esto deja en evidencia que lo presupuestado para este a\u00f1o es absolutamente insuficiente para sostener la actividad de este organismo, por lo tanto se sigue achicando.<\/p>\n<p>Este dato por si solo demuele el show medi\u00e1tico montado por el gobierno de Milei y su s\u00e9quito oscurantista, dejando en evidencia el derrumbe de d\u00e9cadas de inversi\u00f3n y desarrollo que pusieron a la Argentina en el selecto grupo de pa\u00edses con capacidades\u00a0 en el sector espacial.<\/p>\n<h5>El vaciamiento por desgaste es la estrategia libertaria<\/h5>\n<p>Tal como viene sucediendo desde el 2023 la reducci\u00f3n de la planta es una constante.<\/p>\n<p>Pero a contramano de la reducci\u00f3n del Estado que vociferan a diestra y siniestra, durante los \u00faltimos meses del 2025 el gobierno efectu\u00f3 la contrataci\u00f3n de personal para ocupar puestos jer\u00e1rquicos clave en el organismo. En el gr\u00e1fico se observa, en el mes de noviembre de 2025, el repunte de la dotaci\u00f3n como resultado de estos ingresos de funcionarios que responden directamente a los intereses de este gobierno y sin trayectoria en el \u00e1mbito espacial (ver datos marcados como estrellas en el gr\u00e1fico).<\/p>\n<p><img loading=\"lazy\" decoding=\"async\" class=\"aligncenter wp-image-52777 \" src=\"https:\/\/atecordoba.org\/wp-content\/uploads\/2026\/03\/plantel-evolucion.png\" alt=\"\" width=\"633\" height=\"383\" srcset=\"https:\/\/atecordoba.org\/wp-content\/uploads\/2026\/03\/plantel-evolucion.png 888w, https:\/\/atecordoba.org\/wp-content\/uploads\/2026\/03\/plantel-evolucion-300x182.png 300w, https:\/\/atecordoba.org\/wp-content\/uploads\/2026\/03\/plantel-evolucion-768x465.png 768w, https:\/\/atecordoba.org\/wp-content\/uploads\/2026\/03\/plantel-evolucion-750x454.png 750w\" sizes=\"auto, (max-width: 633px) 100vw, 633px\" \/><\/p>\n<p>Sin embargo, entre diciembre y enero \u00faltimos al menos tres personas de perfil t\u00e9cnico dejaron el organismo, por lo que la dotaci\u00f3n de personal sigue disminuyendo.<\/p>\n<p>Es importante mencionar que ya exist\u00eda un proceso de salida de personal por la falta de competitividad de los sueldos en relaci\u00f3n al sector privado. Desde ATE CONAE establecimos di\u00e1logos y negociaciones con el Ministro de Ciencia y Tecnolog\u00eda de la anterior gesti\u00f3n encabezada por Daniel Filmus, para revertir esta situaci\u00f3n y buscar alternativas para retener al personal con experiencia en la actividad espacial. Pero la llegada de la actual administraci\u00f3n dio por tierra estos intentos. No solo no se implementaron pol\u00edticas para retener y recuperar las capacidades del organismo, sino que en marzo de 2024\u00a0 se dieron de baja\u00a0 10 contratos (despidos encubiertos ya que eran compa\u00f1eras y compa\u00f1eros que ejerc\u00edan funciones de planta permanente, alguno de ellos con m\u00e1s de 10 a\u00f1os de antig\u00fcedad).<\/p>\n<p>Es de destacar que pr\u00e1cticamente todas las bajas de trabajadoras y trabajadores que se dieron en la CONAE corresponden a personal t\u00e9cnico-cient\u00edfico. Esto representa una p\u00e9rdida de capacidades inmensa, que sumado a la disminuci\u00f3n del presupuesto, pone en jaque al organismo, comprometiendo seriamente sus funciones centrales. Adem\u00e1s genera una enorme carga de trabajo para el personal que decide a\u00fan quedarse a resistir y sostener la operaci\u00f3n de la infraestructura y los proyectos, a costa de su propia salud y calidad de vida.<\/p>\n<h5>Un camino lun\u00e1tico que nos lleva al subdesarrollo<\/h5>\n<p>El lema del gobierno en relaci\u00f3n al proyecto de cubesat Atenea como parte de la misi\u00f3n Artemis de la NASA, es: Argentina va a la Luna.<\/p>\n<p>Quienes trabajamos en la CONAE sabemos que la realidad es muy distinta y ahora todo aquel que lea estas l\u00edneas lo puede imaginar:<\/p>\n<p>* Recorte presupuestario<\/p>\n<p>* Fuga de cerebros<\/p>\n<p>* Obsolescencia de la infraestructura<\/p>\n<p>* P\u00e9rdida de conocimiento acumulado<\/p>\n<p>Este c\u00f3ctel que se da en la CONAE tambi\u00e9n se est\u00e1 dando en otros organismos del sector, en un mundo donde el conocimiento es cada vez m\u00e1s importante como motor del desarrollo econ\u00f3mico y social. Delegar esta \u00e1rea al sector privado (en nadie, porque m\u00e1s que algunas startup amigas del gobierno haciendo circo no se ve ning\u00fan actor ocupando este lugar) y destruir los organismos que salvaguardan estos conocimientos es garant\u00eda de subdesarrollo.<\/p>\n<p>El conocimiento y el desarrollo cient\u00edfico, tecnol\u00f3gico y econ\u00f3mico por s\u00ed solos no garantizan una sociedad m\u00e1s justa. Sin embargo, sin estas capacidades es muy dif\u00edcil generar la riqueza y los bienes necesarios para asegurar los derechos b\u00e1sicos de las personas y construir una sociedad que valore la justicia social.<\/p>\n<p>Con bastante claridad las pol\u00edticas de este gobierno tratan de cumplir el viejo mandato de algunas oligarqu\u00edas e intereses transnacionales que pretenden ubicar definitivamente a la Argentina en el lugar de pa\u00eds subdesarrollado y primarizado. Hoy el ejemplo a seguir parece ser el del pa\u00eds hermano del Per\u00fa, donde grandes mayor\u00edas viven en situaciones que consideramos ruinosas, donde la movilidad ascendente nunca existi\u00f3 y donde el lugar social donde se nace es en el que se muere.<\/p>\n","protected":false},"excerpt":{"rendered":"<p>Por detr\u00e1s de la propaganda comunicacional que muestra como los grandes logros de la Comisi\u00f3n Nacional de Actividades Espaciales (CONAE), la realidad de la Agencia Espacial argentina dista mucho de brillar como el gobierno pretende mostrar. Tanto el Proyecto ATENEA (un peque\u00f1o cubesat -nanosat\u00e9lite- desarrollado previo a esta gesti\u00f3n), como la participaci\u00f3n de una argentina [&hellip;]<\/p>\n","protected":false},"author":7,"featured_media":52777,"comment_status":"open","ping_status":"open","sticky":false,"template":"","format":"standard","meta":{"_exactmetrics_skip_tracking":false,"_exactmetrics_sitenote_active":false,"_exactmetrics_sitenote_note":"","_exactmetrics_sitenote_category":0,"jnews-multi-image_gallery":[],"jnews_single_post":{"format":"standard","override":[{"template":"1","parallax":"1","fullscreen":"1","layout":"no-sidebar-narrow","sidebar":"default-sidebar","second_sidebar":"default-sidebar","sticky_sidebar":"1","share_position":"bottom","share_float_style":"share-monocrhome","show_share_counter":"1","show_view_counter":"1","show_post_meta":"1","show_post_author_image":"1","show_post_date":"1","post_date_format":"default","post_date_format_custom":"Y\/m\/d","show_post_category":"1","show_post_reading_time":"0","post_reading_time_wpm":"300","post_calculate_word_method":"str_word_count","show_zoom_button":"0","zoom_button_out_step":"2","zoom_button_in_step":"3","show_post_tag":"1","number_popup_post":"1","show_post_related":"1","show_inline_post_related":"0"}],"image_override":[{"single_post_thumbnail_size":"crop-500","single_post_gallery_size":"crop-500"}],"trending_post_position":"meta","trending_post_label":"Trending","sponsored_post_label":"Sponsored by","disable_ad":"0"},"jnews_primary_category":[],"jnews_social_meta":[],"jnews_review":[],"enable_review":"","type":"percentage","name":"","summary":"","brand":"","sku":"","good":[],"bad":[],"score_override":"","override_value":"","rating":[],"price":[],"jnews_override_counter":{"view_counter_number":"0","share_counter_number":"0","like_counter_number":"0","dislike_counter_number":"0"},"jnews_post_split":{"post_split":[{"template":"1","tag":"h2","numbering":"asc","mode":"normal","first":"0","enable_toc":"0","toc_type":"normal"}]},"footnotes":""},"categories":[18],"tags":[],"class_list":["post-52775","post","type-post","status-publish","format-standard","has-post-thumbnail","hentry","category-nacionales"],"jetpack_featured_media_url":"https:\/\/atecordoba.org\/wp-content\/uploads\/2026\/03\/plantel-evolucion.png","_links":{"self":[{"href":"https:\/\/atecordoba.org\/index.php?rest_route=\/wp\/v2\/posts\/52775","targetHints":{"allow":["GET"]}}],"collection":[{"href":"https:\/\/atecordoba.org\/index.php?rest_route=\/wp\/v2\/posts"}],"about":[{"href":"https:\/\/atecordoba.org\/index.php?rest_route=\/wp\/v2\/types\/post"}],"author":[{"embeddable":true,"href":"https:\/\/atecordoba.org\/index.php?rest_route=\/wp\/v2\/users\/7"}],"replies":[{"embeddable":true,"href":"https:\/\/atecordoba.org\/index.php?rest_route=%2Fwp%2Fv2%2Fcomments&post=52775"}],"version-history":[{"count":2,"href":"https:\/\/atecordoba.org\/index.php?rest_route=\/wp\/v2\/posts\/52775\/revisions"}],"predecessor-version":[{"id":52780,"href":"https:\/\/atecordoba.org\/index.php?rest_route=\/wp\/v2\/posts\/52775\/revisions\/52780"}],"wp:featuredmedia":[{"embeddable":true,"href":"https:\/\/atecordoba.org\/index.php?rest_route=\/wp\/v2\/media\/52777"}],"wp:attachment":[{"href":"https:\/\/atecordoba.org\/index.php?rest_route=%2Fwp%2Fv2%2Fmedia&parent=52775"}],"wp:term":[{"taxonomy":"category","embeddable":true,"href":"https:\/\/atecordoba.org\/index.php?rest_route=%2Fwp%2Fv2%2Fcategories&post=52775"},{"taxonomy":"post_tag","embeddable":true,"href":"https:\/\/atecordoba.org\/index.php?rest_route=%2Fwp%2Fv2%2Ftags&post=52775"}],"curies":[{"name":"wp","href":"https:\/\/api.w.org\/{rel}","templated":true}]}}