{"id":52765,"date":"2026-03-06T10:38:10","date_gmt":"2026-03-06T13:38:10","guid":{"rendered":"https:\/\/atecordoba.org\/?p=52765"},"modified":"2026-03-06T10:38:10","modified_gmt":"2026-03-06T13:38:10","slug":"frente-al-ajuste-unidad-y-organizacion-giuliani-se-reunio-con-felici-nuevo-secretario-general-del-sindicato-de-petroquimicos-de-rio-tercero","status":"publish","type":"post","link":"https:\/\/atecordoba.org\/?p=52765","title":{"rendered":"Frente al ajuste, unidad y organizaci\u00f3n: Giuliani se reuni\u00f3 con Felici, nuevo secretario General del sindicato de petroqu\u00edmicos de R\u00edo Tercero"},"content":{"rendered":"<p><img loading=\"lazy\" decoding=\"async\" class=\"aligncenter wp-image-52766 \" src=\"https:\/\/atecordoba.org\/wp-content\/uploads\/2026\/03\/fede-y-felici-802x1024.jpg\" alt=\"\" width=\"624\" height=\"797\" srcset=\"https:\/\/atecordoba.org\/wp-content\/uploads\/2026\/03\/fede-y-felici-802x1024.jpg 802w, https:\/\/atecordoba.org\/wp-content\/uploads\/2026\/03\/fede-y-felici-235x300.jpg 235w, https:\/\/atecordoba.org\/wp-content\/uploads\/2026\/03\/fede-y-felici-768x981.jpg 768w, https:\/\/atecordoba.org\/wp-content\/uploads\/2026\/03\/fede-y-felici-750x958.jpg 750w, https:\/\/atecordoba.org\/wp-content\/uploads\/2026\/03\/fede-y-felici-1140x1456.jpg 1140w, https:\/\/atecordoba.org\/wp-content\/uploads\/2026\/03\/fede-y-felici.jpg 1148w\" sizes=\"auto, (max-width: 624px) 100vw, 624px\" \/>Con el objetivo de fortalecer un proceso de unidad gremial en la provincia de C\u00f3rdoba, y en consonancia con lo que se est\u00e1 llevando adelante a nivel nacional con el Frente de Sindicatos Unidos (FreSU), el Secretario General de ATE y la CTA Aut\u00f3noma C\u00f3rdoba, Federico Giuliani, se reuni\u00f3 ayer con el flamante Secretario General del Sindicato del Personal de Industrias Qu\u00edmicas y Petroqu\u00edmicas (SPIQyP) de R\u00edo Tercero, Lucas Felici.<\/p>\n<p>Durante el encuentro, del que particip\u00f3 la Secretaria Adjunta de la CTA-A C\u00f3rdoba y otros dirigentes de ATE y la Central, analizaron la coyuntura y el avance de la Reforma Laboral que pulveriza las conquistas hist\u00f3ricas de la clase trabajadora argentina eliminando de un plumazo el derecho protectorio de los hombres y mujeres que trabajan.<\/p>\n<p>Se\u00f1alaron que frente a la adversidad y las penurias de nuestro pueblo y en un escenario cada vez m\u00e1s complejo para el movimiento obrero, la unidad se vuelve indispensable para enfrentar la restauraci\u00f3n olig\u00e1rquica y el revanchismo patronal. Unidad, organizaci\u00f3n y poder popular son las consignas de esta hora.<\/p>\n<p>Ambos dirigentes coincidieron en la necesidad de fortalecer la unidad sindical, impulsar un Plan de Lucha amplio y empezar a construir las bases para un Paro Provincial y un Paro Nacional. \u201cA la ofensiva del Gobierno se le responde en la calle y unidos. \u200bAnte el ajuste, la respuesta es m\u00e1s organizaci\u00f3n y m\u00e1s unidad\u201d, resumi\u00f3 Giuliani.<\/p>\n<p>Y sentenci\u00f3: \u201cFrente al avance de las pol\u00edticas de ajuste y represi\u00f3n, nace la necesidad de reconstruir un movimiento obrero que est\u00e9 al lado de los trabajadores y las trabajadoras y represente, sin especulaciones ni sectarismos, los intereses de la clase\u201d.<\/p>\n","protected":false},"excerpt":{"rendered":"<p>Con el objetivo de fortalecer un proceso de unidad gremial en la provincia de C\u00f3rdoba, y en consonancia con lo que se est\u00e1 llevando adelante a nivel nacional con el Frente de Sindicatos Unidos (FreSU), el Secretario General de ATE y la CTA Aut\u00f3noma C\u00f3rdoba, Federico Giuliani, se reuni\u00f3 ayer con el flamante Secretario General [&hellip;]<\/p>\n","protected":false},"author":7,"featured_media":52767,"comment_status":"open","ping_status":"open","sticky":false,"template":"","format":"standard","meta":{"_exactmetrics_skip_tracking":false,"_exactmetrics_sitenote_active":false,"_exactmetrics_sitenote_note":"","_exactmetrics_sitenote_category":0,"jnews-multi-image_gallery":[],"jnews_single_post":[],"jnews_primary_category":[],"jnews_social_meta":[],"jnews_review":[],"enable_review":"","type":"","name":"","summary":"","brand":"","sku":"","good":[],"bad":[],"score_override":"","override_value":"","rating":[],"price":[],"jnews_override_counter":[],"jnews_post_split":[],"footnotes":""},"categories":[10],"tags":[],"class_list":["post-52765","post","type-post","status-publish","format-standard","has-post-thumbnail","hentry","category-accion-politica"],"jetpack_featured_media_url":"https:\/\/atecordoba.org\/wp-content\/uploads\/2026\/03\/fede-y-felici2.jpg","_links":{"self":[{"href":"https:\/\/atecordoba.org\/index.php?rest_route=\/wp\/v2\/posts\/52765","targetHints":{"allow":["GET"]}}],"collection":[{"href":"https:\/\/atecordoba.org\/index.php?rest_route=\/wp\/v2\/posts"}],"about":[{"href":"https:\/\/atecordoba.org\/index.php?rest_route=\/wp\/v2\/types\/post"}],"author":[{"embeddable":true,"href":"https:\/\/atecordoba.org\/index.php?rest_route=\/wp\/v2\/users\/7"}],"replies":[{"embeddable":true,"href":"https:\/\/atecordoba.org\/index.php?rest_route=%2Fwp%2Fv2%2Fcomments&post=52765"}],"version-history":[{"count":1,"href":"https:\/\/atecordoba.org\/index.php?rest_route=\/wp\/v2\/posts\/52765\/revisions"}],"predecessor-version":[{"id":52768,"href":"https:\/\/atecordoba.org\/index.php?rest_route=\/wp\/v2\/posts\/52765\/revisions\/52768"}],"wp:featuredmedia":[{"embeddable":true,"href":"https:\/\/atecordoba.org\/index.php?rest_route=\/wp\/v2\/media\/52767"}],"wp:attachment":[{"href":"https:\/\/atecordoba.org\/index.php?rest_route=%2Fwp%2Fv2%2Fmedia&parent=52765"}],"wp:term":[{"taxonomy":"category","embeddable":true,"href":"https:\/\/atecordoba.org\/index.php?rest_route=%2Fwp%2Fv2%2Fcategories&post=52765"},{"taxonomy":"post_tag","embeddable":true,"href":"https:\/\/atecordoba.org\/index.php?rest_route=%2Fwp%2Fv2%2Ftags&post=52765"}],"curies":[{"name":"wp","href":"https:\/\/api.w.org\/{rel}","templated":true}]}}