{"id":52760,"date":"2026-03-06T10:23:34","date_gmt":"2026-03-06T13:23:34","guid":{"rendered":"https:\/\/atecordoba.org\/?p=52760"},"modified":"2026-03-06T10:23:34","modified_gmt":"2026-03-06T13:23:34","slug":"encuentro-de-feminismo-popular-latinoamericano-en-formato-virtual","status":"publish","type":"post","link":"https:\/\/atecordoba.org\/?p=52760","title":{"rendered":"Encuentro de feminismo popular latinoamericano en formato virtual"},"content":{"rendered":"<p><img loading=\"lazy\" decoding=\"async\" class=\"aligncenter wp-image-52761 size-full\" src=\"https:\/\/atecordoba.org\/wp-content\/uploads\/2026\/03\/flyer-encuentro-feominista-lat.jpg\" alt=\"\" width=\"734\" height=\"595\" srcset=\"https:\/\/atecordoba.org\/wp-content\/uploads\/2026\/03\/flyer-encuentro-feominista-lat.jpg 734w, https:\/\/atecordoba.org\/wp-content\/uploads\/2026\/03\/flyer-encuentro-feominista-lat-300x243.jpg 300w\" sizes=\"auto, (max-width: 734px) 100vw, 734px\" \/>Este s\u00e1bado 7 de marzo, bajo el lema \u201cFrente a los proyectos coloniales, neoliberales y extractivistas\u201d con la organizaci\u00f3n de Abya Yala Soberana, tendr\u00e1 lugar una reuni\u00f3n virtual del feminismo de clase con la participaci\u00f3n de un panel de compa\u00f1eras militantes populares del Continente.<\/p>\n<p><strong>Horarios:<\/strong><\/p>\n<p><strong>15 horas:<\/strong>\u00a0Centroam\u00e9rica y M\u00e9xico.<\/p>\n<p><strong>16 horas:<\/strong>\u00a0Colombia\/Ecuador.<\/p>\n<p><strong>17 horas:<\/strong>\u00a0Argentina\/Brasil.<\/p>\n<p><strong>Participan:<\/strong><\/p>\n<p><strong>Julia Giuliani:<\/strong>\u00a0Secretaria de Prensa de ATE y Secretaria de Relaciones Institucionales de la CTA Aut\u00f3noma C\u00f3rdoba.<\/p>\n<p><strong>Sandra Xinico Batz:<\/strong>\u00a0Investigadora independiente con estudios en Antropolog\u00eda. Integrante de CODECA, Guatemala.<\/p>\n<p><strong>Albertina L\u00f3pez:<\/strong>\u00a0Campamento Pajuiles en defensa del r\u00edo Pajuiles. Movimiento Amplio, Honduras.<\/p>\n<p><strong>Lina:<\/strong>\u00a0Delegada del Movimiento de Mujeres del Kurdist\u00e1n para Abya Yala.<\/p>\n<p><strong>Sonia Vi\u00f1erta:<\/strong>\u00a0Integrante de la Uni\u00f3n Nacional para la Defensa de la Clase Trabajadora (UNT), El Salvador.<\/p>\n","protected":false},"excerpt":{"rendered":"<p>Este s\u00e1bado 7 de marzo, bajo el lema \u201cFrente a los proyectos coloniales, neoliberales y extractivistas\u201d con la organizaci\u00f3n de Abya Yala Soberana, tendr\u00e1 lugar una reuni\u00f3n virtual del feminismo de clase con la participaci\u00f3n de un panel de compa\u00f1eras militantes populares del Continente. Horarios: 15 horas:\u00a0Centroam\u00e9rica y M\u00e9xico. 16 horas:\u00a0Colombia\/Ecuador. 17 horas:\u00a0Argentina\/Brasil. Participan: Julia [&hellip;]<\/p>\n","protected":false},"author":7,"featured_media":52762,"comment_status":"open","ping_status":"open","sticky":false,"template":"","format":"standard","meta":{"_exactmetrics_skip_tracking":false,"_exactmetrics_sitenote_active":false,"_exactmetrics_sitenote_note":"","_exactmetrics_sitenote_category":0,"jnews-multi-image_gallery":[],"jnews_single_post":[],"jnews_primary_category":[],"jnews_social_meta":[],"jnews_review":[],"enable_review":"","type":"","name":"","summary":"","brand":"","sku":"","good":[],"bad":[],"score_override":"","override_value":"","rating":[],"price":[],"jnews_override_counter":[],"jnews_post_split":[],"footnotes":""},"categories":[10],"tags":[],"class_list":["post-52760","post","type-post","status-publish","format-standard","has-post-thumbnail","hentry","category-accion-politica"],"jetpack_featured_media_url":"https:\/\/atecordoba.org\/wp-content\/uploads\/2026\/03\/Abya-Yala-bandera.jpg","_links":{"self":[{"href":"https:\/\/atecordoba.org\/index.php?rest_route=\/wp\/v2\/posts\/52760","targetHints":{"allow":["GET"]}}],"collection":[{"href":"https:\/\/atecordoba.org\/index.php?rest_route=\/wp\/v2\/posts"}],"about":[{"href":"https:\/\/atecordoba.org\/index.php?rest_route=\/wp\/v2\/types\/post"}],"author":[{"embeddable":true,"href":"https:\/\/atecordoba.org\/index.php?rest_route=\/wp\/v2\/users\/7"}],"replies":[{"embeddable":true,"href":"https:\/\/atecordoba.org\/index.php?rest_route=%2Fwp%2Fv2%2Fcomments&post=52760"}],"version-history":[{"count":1,"href":"https:\/\/atecordoba.org\/index.php?rest_route=\/wp\/v2\/posts\/52760\/revisions"}],"predecessor-version":[{"id":52763,"href":"https:\/\/atecordoba.org\/index.php?rest_route=\/wp\/v2\/posts\/52760\/revisions\/52763"}],"wp:featuredmedia":[{"embeddable":true,"href":"https:\/\/atecordoba.org\/index.php?rest_route=\/wp\/v2\/media\/52762"}],"wp:attachment":[{"href":"https:\/\/atecordoba.org\/index.php?rest_route=%2Fwp%2Fv2%2Fmedia&parent=52760"}],"wp:term":[{"taxonomy":"category","embeddable":true,"href":"https:\/\/atecordoba.org\/index.php?rest_route=%2Fwp%2Fv2%2Fcategories&post=52760"},{"taxonomy":"post_tag","embeddable":true,"href":"https:\/\/atecordoba.org\/index.php?rest_route=%2Fwp%2Fv2%2Ftags&post=52760"}],"curies":[{"name":"wp","href":"https:\/\/api.w.org\/{rel}","templated":true}]}}