{"id":52750,"date":"2026-03-05T10:07:41","date_gmt":"2026-03-05T13:07:41","guid":{"rendered":"https:\/\/atecordoba.org\/?p=52750"},"modified":"2026-03-05T10:08:01","modified_gmt":"2026-03-05T13:08:01","slug":"vaciamiento-del-estado-ya-son-mas-de-62-mil-los-empleos-publicos-perdidos-en-la-gestion-de-milei","status":"publish","type":"post","link":"https:\/\/atecordoba.org\/?p=52750","title":{"rendered":"Vaciamiento del Estado: ya son m\u00e1s de 62 mil los empleos p\u00fablicos perdidos en la gesti\u00f3n de Milei"},"content":{"rendered":"<article class=\"article-body first\">\n<div class=\"article-content selectionShareable\">\n<div class=\"cuerpo\" data-twitter-link=\"\">\n<p><img loading=\"lazy\" decoding=\"async\" class=\"aligncenter wp-image-52751 \" src=\"https:\/\/atecordoba.org\/wp-content\/uploads\/2026\/03\/milei-congreso2026.webp\" alt=\"\" width=\"607\" height=\"408\" srcset=\"https:\/\/atecordoba.org\/wp-content\/uploads\/2026\/03\/milei-congreso2026.webp 1004w, https:\/\/atecordoba.org\/wp-content\/uploads\/2026\/03\/milei-congreso2026-300x202.webp 300w, https:\/\/atecordoba.org\/wp-content\/uploads\/2026\/03\/milei-congreso2026-768x516.webp 768w, https:\/\/atecordoba.org\/wp-content\/uploads\/2026\/03\/milei-congreso2026-750x504.webp 750w\" sizes=\"auto, (max-width: 607px) 100vw, 607px\" \/>La dotaci\u00f3n de personal de la Administraci\u00f3n P\u00fablica Nacional (APN), empresas y sociedades sigue con la p\u00e9rdida de sus puestos bajo la administraci\u00f3n de Javier Milei. Desde que asumi\u00f3 la presidencia, son m\u00e1s de 62.000 los empleos p\u00fablicos que se perdieron.<\/p>\n<\/div>\n<\/div>\n<\/article>\n<article class=\"article-body\">\n<div class=\"article-content selectionShareable\">\n<div class=\"cuerpo\" data-twitter-link=\"\">\n<p>La APN inici\u00f3 el a\u00f1o con 278.705 personas, 1.415 menos con respecto a diciembre (-0,5%) y 21.258 respecto a enero del 2025 (-7,1%).<\/p>\n<p>Los datos corresponden al informe que difundi\u00f3 el Instituto Nacional de Estad\u00edsticas y Censos (INDEC) el \u00faltimo viernes, en donde se evidencia que el sector p\u00fablico fue v\u00edctima de la \u201cmotosierra\u201d libertaria.<\/p>\n<p>-Administraci\u00f3n centralizada: el \u00fanico sector que subi\u00f3 durante enero; pas\u00f3 de 38.940 a 39.686 empleados, 1,9% m\u00e1s.<\/p>\n<p>-Administraci\u00f3n descentralizada: se redujo 1,3% y pas\u00f3 de 116.222 a 114.725 empleados.<\/p>\n<p>-Administraci\u00f3n desconcentrada: cerr\u00f3 enero con 21.318 empleados, 1,9% menos que en diciembre. Perdi\u00f3 415 puestos de trabajo.<\/p>\n<p>-Otros entes: pas\u00f3 de 14.041 a 13.980, lo que implic\u00f3 una reducci\u00f3n de 0,4%.<\/p>\n<p>En cuanto a empresas y sociedades del Estado, perdi\u00f3 188 empleados durante enero, reduciendo su capacidad un 0,2% y quedando con 88.996 empleados.<\/p>\n<p>Es decir, entre 2024 y 2025 se perdieron 60.423 puestos de trabajo en la APN.<\/p>\n<p>En enero del 2024, 333.784 puestos se contabilizaban en el sector p\u00fablico. Con el \u00faltimo dato difundido por el INDEC, la APN cay\u00f3 un 16,5%.<\/p>\n<\/div>\n<\/div>\n<\/article>\n","protected":false},"excerpt":{"rendered":"<p>La dotaci\u00f3n de personal de la Administraci\u00f3n P\u00fablica Nacional (APN), empresas y sociedades sigue con la p\u00e9rdida de sus puestos bajo la administraci\u00f3n de Javier Milei. Desde que asumi\u00f3 la presidencia, son m\u00e1s de 62.000 los empleos p\u00fablicos que se perdieron. La APN inici\u00f3 el a\u00f1o con 278.705 personas, 1.415 menos con respecto a diciembre [&hellip;]<\/p>\n","protected":false},"author":7,"featured_media":52751,"comment_status":"open","ping_status":"open","sticky":false,"template":"","format":"standard","meta":{"_exactmetrics_skip_tracking":false,"_exactmetrics_sitenote_active":false,"_exactmetrics_sitenote_note":"","_exactmetrics_sitenote_category":0,"jnews-multi-image_gallery":[],"jnews_single_post":{"format":"standard","override":[{"template":"1","parallax":"1","fullscreen":"1","layout":"no-sidebar-narrow","sidebar":"default-sidebar","second_sidebar":"default-sidebar","sticky_sidebar":"1","share_position":"bottom","share_float_style":"share-monocrhome","show_share_counter":"1","show_view_counter":"1","show_post_meta":"1","show_post_author_image":"1","show_post_date":"1","post_date_format":"default","post_date_format_custom":"Y\/m\/d","show_post_category":"1","show_post_reading_time":"0","post_reading_time_wpm":"300","post_calculate_word_method":"str_word_count","show_zoom_button":"0","zoom_button_out_step":"2","zoom_button_in_step":"3","show_post_tag":"1","number_popup_post":"1","show_post_related":"1","show_inline_post_related":"0"}],"image_override":[{"single_post_thumbnail_size":"crop-500","single_post_gallery_size":"crop-500"}],"trending_post_position":"meta","trending_post_label":"Trending","sponsored_post_label":"Sponsored by","disable_ad":"0"},"jnews_primary_category":[],"jnews_social_meta":[],"jnews_review":[],"enable_review":"","type":"percentage","name":"","summary":"","brand":"","sku":"","good":[],"bad":[],"score_override":"","override_value":"","rating":[],"price":[],"jnews_override_counter":{"view_counter_number":"0","share_counter_number":"0","like_counter_number":"0","dislike_counter_number":"0"},"jnews_post_split":{"post_split":[{"template":"1","tag":"h2","numbering":"asc","mode":"normal","first":"0","enable_toc":"0","toc_type":"normal"}]},"footnotes":""},"categories":[18],"tags":[],"class_list":["post-52750","post","type-post","status-publish","format-standard","has-post-thumbnail","hentry","category-nacionales"],"jetpack_featured_media_url":"https:\/\/atecordoba.org\/wp-content\/uploads\/2026\/03\/milei-congreso2026.webp","_links":{"self":[{"href":"https:\/\/atecordoba.org\/index.php?rest_route=\/wp\/v2\/posts\/52750","targetHints":{"allow":["GET"]}}],"collection":[{"href":"https:\/\/atecordoba.org\/index.php?rest_route=\/wp\/v2\/posts"}],"about":[{"href":"https:\/\/atecordoba.org\/index.php?rest_route=\/wp\/v2\/types\/post"}],"author":[{"embeddable":true,"href":"https:\/\/atecordoba.org\/index.php?rest_route=\/wp\/v2\/users\/7"}],"replies":[{"embeddable":true,"href":"https:\/\/atecordoba.org\/index.php?rest_route=%2Fwp%2Fv2%2Fcomments&post=52750"}],"version-history":[{"count":1,"href":"https:\/\/atecordoba.org\/index.php?rest_route=\/wp\/v2\/posts\/52750\/revisions"}],"predecessor-version":[{"id":52752,"href":"https:\/\/atecordoba.org\/index.php?rest_route=\/wp\/v2\/posts\/52750\/revisions\/52752"}],"wp:featuredmedia":[{"embeddable":true,"href":"https:\/\/atecordoba.org\/index.php?rest_route=\/wp\/v2\/media\/52751"}],"wp:attachment":[{"href":"https:\/\/atecordoba.org\/index.php?rest_route=%2Fwp%2Fv2%2Fmedia&parent=52750"}],"wp:term":[{"taxonomy":"category","embeddable":true,"href":"https:\/\/atecordoba.org\/index.php?rest_route=%2Fwp%2Fv2%2Fcategories&post=52750"},{"taxonomy":"post_tag","embeddable":true,"href":"https:\/\/atecordoba.org\/index.php?rest_route=%2Fwp%2Fv2%2Ftags&post=52750"}],"curies":[{"name":"wp","href":"https:\/\/api.w.org\/{rel}","templated":true}]}}